{"id":1164468,"date":"2026-09-03T05:59:17","date_gmt":"2026-09-03T05:59:17","guid":{"rendered":"https:\/\/www.europesays.com\/fr\/1164468\/"},"modified":"2026-09-03T05:59:17","modified_gmt":"2026-09-03T05:59:17","slug":"vous-voulez-devenir-policier-reserviste-une-centaine-de-postes-a-pourvoir-en-seine-maritime","status":"publish","type":"post","link":"https:\/\/www.europesays.com\/fr\/1164468\/","title":{"rendered":"Vous voulez devenir policier r\u00e9serviste ? Une centaine de postes \u00e0 pourvoir en Seine-Maritime"},"content":{"rendered":"<p>                    Par<br \/>\n        <strong><br \/>\n            <a href=\"https:\/\/actu.fr\/auteur\/rayane-beyly\" title=\"Consulter tous les articles de Rayane Beyly\" rel=\"nofollow noopener\" target=\"_blank\">Rayane Beyly<\/a><br \/>\n                    <\/strong><\/p>\n<p>        Publi\u00e9 le<\/p>\n<p>            3 sept. 2026 \u00e0 7h00        <\/p>\n<p>D\u2019ici la fin de l\u2019ann\u00e9e 2026, la police nationale souhaite recruter pr\u00e8s de 100 postes de r\u00e9servistes op\u00e9rationnels sur l\u2019ensemble de la <a href=\"https:\/\/actu.fr\/76actu\/\" rel=\"nofollow noopener\" target=\"_blank\">Seine-Maritime<\/a>. Une soixantaine de postes a d\u00e9j\u00e0 \u00e9t\u00e9 pourvue et la campagne se poursuit dans les villes du d\u00e9partement.<\/p>\n<p class=\" wall-content\">Pour rappel, la r\u00e9serve op\u00e9rationnelle de la police nationale compte actuellement 230 membres en Seine-Maritime. Elle accueille tous types de profils, qu\u2019importent leurs cat\u00e9gories socioprofessionnelles\u2009: anciens policiers, employ\u00e9s, ouvriers, cadres, professions lib\u00e9rales et intellectuelles, artisans et m\u00eame des \u00e9tudiants souhaitant, par cet engagement, financer leurs \u00e9tudes par exemple. Tous sont les bienvenus. L\u2019\u00e2ge limite est de 67\u00a0ans et aucune exp\u00e9rience dans le milieu militaire n\u2019est demand\u00e9e.<\/p>\n<p class=\" wall-content\">Une fois la candidature d\u00e9pos\u00e9e, le candidat est re\u00e7u en entretien par une commission de recrutement. Dans le cas o\u00f9 il est ensuite retenu, il devra suivre une formation de 200\u00a0heures, lui permettant, entre autres, d\u2019apprendre \u00ab\u2009les techniques et les gestes d\u2019intervention, le tir et l\u2019emploi de l\u2019arme, les attitudes d\u00e9ontologiques vis-\u00e0-vis de l\u2019institution\u2009\u00bb, \u00e9num\u00e8re Val\u00e9ry Dubois-Delory, charg\u00e9e de communication \u00e0 la DIPN, la Direction interd\u00e9partementale de la police nationale de Seine-Maritime.<\/p>\n<p>Un r\u00f4le de renfort aupr\u00e8s des policiers titulaires<\/p>\n<p class=\" wall-content\">\u00c0 l\u2019issue de cette formation, le r\u00e9serviste est apte \u00e0 renforcer les services op\u00e9rationnels de la police nationale. \u00ab\u2009Il ne sera jamais seul et pourra \u00eatre amen\u00e9 \u00e0 \u00eatre en patrouille, \u00e0 aider les policiers titulaires dans leurs missions, \u00e0 faire de l\u2019accueil au sein d\u2019un commissariat et \u00e0 recevoir des victimes, \u00e0 participer \u00e0 la lutte contre l\u2019immigration clandestine, d\u00e9crit-elle, sans faire de liste exhaustive. On emploie les r\u00e9servistes sur leur temps libre, en fonction de leurs disponibilit\u00e9s, de jour comme de nuit.\u2009\u00bb<\/p>\n<p>Vid\u00e9os : en ce moment sur Actu<\/p>\n<p class=\" wall-content\">La r\u00e9mun\u00e9ration avoisine les 80\u00a0euros bruts de l\u2019heure, selon la r\u00e9gion, et peut \u00e9voluer selon l\u2019\u00e9volution du grade du r\u00e9serviste. Quant au nombre de vacations, il ne peut d\u00e9passer les 90\u00a0jours par an.<\/p>\n<p>Informations et inscriptions sur police-nationale.interieur.gouv.fr<\/p>\n<p class=\" wall-content\">Personnalisez votre actualit\u00e9 en ajoutant vos villes et m\u00e9dias en favori avec <a href=\"https:\/\/moncompte.actu.fr\" title=\"D\u00e9couvez Mon Actu\" rel=\"nofollow noopener\" data-trk=\"{&quot;cta&quot;:{&quot;action&quot;:&quot;https:\\\/\\\/moncompte.actu.fr&quot;,&quot;category&quot;:&quot;mon compte&quot;,&quot;from&quot;:&quot;article footer&quot;,&quot;name&quot;:&quot;Mon actu&quot;,&quot;type&quot;:&quot;cta&quot;}}\" target=\"_blank\">Mon Actu<\/a>.<\/p>\n","protected":false},"excerpt":{"rendered":"Par Rayane Beyly Publi\u00e9 le 3 sept. 2026 \u00e0 7h00 D\u2019ici la fin de l\u2019ann\u00e9e 2026, la police&hellip;\n","protected":false},"author":2,"featured_media":1164469,"comment_status":"","ping_status":"","sticky":false,"template":"","format":"standard","meta":{"footnotes":"","_share_on_mastodon":"0"},"categories":[9587],"tags":[1111,11,341,1777,674,1011,27,12,5161,1072,25,9590,104],"class_list":["post-1164468","post","type-post","status-publish","format-standard","has-post-thumbnail","category-rouen","tag-actu","tag-actualites","tag-emploi","tag-eu","tag-europe","tag-fr","tag-france","tag-news","tag-normandie","tag-police","tag-republique-francaise","tag-rouen","tag-societe"],"share_on_mastodon":{"url":"https:\/\/pubeurope.com\/@fr\/117205582762380846","error":""},"_links":{"self":[{"href":"https:\/\/www.europesays.com\/fr\/wp-json\/wp\/v2\/posts\/1164468","targetHints":{"allow":["GET"]}}],"collection":[{"href":"https:\/\/www.europesays.com\/fr\/wp-json\/wp\/v2\/posts"}],"about":[{"href":"https:\/\/www.europesays.com\/fr\/wp-json\/wp\/v2\/types\/post"}],"author":[{"embeddable":true,"href":"https:\/\/www.europesays.com\/fr\/wp-json\/wp\/v2\/users\/2"}],"replies":[{"embeddable":true,"href":"https:\/\/www.europesays.com\/fr\/wp-json\/wp\/v2\/comments?post=1164468"}],"version-history":[{"count":0,"href":"https:\/\/www.europesays.com\/fr\/wp-json\/wp\/v2\/posts\/1164468\/revisions"}],"wp:featuredmedia":[{"embeddable":true,"href":"https:\/\/www.europesays.com\/fr\/wp-json\/wp\/v2\/media\/1164469"}],"wp:attachment":[{"href":"https:\/\/www.europesays.com\/fr\/wp-json\/wp\/v2\/media?parent=1164468"}],"wp:term":[{"taxonomy":"category","embeddable":true,"href":"https:\/\/www.europesays.com\/fr\/wp-json\/wp\/v2\/categories?post=1164468"},{"taxonomy":"post_tag","embeddable":true,"href":"https:\/\/www.europesays.com\/fr\/wp-json\/wp\/v2\/tags?post=1164468"}],"curies":[{"name":"wp","href":"https:\/\/api.w.org\/{rel}","templated":true}]}}