{"id":1164470,"date":"2026-09-03T06:00:19","date_gmt":"2026-09-03T06:00:19","guid":{"rendered":"https:\/\/www.europesays.com\/fr\/1164470\/"},"modified":"2026-09-03T06:00:19","modified_gmt":"2026-09-03T06:00:19","slug":"programme-tv-foot-emission-abonnes-a-18h-ligue-3-rouen-valenciennes-a-20h45","status":"publish","type":"post","link":"https:\/\/www.europesays.com\/fr\/1164470\/","title":{"rendered":"Programme TV Foot : \u00c9mission abonn\u00e9s \u00e0 18h, Ligue 3 Rouen-Valenciennes \u00e0 20h45"},"content":{"rendered":"<p><img decoding=\"async\" src=\"https:\/\/www.europesays.com\/fr\/wp-content\/uploads\/2025\/07\/671_07aaed426968c8cf4d769c98c7ab1f21.jpg\" alt=\"Programme TV Foot : \u00c9mission abonn\u00e9s \u00e0 18h, Ligue 3 Rouen-Valenciennes \u00e0 20h45\" class=\"img-responsive mt-3\"\/><\/p>\n<p class=\"text-center mb-3\" style=\"font-size: 14px\">\u00a9 Iconsport<\/p>\n<p>      <strong>Voici les matchs et \u00e9missions du mercredi 2 septembre 2026<\/strong><\/p>\n<p style=\"text-align: justify;\">\u00a0<\/p>\n<p style=\"text-align: justify;\">Nous vous donnons rendez-vous ce soir \u00e0 18h dans l&rsquo;\u00e9mission r\u00e9serv\u00e9e aux abonn\u00e9s de WebGirondins. Si vous n&rsquo;\u00eates pas abonn\u00e9s, <a href=\"https:\/\/abonnement.webgirondins.com\/\" target=\"_blank\" rel=\"noopener nofollow\">testez les avantages pour 1\u20ac le premier mois<\/a>, sans engagement.<\/p>\n<p style=\"text-align: justify;\">Le d\u00e9tail du programme TV Foot de cette journ\u00e9e sur les terrains :<\/p>\n<p style=\"text-align: justify;\">\n<p>\u00a0<\/p>\n<p>&#8211; \u00c0 lire :\u00a0<strong><a href=\"https:\/\/www.webgirondins.com\/actualite-girondins-girondins-une-seance-d-entrainement-clairsemee-au-haillan-sans-plusieurs-cadres-134392\" target=\"_blank\" rel=\"noopener nofollow\">Girondins : une s\u00e9ance d\u2019entra\u00eenement clairsem\u00e9e au Haillan, sans plusieurs cadres<\/a><\/strong><\/p>\n<p><strong>\u00a0<\/strong><\/p>\n","protected":false},"excerpt":{"rendered":"\u00a9 Iconsport Voici les matchs et \u00e9missions du mercredi 2 septembre 2026 \u00a0 Nous vous donnons rendez-vous ce&hellip;\n","protected":false},"author":2,"featured_media":287493,"comment_status":"","ping_status":"","sticky":false,"template":"","format":"standard","meta":{"footnotes":"","_share_on_mastodon":"0"},"categories":[9587],"tags":[5265,1111,11,3474,2889,6251,1777,674,2257,1011,27,3022,3388,6774,12,5161,5240,25,9590,395,2222],"class_list":["post-1164470","post","type-post","status-publish","format-standard","has-post-thumbnail","category-rouen","tag-abonnes","tag-actu","tag-actualites","tag-decouvrez","tag-emission","tag-emissions","tag-eu","tag-europe","tag-foot","tag-fr","tag-france","tag-ligue","tag-matchs","tag-mercredi","tag-news","tag-normandie","tag-programme","tag-republique-francaise","tag-rouen","tag-septembre","tag-valenciennes"],"share_on_mastodon":{"url":"https:\/\/pubeurope.com\/@fr\/117205588537520294","error":""},"_links":{"self":[{"href":"https:\/\/www.europesays.com\/fr\/wp-json\/wp\/v2\/posts\/1164470","targetHints":{"allow":["GET"]}}],"collection":[{"href":"https:\/\/www.europesays.com\/fr\/wp-json\/wp\/v2\/posts"}],"about":[{"href":"https:\/\/www.europesays.com\/fr\/wp-json\/wp\/v2\/types\/post"}],"author":[{"embeddable":true,"href":"https:\/\/www.europesays.com\/fr\/wp-json\/wp\/v2\/users\/2"}],"replies":[{"embeddable":true,"href":"https:\/\/www.europesays.com\/fr\/wp-json\/wp\/v2\/comments?post=1164470"}],"version-history":[{"count":0,"href":"https:\/\/www.europesays.com\/fr\/wp-json\/wp\/v2\/posts\/1164470\/revisions"}],"wp:featuredmedia":[{"embeddable":true,"href":"https:\/\/www.europesays.com\/fr\/wp-json\/wp\/v2\/media\/287493"}],"wp:attachment":[{"href":"https:\/\/www.europesays.com\/fr\/wp-json\/wp\/v2\/media?parent=1164470"}],"wp:term":[{"taxonomy":"category","embeddable":true,"href":"https:\/\/www.europesays.com\/fr\/wp-json\/wp\/v2\/categories?post=1164470"},{"taxonomy":"post_tag","embeddable":true,"href":"https:\/\/www.europesays.com\/fr\/wp-json\/wp\/v2\/tags?post=1164470"}],"curies":[{"name":"wp","href":"https:\/\/api.w.org\/{rel}","templated":true}]}}