{"id":1164471,"date":"2026-09-03T06:04:40","date_gmt":"2026-09-03T06:04:40","guid":{"rendered":"https:\/\/www.europesays.com\/fr\/1164471\/"},"modified":"2026-09-03T06:04:40","modified_gmt":"2026-09-03T06:04:40","slug":"grenoble-7-idees-sorties-insolites-ce-week-end-du-4-au-6-septembre-du-mini-golf-carceral-au-saut-a-lelastique-a-103-metres","status":"publish","type":"post","link":"https:\/\/www.europesays.com\/fr\/1164471\/","title":{"rendered":"Grenoble : 7 id\u00e9es sorties insolites ce week-end du 4 au 6 septembre, du mini-golf carc\u00e9ral au saut \u00e0 l&rsquo;\u00e9lastique \u00e0 103 m\u00e8tres"},"content":{"rendered":"<p class=\"intro\">Ce week-end du 4 au 6 septembre 2026, Grenoble et ses environs ne manquent pas d&rsquo;id\u00e9es pour sortir de chez vous, et franchement, vous n&rsquo;avez aucune excuse de rester en pyjama sur votre canap\u00e9. Mini-golf carc\u00e9ral, battle d&rsquo;humoristes, comptines pour adultes d\u00e9complex\u00e9s, chine vintage, tannage de cuir de saumon, cosm\u00e9tiques maison et saut \u00e0 l&rsquo;\u00e9lastique \u00e0 103 m\u00e8tres de haut\u00a0: le programme de la rentr\u00e9e s&rsquo;annonce aussi vari\u00e9 qu&rsquo;improbable, et c&rsquo;est exactement ce qu&rsquo;on aime. Plongez dans notre s\u00e9lection et r\u00e9servez d\u00e8s maintenant pour ne rater aucune de ces exp\u00e9riences qui sortent de l&rsquo;ordinaire.<\/p>\n<p class=\"mise_en_avant\"><strong>Pr\u00e9visions m\u00e9t\u00e9o ce week-end\u00a0:<\/strong> Le soleil est de la partie pour ce d\u00e9but de septembre, avec un ciel bien d\u00e9gag\u00e9 vendredi et des temp\u00e9ratures qui flirtent avec les 32 \u00b0C. Le samedi se couvre l\u00e9g\u00e8rement avec 31 \u00b0C sous un ciel nuageux, et le dimanche s&rsquo;annonce couvert mais toujours aussi chaud avec 32 \u00b0C. Autrement dit, le temps id\u00e9al pour sortir, que ce soit \u00e0 l&rsquo;ext\u00e9rieur ou en int\u00e9rieur.<\/p>\n<p>1\/ Prison Golf Grenoble\u00a0: le mini-golf qui vous met derri\u00e8re les barreaux<\/p>\n<p><a href=\"https:\/\/www.jds.fr\/grenoble\/activite-experience\/jeux\/prison-golf-grenoble-1638680_A\" rel=\"nofollow noopener\" target=\"_blank\">Prison Golf Grenoble<\/a> r\u00e9invente le mini-golf en plongeant les joueurs dans un d\u00e9cor carc\u00e9ral interactif unique en France, install\u00e9 \u00e0 l&rsquo;Alcatraz Adventure de Saint-\u00c9gr\u00e8ve. Rampes, tunnels et virages serr\u00e9s transforment chaque coup en v\u00e9ritable d\u00e9fi strat\u00e9gique, accessible d\u00e8s 7 ans et pens\u00e9 pour \u00eatre jou\u00e9 en \u00e9quipe. Un Billet Superpack permet m\u00eame de combiner l&rsquo;exp\u00e9rience avec Prison Island ou Prison Tag pour une immersion compl\u00e8te dans cet univers d\u00e9cal\u00e9. Id\u00e9al pour un anniversaire, un EVG\/EVJF ou tout simplement pour passer un moment original en famille ou entre amis, cette activit\u00e9 coche toutes les cases de la sortie qui sort de l&rsquo;ordinaire.<\/p>\n<p><strong>Notre conseil\u00a0:<\/strong> Optez pour le Billet Superpack pour encha\u00eener plusieurs exp\u00e9riences lors d&rsquo;une m\u00eame sortie et rentabiliser le d\u00e9placement jusqu&rsquo;\u00e0 Saint-\u00c9gr\u00e8ve, vous ne le regretterez pas.<\/p>\n<p class=\"mise_en_avant\"><strong>Du 02\/09\/2026 au 16\/09\/2026<\/strong><br \/><a href=\"https:\/\/www.jds.fr\/grenoble\/saint-egreve\/lasergame\/alcatraz-adventure-grenoble-28907_L\" rel=\"nofollow noopener\" target=\"_blank\">Alcatraz Adventure Grenoble | Saint-\u00c9gr\u00e8ve<\/a><br \/><a href=\"https:\/\/www.jds.fr\/grenoble\/activite-experience\/jeux\/prison-golf-grenoble-1638680_A\" rel=\"nofollow noopener\" target=\"_blank\">Prison Golf Grenoble\u00a0: toutes les informations<\/a><\/p>\n<p><a class=\"btn btn-lg shadow-lg btn-primary rounded-pill fnac_link\" data-fnac=\"in_article\" href=\"https:\/\/pdt.tradedoubler.com\/click?a(3419081)p(354825)product(103801-529488)ttid(3)url(https%3A%2F%2Ffeverup.com%2Fm%2F529488)\" target=\"_blank\" rel=\"nofollow noopener\"> Acheter des billets<\/a><\/p>\n<p><a data-lightbox=\"article\" data-title=\" DR\" class=\"image detail fullwidth\" href=\"https:\/\/www.jds.fr\/medias\/image\/prison-golf-grenoble-1017265-1200-0-F.webp\" title=\" DR\" rel=\"nofollow noopener\" target=\"_blank\"><br \/>\n<img decoding=\"async\" loading=\"lazy\" src=\"https:\/\/www.europesays.com\/fr\/wp-content\/uploads\/2026\/07\/prison-golf-grenoble-1017265-1200-0.webp\"   alt=\"Prison Golf Grenoble\" class=\"shortcode_image border\"\/><br \/>\n\u00a9 DR<br \/>\n<\/a>\n<\/p>\n<p>2\/ Battle du Rire\u00a0: quand le public devient juge et bourreau<\/p>\n<p>La <a href=\"https:\/\/www.jds.fr\/grenoble\/spectacles\/humour\/battle-du-rire-639877_A\" rel=\"nofollow noopener\" target=\"_blank\">Battle du Rire \u00e0 la Com\u00e9die de Grenoble<\/a> transforme le spectacle d&rsquo;humour classique en v\u00e9ritable joute artistique participative. Le concept est simple et redoutablement efficace\u00a0: des humoristes s&rsquo;affrontent sur sc\u00e8ne, et c&rsquo;est le public qui vote pour son favori. Le vainqueur devra ensuite d\u00e9fendre son titre lors de la battle suivante, cr\u00e9ant une tension dramatique qui renouvelle le genre \u00e0 chaque repr\u00e9sentation. Les billets sont disponibles \u00e0 partir de 12\u00a0\u20ac, ce qui en fait une sortie accessible pour une soir\u00e9e qui promet d&rsquo;\u00eatre tout sauf ordinaire. On s\u00e9lectionne cet \u00e9v\u00e9nement pour son concept interactif et f\u00e9d\u00e9rateur, parfait pour lancer la saison culturelle grenobloise.<\/p>\n<p><strong>Notre conseil\u00a0:<\/strong> Rejoignez la Com\u00e9die de Grenoble en tramway, lignes C ou E jusqu&rsquo;\u00e0 l&rsquo;arr\u00eat\u00a0\u00ab\u00a0Vallier &#8211; Lib\u00e9ration\u00a0\u00bb, et \u00e9vitez-vous les joies du stationnement en centre-ville un dimanche soir.<\/p>\n<p class=\"mise_en_avant\"><strong>Du 06\/09\/2026 au 23\/05\/2027<\/strong><br \/><a href=\"https:\/\/www.jds.fr\/grenoble\/theatres-programmes\/comedie-de-grenoble-16275_L\" rel=\"nofollow noopener\" target=\"_blank\">Com\u00e9die de Grenoble | Grenoble<\/a><br \/><a href=\"https:\/\/www.jds.fr\/grenoble\/spectacles\/humour\/battle-du-rire-639877_A\" rel=\"nofollow noopener\" target=\"_blank\">Battle du Rire\u00a0: toutes les informations<\/a><\/p>\n<p><a class=\"btn btn-lg shadow-lg btn-primary rounded-pill fnac_link\" data-fnac=\"in_article\" href=\"https:\/\/www.awin1.com\/pclick.php?p=44414956352&amp;a=634278&amp;m=12494&amp;clickref=in_article-A-desktop\" target=\"_blank\" rel=\"nofollow noopener\"> Acheter des billets<\/a><\/p>\n<p>3\/ Le sens cach\u00e9 des comptines\u00a0: l&rsquo;enfance, mais en version adulte d\u00e9conseill\u00e9<\/p>\n<p>Vous pensiez conna\u00eetre\u00a0\u00ab\u00a0Une souris verte\u00a0\u00bb ou\u00a0\u00ab\u00a0Au clair de la lune\u00a0\u00bb\u00a0? D\u00e9trompez-vous. <a href=\"https:\/\/www.jds.fr\/grenoble\/spectacles\/humour\/le-sens-cache-des-comptines-un-spectacle-pas-pour-les-enfants-a-grenoble-1494114_A\" rel=\"nofollow noopener\" target=\"_blank\">Le sens cach\u00e9 des comptines, un spectacle PAS pour les enfants<\/a>, se joue \u00e0 La Basse Cour \u00e0 Grenoble les vendredi 4 et samedi 5 septembre 2026. Pendant 1h30, sept chansons parmi les plus connues du r\u00e9pertoire enfantin sont d\u00e9cortiqu\u00e9es pour en r\u00e9v\u00e9ler les doubles sens cach\u00e9s, parfois troublants, parfois franchement os\u00e9s, et dans certains cas carr\u00e9ment sombres, avec des r\u00e9f\u00e9rences \u00e0 la mort, \u00e0 la violence ou au cannibalisme. La soir\u00e9e est d\u00e9conseill\u00e9e aux moins de 13 ans, ce qui est, avouons-le, le signe que \u00e7a va \u00eatre tr\u00e8s bien pour tous les autres. On retient cet \u00e9v\u00e9nement pour son concept original qui promettrait de ruiner votre enfance de la mani\u00e8re la plus jouissive qui soit.<\/p>\n<p><strong>Notre conseil\u00a0:<\/strong> Venez en groupe pour partager les r\u00e9v\u00e9lations en temps r\u00e9el, les r\u00e9actions collectives font partie du spectacle.<\/p>\n<p class=\"mise_en_avant\"><strong>Du 04\/09\/2026 au 05\/09\/2026<\/strong><br \/><a href=\"https:\/\/www.jds.fr\/grenoble\/salle-de-concert-spectacle\/la-basse-cour-20305_L\" rel=\"nofollow noopener\" target=\"_blank\">La Basse Cour | Grenoble<\/a><br \/><a href=\"https:\/\/www.jds.fr\/grenoble\/spectacles\/humour\/le-sens-cache-des-comptines-un-spectacle-pas-pour-les-enfants-a-grenoble-1494114_A\" rel=\"nofollow noopener\" target=\"_blank\">Le sens cach\u00e9 des comptines, un spectacle PAS pour les enfants, \u00e0 Grenoble\u00a0!\u00a0: toutes les informations<\/a><\/p>\n<p><a data-lightbox=\"article\" data-title=\" \u00a9 Gilles Crampes et Armelle Yons pour 57 portraits\" class=\"image detail fullwidth\" href=\"https:\/\/www.jds.fr\/medias\/image\/0.90241100-1761407045-925826-1200-0-F.webp\" title=\" \u00a9 Gilles Crampes et Armelle Yons pour 57 portraits\" rel=\"nofollow noopener\" target=\"_blank\"><br \/>\n<img decoding=\"async\" loading=\"lazy\" src=\"https:\/\/www.europesays.com\/fr\/wp-content\/uploads\/2026\/09\/0.90241100-1761407045-925826-1200-0.webp\"   alt=\"Le sens cach\u00e9 des comptines, un spectacle PAS pour les enfants, \u00e0 Grenoble !\" class=\"shortcode_image border\"\/><br \/>\n\u00a9 Gilles Crampes et Armelle Yons pour 57 portraits<br \/>\n<\/a>\n<\/p>\n<p>4\/ Pop-up vintage Club Janine x Blou Archives x Noires Coutures\u00a0: la rentr\u00e9e en mode seconde main<\/p>\n<p>Pour ce week-end de rentr\u00e9e, le <a href=\"https:\/\/www.jds.fr\/grenoble\/manifestations\/festival\/pop-up-vintage-club-janine-x-blou-archives-x-noires-coutures-1709602_A\" rel=\"nofollow noopener\" target=\"_blank\">pop-up vintage Club Janine x Blou Archives x Noires Coutures<\/a> r\u00e9unit plus de 500 pi\u00e8ces de seconde main au Club Janine, dans le quartier Championnet \u00e0 Grenoble. V\u00eatements et accessoires vintage, vaisselle et objets de d\u00e9co s\u00e9lectionn\u00e9s par les trois \u00e9quipes\u00a0: il y en a pour tous les go\u00fbts et tous les budgets. Et parce que chiner \u00e7a creuse, un caf\u00e9-bar est sur place pour souffler entre deux trouvailles. Le tout est gratuit et rythm\u00e9 par des DJ sets vendredi et samedi soir jusqu&rsquo;\u00e0 22h, et des open platines le dimanche pour terminer le week-end en beaut\u00e9. Une s\u00e9lection \u00e9vidente pour celles et ceux qui aiment allier style, musique et bonnes affaires dans un lieu hybride et convivial.<\/p>\n<p><strong>Notre conseil\u00a0:<\/strong> Arrivez t\u00f4t, surtout vendredi et samedi, pour avoir le choix parmi les 500 pi\u00e8ces avant que les plus belles ne trouvent leur nouveau propri\u00e9taire.<\/p>\n<p class=\"mise_en_avant\"><strong>Du 04\/09\/2026 au 06\/09\/2026<\/strong><br \/>CLUB JANINE, 5 Rue Genissieu | Grenoble<br \/><a href=\"https:\/\/www.jds.fr\/grenoble\/manifestations\/festival\/pop-up-vintage-club-janine-x-blou-archives-x-noires-coutures-1709602_A\" rel=\"nofollow noopener\" target=\"_blank\">Pop-up vintage &#8211; Club Janine x Blou Archives x Noires Coutures\u00a0: toutes les informations<\/a><\/p>\n<p><a data-lightbox=\"article\" data-title=\" \u00a9 Marine Yaumarath\" class=\"image detail fullwidth\" href=\"https:\/\/www.jds.fr\/medias\/image\/a97cbb98e2b382c5833a966e8a782ff62393d2a50e29e169-1065185-1200-0-F.webp\" title=\" \u00a9 Marine Yaumarath\" rel=\"nofollow noopener\" target=\"_blank\"><br \/>\n<img decoding=\"async\" loading=\"lazy\" src=\"https:\/\/www.europesays.com\/fr\/wp-content\/uploads\/2026\/09\/a97cbb98e2b382c5833a966e8a782ff62393d2a50e29e169-1065185-1200-0.webp\"   alt=\"Pop-up vintage - Club Janine x Blou Archives x Noires Coutures\" class=\"shortcode_image border\"\/><br \/>\n\u00a9 Marine Yaumarath<br \/>\n<\/a>\n<\/p>\n<p>5\/ Initiation au tannage v\u00e9g\u00e9tal \u00e0 Voiron\u00a0: transformer du saumon en porte-cl\u00e9s, et c&rsquo;est s\u00e9rieux<\/p>\n<p>\u00c7a ne s&rsquo;invente pas\u00a0: \u00e0 Voiron, on peut passer son week-end \u00e0 apprendre \u00e0 fabriquer du cuir \u00e0 partir de peau de saumon. L&rsquo;<a href=\"https:\/\/www.jds.fr\/grenoble\/activite-experience\/ateliers\/initiation-au-tannage-vegetal-a-voiron-38-1700733_A\" rel=\"nofollow noopener\" target=\"_blank\">initiation au tannage v\u00e9g\u00e9tal \u00e0 Voiron<\/a> vous emm\u00e8ne aux c\u00f4t\u00e9s de Delphine pour d\u00e9couvrir une technique artisanale ancestrale qui transforme une peau brute en cuir souple et r\u00e9sistant gr\u00e2ce aux propri\u00e9t\u00e9s des v\u00e9g\u00e9taux. Au programme\u00a0: pr\u00e9paration de la peau, d\u00e9coction v\u00e9g\u00e9tale, teinture naturelle, s\u00e9chage et finitions. Vous repartez avec votre propre porte-cl\u00e9s en cuir de saumon enti\u00e8rement r\u00e9alis\u00e9 par vos soins, et des connaissances solides sur le tannage. On s\u00e9lectionne cet atelier pour son caract\u00e8re authentique, p\u00e9dagogique et franchement surprenant, qui donne envie de regarder diff\u00e9remment les objets du quotidien.<\/p>\n<p><strong>Notre conseil\u00a0:<\/strong> Pr\u00e9voyez des v\u00eatements que vous n&rsquo;avez pas peur de tacher, et venez l&rsquo;esprit curieux\u00a0: les odeurs et les textures font partie int\u00e9grante de l&rsquo;exp\u00e9rience.<\/p>\n<p class=\"mise_en_avant\">16 Rue d&rsquo;Orgeoise | Voiron<br \/><a href=\"https:\/\/www.jds.fr\/grenoble\/activite-experience\/ateliers\/initiation-au-tannage-vegetal-a-voiron-38-1700733_A\" rel=\"nofollow noopener\" target=\"_blank\">Initiation au tannage v\u00e9g\u00e9tal \u00e0 Voiron (38)\u00a0: toutes les informations<\/a><\/p>\n<p><a class=\"btn btn-lg shadow-lg btn-primary rounded-pill fnac_link\" data-fnac=\"in_article\" href=\"https:\/\/lb.affilae.com\/r\/?p=5f7dd9b02760126e01e487b3&amp;af=628&amp;lp=https%3A%2F%2Fwww.funbooker.com%2Ffr%2Fannonce%2Finitiation-au-tannage-vegetal-a-grenoble-38%2Fvoir%3Futm_source%3Daffilae%26utm_medium%3Djds\" target=\"_blank\" rel=\"nofollow noopener\"> Acheter des billets<\/a><\/p>\n<p><a data-lightbox=\"article\" data-title=\" DR\" class=\"image detail fullwidth\" href=\"https:\/\/www.jds.fr\/medias\/image\/initiation-au-tannage-vegetal-a-voiron-38-1059245-1200-0-F.webp\" title=\" DR\" rel=\"nofollow noopener\" target=\"_blank\"><br \/>\n<img decoding=\"async\" loading=\"lazy\" src=\"https:\/\/www.europesays.com\/fr\/wp-content\/uploads\/2026\/09\/initiation-au-tannage-vegetal-a-voiron-38-1059245-1200-0.webp\"   alt=\"Initiation au tannage v\u00e9g\u00e9tal \u00e0 Voiron (38)\" class=\"shortcode_image border\"\/><br \/>\n\u00a9 DR<br \/>\n<\/a>\n<\/p>\n<p>6\/ Atelier cr\u00e9ation de cosm\u00e9tique \u00e0 Grenoble\u00a0: votre cr\u00e8me, vos r\u00e8gles<\/p>\n<p>L&rsquo;<a href=\"https:\/\/www.jds.fr\/grenoble\/activite-experience\/ateliers\/atelier-creation-de-cosmetique-a-grenoble-38-1282776_A\" rel=\"nofollow noopener\" target=\"_blank\">atelier cr\u00e9ation de cosm\u00e9tique \u00e0 Grenoble<\/a> propose une parenth\u00e8se cr\u00e9ative et sensorielle de 1h15 pour fabriquer ses propres produits de beaut\u00e9 naturels. Guid\u00e9es pas \u00e0 pas, les participantes d\u00e9couvrent les ingr\u00e9dients de la cosm\u00e9tique naturelle et r\u00e9alisent leur produit en fonction de la th\u00e9matique choisie\u00a0: soin du visage, soin du corps, soin des cheveux ou maquillage. La texture, le parfum et les couleurs sont personnalisables selon les envies, ce qui garantit un r\u00e9sultat unique. On repart avec ses cr\u00e9ations sous le bras et la satisfaction d&rsquo;avoir fabriqu\u00e9 quelque chose de ses mains. Une id\u00e9e id\u00e9ale pour un enterrement de vie de jeune fille ou un moment entre amies, que l&rsquo;on s\u00e9lectionne pour son c\u00f4t\u00e9 accessible, convivial et r\u00e9solument anti-monotonie.<\/p>\n<p><strong>Notre conseil\u00a0:<\/strong> Cet atelier se vit encore mieux \u00e0 plusieurs\u00a0: formez un petit groupe d&rsquo;amies pour une exp\u00e9rience partag\u00e9e et profitez du temps d&rsquo;\u00e9change autour des cr\u00e9ations en fin de session.<\/p>\n<p class=\"mise_en_avant\">4 Rue J.Kennedy | Grenoble<br \/><a href=\"https:\/\/www.jds.fr\/grenoble\/activite-experience\/ateliers\/atelier-creation-de-cosmetique-a-grenoble-38-1282776_A\" rel=\"nofollow noopener\" target=\"_blank\">Atelier cr\u00e9ation de cosm\u00e9tique \u00e0 Grenoble (38)\u00a0: toutes les informations<\/a><\/p>\n<p><a class=\"btn btn-lg shadow-lg btn-primary rounded-pill fnac_link\" data-fnac=\"in_article\" href=\"https:\/\/lb.affilae.com\/r\/?p=5f7dd9b02760126e01e487b3&amp;af=628&amp;lp=https%3A%2F%2Fwww.funbooker.com%2Ffr%2Fannonce%2Fatelier-creation-de-cosmetique-a-grenoble-38-1%2Fvoir%3Futm_source%3Daffilae%26utm_medium%3Djds\" target=\"_blank\" rel=\"nofollow noopener\"> Acheter des billets<\/a><\/p>\n<p><a data-lightbox=\"article\" data-title=\" DR\" class=\"image detail fullwidth\" href=\"https:\/\/www.jds.fr\/medias\/image\/atelier-creation-de-cosmetique-a-grenoble-38-792747-1200-0-F.webp\" title=\" DR\" rel=\"nofollow noopener\" target=\"_blank\"><br \/>\n<img decoding=\"async\" loading=\"lazy\" src=\"https:\/\/www.europesays.com\/fr\/wp-content\/uploads\/2026\/09\/atelier-creation-de-cosmetique-a-grenoble-38-792747-1200-0.webp\"   alt=\"Atelier cr\u00e9ation de cosm\u00e9tique \u00e0 Grenoble (38)\" class=\"shortcode_image border\"\/><br \/>\n\u00a9 DR<br \/>\n<\/a>\n<\/p>\n<p>7\/ Saut \u00e0 l&rsquo;\u00e9lastique au Pont de Ponsonnas\u00a0: 103 m\u00e8tres pour se rappeler qu&rsquo;on est en vie<\/p>\n<p>Pour terminer ce week-end en fanfare, direction Ponsonnas et son fameux pont \u00e0 103 m\u00e8tres de hauteur pour un <a href=\"https:\/\/www.jds.fr\/grenoble\/activite-experience\/aventure\/saut-a-l-elastique-au-pont-de-ponsonnas-38-1300479_A\" rel=\"nofollow noopener\" target=\"_blank\">saut \u00e0 l&rsquo;\u00e9lastique au Pont de Ponsonnas<\/a>, l&rsquo;un des spots les plus exceptionnels et l&rsquo;un des plus hauts d&rsquo;Europe. Accessible en 45 minutes depuis Grenoble, ce site pionnier, premier centre de saut \u00e0 l&rsquo;\u00e9lastique cr\u00e9\u00e9 en Europe en 1987, offre une vue imprenable sur les massifs du Vercors, des Alpes, de l&rsquo;Oisans et du D\u00e9voluy. Le d\u00e9roul\u00e9 est soigneusement encadr\u00e9\u00a0: accueil, briefing, \u00e9quipement, saut, r\u00e9ception par un moniteur et remise d&rsquo;un dipl\u00f4me. Comptez environ une heure au total. Ouvert les week-ends d&rsquo;avril \u00e0 novembre, c&rsquo;est l&rsquo;occasion parfaite de conclure ce week-end de rentr\u00e9e par une dose d&rsquo;adr\u00e9naline m\u00e9morable. On le s\u00e9lectionne tout simplement parce que peu d&rsquo;activit\u00e9s offrent une telle combinaison de frissons et de beaut\u00e9 naturelle \u00e0 moins d&rsquo;une heure de Grenoble.<\/p>\n<p><strong>Notre conseil\u00a0:<\/strong> R\u00e9servez \u00e0 l&rsquo;avance pour s\u00e9curiser votre cr\u00e9neau, les week-ends de septembre sont tr\u00e8s pris\u00e9s, et \u00e9vitez le repas copieux juste avant le saut.<\/p>\n<p class=\"mise_en_avant\">Pont de ponsonnas | Ponsonnas<br \/><a href=\"https:\/\/www.jds.fr\/grenoble\/activite-experience\/aventure\/saut-a-l-elastique-au-pont-de-ponsonnas-38-1300479_A\" rel=\"nofollow noopener\" target=\"_blank\">Saut \u00e0 l&rsquo;\u00e9lastique au Pont de Ponsonnas (38)\u00a0: toutes les informations<\/a><\/p>\n<p><a class=\"btn btn-lg shadow-lg btn-primary rounded-pill fnac_link\" data-fnac=\"in_article\" href=\"https:\/\/lb.affilae.com\/r\/?p=5f7dd9b02760126e01e487b3&amp;af=628&amp;lp=https%3A%2F%2Fwww.funbooker.com%2Ffr%2Fannonce%2Fsaut-a-lelastique-du-pont-de-ponsonnas-38%2Fvoir%3Futm_source%3Daffilae%26utm_medium%3Djds\" target=\"_blank\" rel=\"nofollow noopener\"> Acheter des billets<\/a><\/p>\n<p><a data-lightbox=\"article\" data-title=\" DR\" class=\"image detail fullwidth\" href=\"https:\/\/www.jds.fr\/medias\/image\/saut-a-l-elastique-au-pont-de-ponsonnas-38-805881-1200-0-F.webp\" title=\" DR\" rel=\"nofollow noopener\" target=\"_blank\"><br \/>\n<img decoding=\"async\" loading=\"lazy\" src=\"https:\/\/www.europesays.com\/fr\/wp-content\/uploads\/2026\/09\/saut-a-l-elastique-au-pont-de-ponsonnas-38-805881-1200-0.webp\"   alt=\"Saut \u00e0 l'\u00e9lastique au Pont de Ponsonnas (38)\" class=\"shortcode_image border\"\/><br \/>\n\u00a9 DR<br \/>\n<\/a>\n<\/p>\n<p>Article r\u00e9dig\u00e9 par Julie.<br \/>Date de publication : le 03\/09\/2026.<\/p>\n","protected":false},"excerpt":{"rendered":"Ce week-end du 4 au 6 septembre 2026, Grenoble et ses environs ne manquent pas d&rsquo;id\u00e9es pour sortir&hellip;\n","protected":false},"author":2,"featured_media":1164472,"comment_status":"","ping_status":"","sticky":false,"template":"","format":"standard","meta":{"footnotes":"","_share_on_mastodon":"0"},"categories":[9566],"tags":[1111,11,2430,1777,674,1011,27,2731,12,25],"class_list":["post-1164471","post","type-post","status-publish","format-standard","has-post-thumbnail","category-grenoble","tag-actu","tag-actualites","tag-auvergne-rhone-alpes","tag-eu","tag-europe","tag-fr","tag-france","tag-grenoble","tag-news","tag-republique-francaise"],"share_on_mastodon":{"url":"https:\/\/pubeurope.com\/@fr\/117205605527499406","error":""},"_links":{"self":[{"href":"https:\/\/www.europesays.com\/fr\/wp-json\/wp\/v2\/posts\/1164471","targetHints":{"allow":["GET"]}}],"collection":[{"href":"https:\/\/www.europesays.com\/fr\/wp-json\/wp\/v2\/posts"}],"about":[{"href":"https:\/\/www.europesays.com\/fr\/wp-json\/wp\/v2\/types\/post"}],"author":[{"embeddable":true,"href":"https:\/\/www.europesays.com\/fr\/wp-json\/wp\/v2\/users\/2"}],"replies":[{"embeddable":true,"href":"https:\/\/www.europesays.com\/fr\/wp-json\/wp\/v2\/comments?post=1164471"}],"version-history":[{"count":0,"href":"https:\/\/www.europesays.com\/fr\/wp-json\/wp\/v2\/posts\/1164471\/revisions"}],"wp:featuredmedia":[{"embeddable":true,"href":"https:\/\/www.europesays.com\/fr\/wp-json\/wp\/v2\/media\/1164472"}],"wp:attachment":[{"href":"https:\/\/www.europesays.com\/fr\/wp-json\/wp\/v2\/media?parent=1164471"}],"wp:term":[{"taxonomy":"category","embeddable":true,"href":"https:\/\/www.europesays.com\/fr\/wp-json\/wp\/v2\/categories?post=1164471"},{"taxonomy":"post_tag","embeddable":true,"href":"https:\/\/www.europesays.com\/fr\/wp-json\/wp\/v2\/tags?post=1164471"}],"curies":[{"name":"wp","href":"https:\/\/api.w.org\/{rel}","templated":true}]}}