{"id":1164475,"date":"2026-09-03T06:07:24","date_gmt":"2026-09-03T06:07:24","guid":{"rendered":"https:\/\/www.europesays.com\/fr\/1164475\/"},"modified":"2026-09-03T06:07:24","modified_gmt":"2026-09-03T06:07:24","slug":"meteo-en-bretagne-des-temperatures-remarquables-ce-week-end-avant-le-retour-daverses-en-debut-de-semaine","status":"publish","type":"post","link":"https:\/\/www.europesays.com\/fr\/1164475\/","title":{"rendered":"M\u00e9t\u00e9o en Bretagne : des \u00ab\u00a0temp\u00e9ratures remarquables\u00a0\u00bb ce week-end avant le retour d&rsquo;averses en d\u00e9but de semaine"},"content":{"rendered":"<p>                    Par<br \/>\n        <strong><br \/>\n            <a href=\"https:\/\/actu.fr\/auteur\/romane-rousseau-actu-fr\" title=\"Consulter tous les articles de Romane Rousseau\" rel=\"nofollow noopener\" target=\"_blank\">Romane Rousseau<\/a><br \/>\n                    <\/strong><\/p>\n<p>        Publi\u00e9 le<\/p>\n<p>            3 sept. 2026 \u00e0 5h46        <\/p>\n<p>\u00a0<\/p>\n<p class=\" wall-content\">Gr\u00eale, <a href=\"https:\/\/actu.fr\/bretagne\/rennes_35238\/rennes-apres-l-orage-les-eclaircies-de-retour-mais-l-ille-et-vilaine-reste-en-vigilance_64711624.html\" rel=\"nofollow noopener\" target=\"_blank\">orages<\/a>, soleil de plomb\u2026 C\u2019est \u00e0 n\u2019y plus rien comprendre \u00e0 la m\u00e9t\u00e9o. En <a href=\"https:\/\/actu.fr\/bretagne\/\" rel=\"nofollow noopener\" target=\"_blank\">Bretagne<\/a>, le mois de septembre d\u00e9bute sur une <strong>alternance de fortes chaleurs et de \u00ab\u2009temps maussade\u2009\u00bb.<\/strong> <a href=\"https:\/\/actu.fr\/rennes\/\" rel=\"nofollow noopener\" target=\"_blank\">Actu Rennes<\/a> fait le point sur les pr\u00e9visions de ces prochains jours.<\/p>\n<p>\u00ab\u2009Un temps tr\u00e8s doux et un ciel gris\u2009\u00bb<\/p>\n<p class=\" wall-content\">Ce jeudi 3\u00a0septembre, la <strong>m\u00e9t\u00e9o est tout en contradiction<\/strong> entre \u00ab\u2009un temps tr\u00e8s doux et un ciel gris\u2009\u00bb, d\u2019apr\u00e8s S\u00e9bastien Decaux, m\u00e9t\u00e9orologue \u00e0 <a href=\"https:\/\/www.meteo.bzh\/previsions\/region\" rel=\"nofollow noopener\" target=\"_blank\">M\u00e9t\u00e9o Bretagne<\/a>. \u00ab\u2009Le ciel est couvert, partout sauf sur le littoral morbihannais.\u2009\u00bb<\/p>\n<p class=\" wall-content\">\u00ab\u2009Il se peut qu\u2019il y ait quelques \u00e9claircies ici ou l\u00e0 sur la r\u00e9gion, mais ce ne sera vraiment pas le principal. La perturbation va surtout toucher le <strong>nord du <a href=\"https:\/\/actu.fr\/bretagne\/finistere_29\" rel=\"nofollow noopener\" target=\"_blank\">Finist\u00e8re<\/a>, les C\u00f4tes-d\u2019Armor et le nord de l\u2019Ille-et-Vilaine.\u2009<\/strong>\u00bb<\/p>\n<p class=\" wall-content\">Mais malgr\u00e9 le temps gris\u00e2tre, le mercure va grimper. En d\u00e9but de journ\u00e9e, comptez entre <strong>16\u00b0C et 18\u00b0C d\u2019un bout \u00e0 l\u2019autre de la Bretagne.<\/strong><\/p>\n<p class=\" wall-content\">L\u2019apr\u00e8s-midi, les maximales avoisinent les 22\u00b0C \u00e0 <a href=\"https:\/\/actu.fr\/tag\/belle-ile-en-mer\" rel=\"nofollow noopener\" target=\"_blank\">Belle-\u00cele-en-Mer<\/a> et Brest, 23\u00b0C \u00e0 Carnac, 24\u00b0C \u00e0 <a href=\"https:\/\/actu.fr\/bretagne\/pontivy_56178\" rel=\"nofollow noopener\" target=\"_blank\">Pontivy<\/a>, 25\u00b0C \u00e0 Dinard, entre 26\u00b0C et 27\u00b0C\u00a0\u00e0 Saint-Brieuc et \u00e0 l\u2019int\u00e9rieur de l\u2019Ille-et-Vilaine, dont Rennes.<\/p>\n<blockquote class=\"ac-article-quote wall-content\">\n<p>\u00ab\u00a0Il y a un anticyclone sur l&rsquo;Atlantique qui fait remonter de l&rsquo;air d&rsquo;origine subtropicale dans notre direction. C&rsquo;est de l&rsquo;air extr\u00eamement doux. En m\u00eame temps, il y a une d\u00e9pression sur le sud des A\u00e7ores qui fait remonter de la chaleur, parfois intense, sur le sud de la France. Elle remonte un petit peu jusque sur le nord.\u00a0\u00bb<\/p>\n<p>    <strong>S\u00e9bastien Decaux<\/strong><br \/>\n        M\u00e9t\u00e9orologue \u00e0 M\u00e9t\u00e9o Bretagne    <\/p><\/blockquote>\n<p>\u00ab\u2009L\u2019ambiance sera estivale\u2009\u00bb<\/p>\n<p class=\" wall-content\">Vendredi 4\u00a0septembre, le r\u00e9veil est \u00ab\u2009bien gris\u2009\u00bb sur l\u2019ensemble de la Bretagne, \u00ab\u2009avec certainement<strong> des brumes et des brouillards<\/strong>\u2009\u00bb. Le matin, il faut compter une nouvelle fois entre 16\u00b0C et 18\u00b0C.<\/p>\n<p class=\" wall-content\">Ensuite, \u00ab\u2009les nuages vont se faire moins nombreux sur le sud de la Bretagne au cours de la journ\u00e9e\u2009\u00bb. \u00ab\u2009Il y aura de tr\u00e8s belles \u00e9claircies, mais le<strong> littoral de la Manche et le Finist\u00e8re devraient garder une couverture nuageuse<\/strong> assez dense quasiment toute la journ\u00e9e.\u2009\u00bb<\/p>\n<p class=\" wall-content\">C\u00f4t\u00e9 temp\u00e9ratures, le thermom\u00e8tre affiche 22\u00b0C \u00e0 Brest, 24\u00b0C \u00e0 <a href=\"https:\/\/actu.fr\/bretagne\/vannes_56260\" rel=\"nofollow noopener\" target=\"_blank\">Vannes<\/a>, 26\u00b0C \u00e0 Saint-Brieuc, et 27\u00b0C voire 28\u00b0C \u00e0 Rennes ou <a href=\"https:\/\/actu.fr\/le-journal-de-vitre\/\" rel=\"nofollow noopener\" target=\"_blank\">Vitr\u00e9<\/a>.<\/p>\n<p class=\" wall-content\">\u00ab\u2009Au niveau du ressenti, du <a href=\"https:\/\/actu.fr\/morbihan\/\" rel=\"nofollow noopener\" target=\"_blank\">Morbihan<\/a> jusqu\u2019en Ille-et-Vilaine,<strong> l\u2019ambiance sera estivale<\/strong>.\u2009\u00bb<\/p>\n<p>Des temp\u00e9ratures en hausse le week-end<\/p>\n<p class=\" wall-content\">Pour le week-end \u00e0 venir, la fiabilit\u00e9 \u00ab\u2009reste correcte, mais pas exceptionnelle quant \u00e0 l\u2019ampleur de la couverture nuageuse\u2009\u00bb.<\/p>\n<p class=\" wall-content\">S\u00e9bastien Decaux reste optimiste. \u00ab\u2009Samedi, il se peut que l\u2019on ait des<strong> nuages bas matinaux<\/strong>, et puis une<strong> \u00e9volution favorable au soleil au fil des heures,<\/strong> qui devrait s\u2019imposer avec des temp\u00e9ratures \u00e0 la hausse.\u2009\u00bb<\/p>\n<p class=\" wall-content\">Samedi 5\u00a0septembre, il faut compter dans l\u2019apr\u00e8s-midi 22\u00b0C \u00e0 23\u00b0C sur les c\u00f4tes, 24\u00b0C \u00e0 25\u00b0C dans le Finist\u00e8re, 25\u00b0C \u00e0 28\u00b0C dans le bassin rennais.<\/p>\n<p>Dimanche sera \u00ab\u2009la journ\u00e9e la plus chaude\u2009\u00bb<\/p>\n<p class=\" wall-content\">\u00ab\u2009La hausse des temp\u00e9ratures continue dimanche, qui sera certainement la<strong> journ\u00e9e la plus chaude de la semaine<\/strong>.\u2009\u00bb Quelques passages nuageux peuvent voiler le soleil, \u00ab\u2009mais vraiment tr\u00e8s temporairement\u2009\u00bb.<\/p>\n<p class=\" wall-content\">\u00ab\u2009On retiendra surtout la chaleur avec de tr\u00e8s belles p\u00e9riodes d\u2019ensoleillement l\u2019apr\u00e8s-midi, des temp\u00e9ratures qui devraient afficher autour de 25\u00b0C \u00e0 Brest, 29\u00b0C sur le pays vannetais, jusqu\u2019\u00e0 30\u00b0C dans le secteur de Saint-Brieuc, et 32\u00b0C \u00e0 Rennes.\u2009\u00bb<\/p>\n<p class=\" wall-content\">Un chiffre exceptionnel pour la saison. Dans la capitale bretonne, il faut<strong> remonter \u00e0 2023 pour observer un thermom\u00e8tre \u00e0 plus de 30\u00b0C<\/strong> au mois de septembre.<\/p>\n<p class=\" wall-content\">Mais S\u00e9bastien Decaux pr\u00e9vient d\u2019embl\u00e9e\u2009: \u00ab\u2009<strong>\u00c7a ne va pas durer<\/strong>, car on a une d\u00e9pression venant des \u00eeles britanniques qui se rapproche.\u2009\u00bb<\/p>\n<p>\u00ab\u2009Une tr\u00e8s nette baisse des temp\u00e9ratures\u2009\u00bb<\/p>\n<p class=\" wall-content\">Puis \u00e0 partir de la semaine prochaine, \u00ab\u2009un changement de temps va s\u2019op\u00e9rer\u2009\u00bb. Lundi 7\u00a0septembre, les temp\u00e9ratures vont baisser avec un ciel variable. Il faut compter<strong> 20\u00b0C \u00e0 Brest et 25\u00b0C \u00e0 Rennes.<\/strong><\/p>\n<p class=\" wall-content\">Mardi 8\u00a0septembre, \u00ab\u2009il y aura<strong> l\u2019arriv\u00e9e d\u2019une perturbation pluvieuse en cours de journ\u00e9e<\/strong>, avec une tr\u00e8s nette baisse des temp\u00e9ratures. Il n\u2019y aura pas plus de 20\u00b0C \u00e0 22\u00b0C sur l\u2019ensemble de la Bretagne\u2009\u00bb.<\/p>\n<p class=\" wall-content\">S\u2019il est \u00ab\u2009difficile d\u2019estimer les quantit\u00e9s de pluie\u2009\u00bb, S\u00e9bastien Decaux est formel, \u00ab\u2009\u00e7a fera du bien \u00e0 la nature, nous qui sommes en p\u00e9riode de s\u00e9cheresse\u2009\u00bb.<\/p>\n<p class=\" wall-content\">Des <strong>pr\u00e9cipitations qui pourraient \u00ab\u2009durer jusqu\u2019au 13 ou 14\u00a0septembre<\/strong>\u2009\u00bb, se projette le m\u00e9t\u00e9orologue.<\/p>\n<p class=\" wall-content\">Personnalisez votre actualit\u00e9 en ajoutant vos villes et m\u00e9dias en favori avec <a href=\"https:\/\/moncompte.actu.fr\" title=\"D\u00e9couvez Mon Actu\" rel=\"nofollow noopener\" data-trk=\"{&quot;cta&quot;:{&quot;action&quot;:&quot;https:\\\/\\\/moncompte.actu.fr&quot;,&quot;category&quot;:&quot;mon compte&quot;,&quot;from&quot;:&quot;article footer&quot;,&quot;name&quot;:&quot;Mon actu&quot;,&quot;type&quot;:&quot;cta&quot;}}\" target=\"_blank\">Mon Actu<\/a>.<\/p>\n","protected":false},"excerpt":{"rendered":"Par Romane Rousseau Publi\u00e9 le 3 sept. 2026 \u00e0 5h46 \u00a0 Gr\u00eale, orages, soleil de plomb\u2026 C\u2019est \u00e0&hellip;\n","protected":false},"author":2,"featured_media":1092725,"comment_status":"","ping_status":"","sticky":false,"template":"","format":"standard","meta":{"footnotes":"","_share_on_mastodon":"0"},"categories":[2821],"tags":[1111,11,829,6698,1777,674,1011,27,2487,2357,12,584,25],"class_list":["post-1164475","post","type-post","status-publish","format-standard","has-post-thumbnail","category-rennes","tag-actu","tag-actualites","tag-bretagne","tag-canicule","tag-eu","tag-europe","tag-fr","tag-france","tag-meteo","tag-meteo-france","tag-news","tag-rennes","tag-republique-francaise"],"share_on_mastodon":{"url":"https:\/\/pubeurope.com\/@fr\/117205614396102955","error":""},"_links":{"self":[{"href":"https:\/\/www.europesays.com\/fr\/wp-json\/wp\/v2\/posts\/1164475","targetHints":{"allow":["GET"]}}],"collection":[{"href":"https:\/\/www.europesays.com\/fr\/wp-json\/wp\/v2\/posts"}],"about":[{"href":"https:\/\/www.europesays.com\/fr\/wp-json\/wp\/v2\/types\/post"}],"author":[{"embeddable":true,"href":"https:\/\/www.europesays.com\/fr\/wp-json\/wp\/v2\/users\/2"}],"replies":[{"embeddable":true,"href":"https:\/\/www.europesays.com\/fr\/wp-json\/wp\/v2\/comments?post=1164475"}],"version-history":[{"count":0,"href":"https:\/\/www.europesays.com\/fr\/wp-json\/wp\/v2\/posts\/1164475\/revisions"}],"wp:featuredmedia":[{"embeddable":true,"href":"https:\/\/www.europesays.com\/fr\/wp-json\/wp\/v2\/media\/1092725"}],"wp:attachment":[{"href":"https:\/\/www.europesays.com\/fr\/wp-json\/wp\/v2\/media?parent=1164475"}],"wp:term":[{"taxonomy":"category","embeddable":true,"href":"https:\/\/www.europesays.com\/fr\/wp-json\/wp\/v2\/categories?post=1164475"},{"taxonomy":"post_tag","embeddable":true,"href":"https:\/\/www.europesays.com\/fr\/wp-json\/wp\/v2\/tags?post=1164475"}],"curies":[{"name":"wp","href":"https:\/\/api.w.org\/{rel}","templated":true}]}}