{"id":1164482,"date":"2026-09-03T06:11:15","date_gmt":"2026-09-03T06:11:15","guid":{"rendered":"https:\/\/www.europesays.com\/fr\/1164482\/"},"modified":"2026-09-03T06:11:15","modified_gmt":"2026-09-03T06:11:15","slug":"inauguration-de-linternat-du-lycee-massena-a-nice-le-retour-politique-de-christian-estrosi","status":"publish","type":"post","link":"https:\/\/www.europesays.com\/fr\/1164482\/","title":{"rendered":"Inauguration de l&rsquo;internat du Lyc\u00e9e Mass\u00e9na \u00e0 Nice: le retour politique de Christian Estrosi\u00a0?"},"content":{"rendered":"<p>Il \u00e9tait rest\u00e9 tr\u00e8s discret sur la place publique depuis des mois. Christian Estrosi, en tant que vice-pr\u00e9sident de la R\u00e9gion Sud-PACA, a inaugur\u00e9 ce mercredi le nouvel internat du Lyc\u00e9e Mass\u00e9na. Alors est-ce la rentr\u00e9e politique tant attendue de Christian Estrosi\u00a0?\n<\/p>\n<p>Il y a de vieilles habitudes qui ne changent pas; comme celle des syst\u00e9matiques 20 min de retard, au moins, qu&rsquo;a toujours Christian Estrosi. Puis la voiture avec chauffeur de la r\u00e9gion d\u00e9pose l&rsquo;\u00e9lu devant le lyc\u00e9e Mass\u00e9na \u00e0 Nice. Pas grand monde pour l&rsquo;accueillir, en tout cas beaucoup moins de monde que quand il \u00e9tait maire.<\/p>\n<p>Travail d&rsquo;\u00e9lu de base<\/p>\n<p>Un petit tour dans la classe pour devant cam\u00e9ras et appareils photos afin de distribuer les tablettes num\u00e9riques. Visite des travaux de l&rsquo;internat que la r\u00e9gion paye depuis 2 ans \u00e0 hauteur de 8,9 millions d&rsquo;euros. Puis traditionnel discours. Des discours sans aucune allusion politique. Christian Estrosi reste dans son r\u00f4le\u00a0!<\/p>\n<p>\u00ab\u00a0Pas de rentr\u00e9e politique\u00a0\u00bb<\/p>\n<p>Quand les journalistes pr\u00e9sents lui demandent si c&rsquo;est sa rentr\u00e9e politique, l&rsquo;ancien maire explique que ce n&rsquo;est que la rentr\u00e9e scolaire et qu&rsquo;il est l\u00e0 dans le cadre de ses mandats r\u00e9gionnaux. \u00ab\u00a0Pas question que je remette les pieds dans les pol\u00e9miques ni\u00e7oises. Je m&rsquo;en tiens \u00e0 ce que je vous avait dit le soir du 22 mars: je ne me m\u00eale plus des affaires quotidienne de Nice, affirme Christian Estrosi. Malgr\u00e9 tout, l&rsquo;homme politique n&rsquo;est jamais loin et parle de projets pour \u00ab\u00a0bient\u00f4t\u00a0\u00bb. Christian Estrosi reste en effet vice-pr\u00e9sident du parti Horizon, le parti d&rsquo;Edouard Philippe candidat \u00e0 l&rsquo;\u00e9lection pr\u00e9sidentielle. C&rsquo;est sans doute par ce biais l\u00e0 que l&rsquo;ancien maire de Nice a d\u00e9cid\u00e9 de jouer un <strong>possible come-back<\/strong>.<\/p>\n","protected":false},"excerpt":{"rendered":"Il \u00e9tait rest\u00e9 tr\u00e8s discret sur la place publique depuis des mois. Christian Estrosi, en tant que vice-pr\u00e9sident&hellip;\n","protected":false},"author":2,"featured_media":1164483,"comment_status":"","ping_status":"","sticky":false,"template":"","format":"standard","meta":{"footnotes":"","_share_on_mastodon":"0"},"categories":[2819],"tags":[1111,11,1777,674,1011,27,12,2401,882,25],"class_list":["post-1164482","post","type-post","status-publish","format-standard","has-post-thumbnail","category-nice","tag-actu","tag-actualites","tag-eu","tag-europe","tag-fr","tag-france","tag-news","tag-nice","tag-provence-alpes-cote-dazur","tag-republique-francaise"],"share_on_mastodon":{"url":"https:\/\/pubeurope.com\/@fr\/117205634306615629","error":""},"_links":{"self":[{"href":"https:\/\/www.europesays.com\/fr\/wp-json\/wp\/v2\/posts\/1164482","targetHints":{"allow":["GET"]}}],"collection":[{"href":"https:\/\/www.europesays.com\/fr\/wp-json\/wp\/v2\/posts"}],"about":[{"href":"https:\/\/www.europesays.com\/fr\/wp-json\/wp\/v2\/types\/post"}],"author":[{"embeddable":true,"href":"https:\/\/www.europesays.com\/fr\/wp-json\/wp\/v2\/users\/2"}],"replies":[{"embeddable":true,"href":"https:\/\/www.europesays.com\/fr\/wp-json\/wp\/v2\/comments?post=1164482"}],"version-history":[{"count":0,"href":"https:\/\/www.europesays.com\/fr\/wp-json\/wp\/v2\/posts\/1164482\/revisions"}],"wp:featuredmedia":[{"embeddable":true,"href":"https:\/\/www.europesays.com\/fr\/wp-json\/wp\/v2\/media\/1164483"}],"wp:attachment":[{"href":"https:\/\/www.europesays.com\/fr\/wp-json\/wp\/v2\/media?parent=1164482"}],"wp:term":[{"taxonomy":"category","embeddable":true,"href":"https:\/\/www.europesays.com\/fr\/wp-json\/wp\/v2\/categories?post=1164482"},{"taxonomy":"post_tag","embeddable":true,"href":"https:\/\/www.europesays.com\/fr\/wp-json\/wp\/v2\/tags?post=1164482"}],"curies":[{"name":"wp","href":"https:\/\/api.w.org\/{rel}","templated":true}]}}