{"id":1164484,"date":"2026-09-03T06:12:17","date_gmt":"2026-09-03T06:12:17","guid":{"rendered":"https:\/\/www.europesays.com\/fr\/1164484\/"},"modified":"2026-09-03T06:12:17","modified_gmt":"2026-09-03T06:12:17","slug":"avocate-star-anne-bouillon-sactive-pour-redorer-son-blason","status":"publish","type":"post","link":"https:\/\/www.europesays.com\/fr\/1164484\/","title":{"rendered":"Avocate star, Anne Bouillon s\u2019active pour redorer son blason"},"content":{"rendered":"<p>Ce vendredi 4 septembre, le Conseil r\u00e9gional de discipline (CRD) des avocats pr\u00e8s la cour d\u2019appel de Rennes doit se pencher sur un retentissant dossier\u00a0: l\u2019avocate nantaise Anne Bouillon va devoir s\u2019expliquer devant ses pairs sur son \u00ab\u202fmanagement toxique\u202f\u00bb et les \u00ab\u202fconditions de travail \u00e9prouvantes\u202f\u00bb d\u00e9nonc\u00e9s par d\u2019anciennes collaboratrices et \u00e9l\u00e8ves avocates de son cabinet. Les accusations, r\u00e9v\u00e9l\u00e9es en septembre 2025 <a href=\"https:\/\/www.ouest-france.fr\/societe\/faits-divers\/enquete-la-plus-puissante-avocate-de-france-anne-bouillon-visee-par-une-enquete-deontologique-df283546-8712-11f0-bcb7-e4ebd4c8350d,\" rel=\"nofollow noopener\" target=\"_blank\">par Presse Oc\u00e9an<\/a> ont fait l\u2019effet d\u2019une bombe au sein du monde judiciaire nantais. Elles ont fait p\u00e2lir l\u2019aura de cette autre \u00ab\u202fDuchesse Anne\u202f\u00bb, \u00e9g\u00e9rie m\u00e9diatique de la cause f\u00e9ministe, pourfendant le patriarcat \u00e0 longueur de plaidoiries et que le magazine GQ avait <a href=\"https:\/\/annebouillon.com\/actualites\/96\/anne-bouillon-classee-parmi-les-meilleurs-avocats-de-france-par-le-magazine-gq\/\" target=\"_blank\" rel=\"noopener nofollow\">class\u00e9e en 2019<\/a> parmi \u00ab\u202fles avocats les plus puissants de France\u202f\u00bb\u00a0.<\/p>\n<p>Sur le moment, l\u2019int\u00e9ress\u00e9e a accus\u00e9 le coup. Le jour de la publication de l\u2019enqu\u00eate, la petite\u2010ni\u00e8ce de Jos\u00e9phine Baker a ainsi \u00e9t\u00e9 vue aux abords du palais de justice de Nantes la mine d\u00e9faite, comme rarement. Mais elle a rapidement repris le dessus. Le 4 septembre 2025, elle confesse au <a href=\"https:\/\/www.elle.fr\/Societe\/News\/L-avocate-Anne-Bouillon-visee-par-une-enquete-deontologique-Je-n-ai-pas-ete-suffisamment-attentive-4378349\" rel=\"nofollow noopener\" target=\"_blank\">magazine ELLE<\/a> \u00ab\u202fne pas avoir \u00e9t\u00e9 suffisamment attentive\u202f\u00bb au mal\u2010\u00eatre de ces collaboratrices. Elle affirme \u00ab\u202fne pas contester\u202f\u00bb les faits reproch\u00e9s \u2013 et donc ses \u00ab\u202fpratiques manag\u00e9riales inappropri\u00e9es\u202f\u00bb \u2013 et m\u00eame \u00ab\u202fregretter\u202f\u00bb le v\u00e9cu de ses anciennes collaboratrices, accabl\u00e9es par une \u00ab\u202fsurcharge de travail\u202f\u00bb.\u00a0<\/p>\n<p>Nous vous offrons l\u2019acc\u00e8s \u00e0 cet article<\/p>\n<p>Et \u00e0 toutes nos enqu\u00eates pendant deux jours\u00a0\u00a0! <br \/>Oui, on est g\u00e9n\u00e9reux \ud83d\ude09 Mais pensez aussi \u00e0 <a href=\"https:\/\/www.mediacites.fr\/sabonner\/\" target=\"_blank\" style=\"color:#fff\" rel=\"nofollow noopener\">vous abonner<\/a>\u00a0\u00a0!<\/p>\n<p>\t\tEn renseignant votre adresse, vous acceptez nos <a href=\"https:\/\/www.mediacites.fr\/conditions-generales-d-utilisation\/\" target=\"_blank\" rel=\"nofollow noopener\">conditions g\u00e9n\u00e9rales d\u2019utilisation<\/a>. <br \/>Mediacit\u00e9s s\u2019engage \u00e0 ne pas c\u00e9der votre adresse \u00e0 des tiers. En cas d\u2019\u00e9chec, \u00e9crivez \u00e0 <a href=\"https:\/\/www.mediacites.fr\/enquete\/nantes\/2026\/09\/03\/fragilisee-lavocate-star-anne-bouillon-sagite-pour-redorer-son-blason\/mailto:contact@mediacites.fr\" rel=\"nofollow noopener\" target=\"_blank\">contact@mediacites.fr<\/a><\/p>\n<ul>\n<li>J\u2019acc\u00e8de aux 4 \u00e9ditions de Mediacit\u00e9s (Lille, Lyon, Nantes et Toulouse)<\/li>\n<li>Je d\u00e9couvre un m\u00e9dia 100 % ind\u00e9pendant, avec 0 % de publicit\u00e9<\/li>\n<\/ul>\n<p>Envie de lire la\u00a0suite\u202f?<\/p>\n<p>Depuis neuf ans, Mediacit\u00e9s enqu\u00eate en toute ind\u00e9pendance dans votre ville. Gr\u00e2ce \u00e0 ses lecteurs\u202f! Abonnez\u2010vous pour ne rien manquer de nos enqu\u00eates, suivre les \u00e9lections municipales et soutenir un journal local d\u2019investigation.<\/p>\n<ul>\n<li>Acc\u00e8s aux 4 \u00e9ditions de Mediacit\u00e9s (Lille, Lyon, Nantes et Toulouse)<\/li>\n<li>100 % ind\u00e9pendant, avec 0 % de publicit\u00e9<\/li>\n<li>R\u00e9siliation facile \u00e0 tout moment<\/li>\n<\/ul>\n<p>Mediacit\u00e9s offre l\u2019acc\u00e8s \u00e0 cet article aux lecteurs de News2Com<\/p>\n<p>Et \u00e0 toutes nos enqu\u00eates pendant deux jours\u00a0\u00a0! <br \/>Oui, on est g\u00e9n\u00e9reux \ud83d\ude09 Mais pensez aussi \u00e0 <a href=\"https:\/\/www.mediacites.fr\/sabonner\/\" target=\"_blank\" style=\"color:#fff\" rel=\"nofollow noopener\">vous abonner<\/a>\u00a0\u00a0!<\/p>\n<p>\t\tEn renseignant votre adresse, vous acceptez nos <a href=\"https:\/\/www.mediacites.fr\/conditions-generales-d-utilisation\/\" target=\"_blank\" rel=\"nofollow noopener\">conditions g\u00e9n\u00e9rales d\u2019utilisation<\/a>. <br \/>Mediacit\u00e9s s\u2019engage \u00e0 ne pas c\u00e9der votre adresse \u00e0 des tiers. En cas d\u2019\u00e9chec, \u00e9crivez \u00e0 <a href=\"https:\/\/www.mediacites.fr\/enquete\/nantes\/2026\/09\/03\/fragilisee-lavocate-star-anne-bouillon-sagite-pour-redorer-son-blason\/mailto:contact@mediacites.fr\" rel=\"nofollow noopener\" target=\"_blank\">contact@mediacites.fr<\/a><\/p>\n<ul>\n<li>J\u2019acc\u00e8de aux 4 \u00e9ditions de Mediacit\u00e9s (Lille, Lyon, Nantes et Toulouse)<\/li>\n<li>Je d\u00e9couvre un m\u00e9dia 100 % ind\u00e9pendant, avec 0 % de publicit\u00e9<\/li>\n<\/ul>\n","protected":false},"excerpt":{"rendered":"Ce vendredi 4 septembre, le Conseil r\u00e9gional de discipline (CRD) des avocats pr\u00e8s la cour d\u2019appel de Rennes&hellip;\n","protected":false},"author":2,"featured_media":1164485,"comment_status":"","ping_status":"","sticky":false,"template":"","format":"standard","meta":{"footnotes":"","_share_on_mastodon":"0"},"categories":[2818],"tags":[1111,11,120005,20933,1067,1777,674,6757,1011,27,120006,6945,303,120007,766,12,2636,25],"class_list":["post-1164484","post","type-post","status-publish","format-standard","has-post-thumbnail","category-nantes","tag-actu","tag-actualites","tag-anne-bouillon","tag-avocat","tag-enquete","tag-eu","tag-europe","tag-feminisme","tag-fr","tag-france","tag-franck-boezec","tag-johanna-rolland","tag-justice","tag-meetoo","tag-nantes","tag-news","tag-pays-de-la-loire","tag-republique-francaise"],"share_on_mastodon":{"url":"https:\/\/pubeurope.com\/@fr\/117205634415511379","error":""},"_links":{"self":[{"href":"https:\/\/www.europesays.com\/fr\/wp-json\/wp\/v2\/posts\/1164484","targetHints":{"allow":["GET"]}}],"collection":[{"href":"https:\/\/www.europesays.com\/fr\/wp-json\/wp\/v2\/posts"}],"about":[{"href":"https:\/\/www.europesays.com\/fr\/wp-json\/wp\/v2\/types\/post"}],"author":[{"embeddable":true,"href":"https:\/\/www.europesays.com\/fr\/wp-json\/wp\/v2\/users\/2"}],"replies":[{"embeddable":true,"href":"https:\/\/www.europesays.com\/fr\/wp-json\/wp\/v2\/comments?post=1164484"}],"version-history":[{"count":0,"href":"https:\/\/www.europesays.com\/fr\/wp-json\/wp\/v2\/posts\/1164484\/revisions"}],"wp:featuredmedia":[{"embeddable":true,"href":"https:\/\/www.europesays.com\/fr\/wp-json\/wp\/v2\/media\/1164485"}],"wp:attachment":[{"href":"https:\/\/www.europesays.com\/fr\/wp-json\/wp\/v2\/media?parent=1164484"}],"wp:term":[{"taxonomy":"category","embeddable":true,"href":"https:\/\/www.europesays.com\/fr\/wp-json\/wp\/v2\/categories?post=1164484"},{"taxonomy":"post_tag","embeddable":true,"href":"https:\/\/www.europesays.com\/fr\/wp-json\/wp\/v2\/tags?post=1164484"}],"curies":[{"name":"wp","href":"https:\/\/api.w.org\/{rel}","templated":true}]}}