{"id":1164486,"date":"2026-09-03T06:18:18","date_gmt":"2026-09-03T06:18:18","guid":{"rendered":"https:\/\/www.europesays.com\/fr\/1164486\/"},"modified":"2026-09-03T06:18:18","modified_gmt":"2026-09-03T06:18:18","slug":"le-fc-nantes-a-pris-un-risque-enorme-pour-tylel-tati","status":"publish","type":"post","link":"https:\/\/www.europesays.com\/fr\/1164486\/","title":{"rendered":"Le FC Nantes a pris un risque \u00e9norme pour Tylel Tati\u2026"},"content":{"rendered":"<p><img decoding=\"async\" src=\"https:\/\/www.europesays.com\/fr\/wp-content\/uploads\/2026\/09\/xtylel-tati-2008-ICONSPORT_268442_0213_640.jpg.pagespeed.ic.EU3iMBMpYf.jpg\" fetchpriority=\"high\" loading=\"eager\" width=\"640\" height=\"360\" alt=\"Tylel Tati\"\/><\/p>\n<p>Tylel Tati, Cr\u00e9dit photo : Icon Sport<\/p>\n<p><a class=\"google-preferred-source\" href=\"https:\/\/google.com\/preferences\/source?q=livefoot.fr&amp;utm_source=VOTRE-DOMAINE&amp;utm_medium=article&amp;utm_campaign=preferred_source\" target=\"_blank\" rel=\"noopener nofollow\"><\/p>\n<p>Ajouter comme source pr\u00e9f\u00e9r\u00e9e sur Google<br \/>\n<\/a><\/p>\n<p><strong>Face \u00e0 toutes les offres re\u00e7ues pour Tylel Tati, le FC Nantes a eu la m\u00eame r\u00e9ponse n\u00e9gative. Le souci, c\u2019est que les montants propos\u00e9s sont de plus en plus petits\u2026<\/strong><\/p>\n<p>Il n\u2019existe aucun d\u00e9bat sur le fait que le FC Nantes poss\u00e8de un v\u00e9ritable ph\u00e9nom\u00e8ne en la personne de Tylel Tati. D\u00e9fenseur central de talent, capable d\u2019\u00e9voluer au milieu du terrain, ce prodige fait saliver les grands d\u2019Europe depuis ses d\u00e9buts remarqu\u00e9s en Ligue 1. Mais malgr\u00e9 des propositions XXL, notamment 30 millions d\u2019euros de la part de Chelsea l\u2019hiver dernier, les Canaris ne bougent pas une oreille : non, non et non.<\/p>\n<p><\/p>\n<p>City, une offre divis\u00e9e par\u2026 3 !<\/p>\n<p>Le souci, c\u2019est que la strat\u00e9gie du FC Nantes devient de plus en plus risqu\u00e9e. Le club est descendu en Ligue 2 et Tylel Tati voit n\u00e9cessairement sa progression en prendre un coup. Pas \u00e9tonnant de voir Manchester City n\u2019offrir que 10 millions d\u2019euros cet \u00e9t\u00e9, trois fois moins que Chelsea six mois auparavant. A 18 ans, le Nantais dispose d\u2019un potentiel pour d\u00e9j\u00e0 disputer une comp\u00e9tition europ\u00e9enne. Il en est tr\u00e8s loin puisque son club doit d\u2019abord retrouver la Ligue 1, ce qui n\u2019est d\u00e9j\u00e0 pas simple, avant d\u2019envisager ne serait qu\u2019un match de Conf\u00e9rence League dans les ann\u00e9es \u00e0 venir. A vouloir conserver son talent, le FCN va se retrouver \u00e0 le brader pour trois francs six sous dans quelques mois. Et regretter am\u00e8rement les 30 millions d\u2019euros de Chelsea en janvier 2026\u2026<\/p>\n<p><\/p>\n","protected":false},"excerpt":{"rendered":"Tylel Tati, Cr\u00e9dit photo : Icon Sport Ajouter comme source pr\u00e9f\u00e9r\u00e9e sur Google Face \u00e0 toutes les offres&hellip;\n","protected":false},"author":2,"featured_media":1164487,"comment_status":"","ping_status":"","sticky":false,"template":"","format":"standard","meta":{"footnotes":"","_share_on_mastodon":"0"},"categories":[2818],"tags":[1111,11,1777,674,1011,27,766,12,2636,25],"class_list":["post-1164486","post","type-post","status-publish","format-standard","has-post-thumbnail","category-nantes","tag-actu","tag-actualites","tag-eu","tag-europe","tag-fr","tag-france","tag-nantes","tag-news","tag-pays-de-la-loire","tag-republique-francaise"],"share_on_mastodon":{"url":"https:\/\/pubeurope.com\/@fr\/117205659281149670","error":""},"_links":{"self":[{"href":"https:\/\/www.europesays.com\/fr\/wp-json\/wp\/v2\/posts\/1164486","targetHints":{"allow":["GET"]}}],"collection":[{"href":"https:\/\/www.europesays.com\/fr\/wp-json\/wp\/v2\/posts"}],"about":[{"href":"https:\/\/www.europesays.com\/fr\/wp-json\/wp\/v2\/types\/post"}],"author":[{"embeddable":true,"href":"https:\/\/www.europesays.com\/fr\/wp-json\/wp\/v2\/users\/2"}],"replies":[{"embeddable":true,"href":"https:\/\/www.europesays.com\/fr\/wp-json\/wp\/v2\/comments?post=1164486"}],"version-history":[{"count":0,"href":"https:\/\/www.europesays.com\/fr\/wp-json\/wp\/v2\/posts\/1164486\/revisions"}],"wp:featuredmedia":[{"embeddable":true,"href":"https:\/\/www.europesays.com\/fr\/wp-json\/wp\/v2\/media\/1164487"}],"wp:attachment":[{"href":"https:\/\/www.europesays.com\/fr\/wp-json\/wp\/v2\/media?parent=1164486"}],"wp:term":[{"taxonomy":"category","embeddable":true,"href":"https:\/\/www.europesays.com\/fr\/wp-json\/wp\/v2\/categories?post=1164486"},{"taxonomy":"post_tag","embeddable":true,"href":"https:\/\/www.europesays.com\/fr\/wp-json\/wp\/v2\/tags?post=1164486"}],"curies":[{"name":"wp","href":"https:\/\/api.w.org\/{rel}","templated":true}]}}