{"id":1164492,"date":"2026-09-03T06:21:17","date_gmt":"2026-09-03T06:21:17","guid":{"rendered":"https:\/\/www.europesays.com\/fr\/1164492\/"},"modified":"2026-09-03T06:21:17","modified_gmt":"2026-09-03T06:21:17","slug":"sur-586-communes-cette-ville-pres-de-toulouse-est-la-championne-2026-de-laugmentation-des-impots-le-maire-sexplique","status":"publish","type":"post","link":"https:\/\/www.europesays.com\/fr\/1164492\/","title":{"rendered":"Sur 586 communes, cette ville pr\u00e8s de Toulouse est la championne 2026 de l&rsquo;augmentation des imp\u00f4ts, le maire s&rsquo;explique"},"content":{"rendered":"<p>                    Par<br \/>\n        <strong><br \/>\n            <a href=\"https:\/\/actu.fr\/auteur\/guillaume-laurens\" title=\"Consulter tous les articles de Guillaume Laurens\" rel=\"nofollow noopener\" target=\"_blank\">Guillaume Laurens<\/a><br \/>\n                    <\/strong><\/p>\n<p>        Publi\u00e9 le<\/p>\n<p>            3 sept. 2026 \u00e0 7h06        <\/p>\n<p>Et la palme 2026 de la <strong>hausse de la taxe fonci\u00e8re<\/strong> est attribu\u00e9e \u00e0\u2026 <a href=\"https:\/\/actu.fr\/occitanie\/leguevin_31291\" rel=\"nofollow noopener\" target=\"_blank\"><strong>L\u00e9guevin<\/strong><\/a>. Fr\u00f4lant d\u00e9sormais le seuil symbolique de <strong>10 000 habitants<\/strong>, cette ville de l\u2019ouest de Toulouse est en effet la commune qui enregistre la plus forte augmentation de la taxe communale sur le <strong>foncier b\u00e2ti<\/strong> parmi les 586 du d\u00e9partement. Comment justifier une telle augmentation ? Et les nouveaux taux d\u2019imposition \u00e0 L\u00e9guevin sont-ils dans la norme par rapport aux autres communes ? Le maire (DVD) <strong>\u00c9tienne Cardeilhac-Pugens<\/strong> s\u2019en explique aussi aupr\u00e8s d\u2019Actu Toulouse.<\/p>\n<p>Quasiment 20 % de hausse d\u2019imp\u00f4ts \u00e0 L\u00e9guevin<\/p>\n<p class=\" wall-content\">Apr\u00e8s les petites communes <a href=\"https:\/\/actu.fr\/occitanie\/lourde_31306\/classement-toutes-les-communes-de-haute-garonne-ou-les-impots-augmentent-en-2025_63108213.html\" rel=\"nofollow noopener\" target=\"_blank\">de Lourde<\/a> (\u00e0 ne pas confondre avec la cit\u00e9 mariale \u00e9ponyme, + 39,99\u2009% en 2025) et <a href=\"https:\/\/actu.fr\/occitanie\/gemil_31216\/on-devient-la-zone-dortoir-de-toulouse-ce-maire-explique-pourquoi-il-augmente-fortement-les-impots_61577498.html\" rel=\"nofollow noopener\" target=\"_blank\">de G\u00e9mil <\/a>(+ 17,79\u2009% en 2024), c\u2019est donc une ville de bien plus grande importance qui r\u00e9colte les lauriers du <strong>champion annuel des augmentations d\u2019imp\u00f4ts<\/strong> en Haute-Garonne : avec une hausse de <strong>19,98 %<\/strong>, L\u00e9guevin, 9 945 habitants, se hisse en effet sur la plus haute marche de ce podium peu envi\u00e9.<\/p>\n<p class=\" wall-content\">\u00c0 signaler toutefois que pour les autres taxes (foncier non b\u00e2ti et taxe d\u2019habitation sur les r\u00e9sidences secondaires), le taux reste inchang\u00e9 \u00e0 L\u00e9guevin.<\/p>\n<p>L\u00e9guevin devance Saint-Orens et Lespinasse<\/p>\n<p class=\" wall-content\">Au total, <strong>119 des 586 communes<\/strong> de Haute-Garonne ont d\u00e9cid\u00e9 d\u2019augmenter leur part de la taxe sur le foncier b\u00e2ti en 2026 (contre quatre seulement qui ont choisi de le baisser), et parmi elles, seules cinq ont augment\u00e9 les imp\u00f4ts de plus de 10 %. L\u00e9guevin devance deux autres villes de l\u2019agglom\u00e9ration de Toulouse : <strong>Saint-Orens-de-Gameville<\/strong> (+18,01 %, taux communal \u00e0 49,28 %) et <strong>Lespinasse<\/strong> (+ 17,32 %, taux communal \u00e0 40,65 %).<\/p>\n<p>\u00ab\u00a0Une distinction essentielle\u00a0\u00bb \u00e0 faire, insiste le maire<\/p>\n<p class=\" wall-content\">Comment expliquer une telle hausse \u00e0 L\u00e9guevin ? \u00ab\u00a0La publication des taux de fiscalit\u00e9 2026 place effectivement L\u00e9guevin parmi les communes ayant connu la plus forte \u00e9volution cette ann\u00e9e\u00a0\u00bb, reconna\u00eet <strong>\u00c9tienne Cardeilhac-Pugens<\/strong>, interrog\u00e9 par Actu Toulouse. \u00ab\u00a0Mais \u00eatre en haut du classement des hausses ne signifie pas \u00eatre en haut du classement des taux. C\u2019est <strong>une distinction essentielle\u00a0\u00bb.<\/strong><\/p>\n<p>O\u00f9 se situe L\u00e9guevin par rapport aux autres communes ?<\/p>\n<p class=\" wall-content\">Malgr\u00e9 cette hausse cons\u00e9quente, la mairie de L\u00e9guevin n\u2019est en effet pas la championne d\u00e9partementale de la fiscalit\u00e9 globale. Avec quasiment 20 % d\u2019augmentation, le taux communal sur le foncier b\u00e2ti y passe de <strong>40,04 % en 2025<\/strong> \u00e0 <strong>48,04 % en 2026<\/strong>, ce qui place la commune en <strong>39e position<\/strong> (sur 586 donc) parmi celles \u00e0 la fiscalit\u00e9 la plus \u00e9lev\u00e9e. En un an, L\u00e9guevin gagne plus d\u2019une centaine de places dans ce classement domin\u00e9 par plusieurs communes du Sicoval, le bonnet d\u2019\u00e2ne revenant encore et toujours \u00e0 <strong>Castanet-Tolosan<\/strong> (61,90 %). \u00c0 l\u2019inverse, la commune \u00e0 la plus faible fiscalit\u00e9 est <strong>N\u00e9nigan<\/strong>, dans le Comminges (22,90 %). <strong>Toulouse<\/strong> campe au milieu de classement (35,35 %), la moyenne du taux communal de la taxe sur le foncier b\u00e2ti s\u2019\u00e9tablissant dans le d\u00e9partement, selon nos informations, \u00e0 <strong>35,12 %.\u00a0<\/strong><\/p>\n<p>Une augmentation plus forte encore\u2026 \u00e0 cause des bases fiscales<\/p>\n<p>\u00c0 L\u00e9guevin, l&rsquo;augmentation sera en r\u00e9alit\u00e9 plus forte encore pour les contribuables, l\u2019\u00c9tat ayant une nouvelle fois d\u00e9cid\u00e9 d\u2019augmenter ses bases fiscales, sur lesquelles s\u2019applique l&rsquo;imposition partout en France. Index\u00e9es sur les prix \u00e0 la consommation, ces bases \u2014 qui fluctuent en fonction de la valeur des biens immobiliers \u2014 sont r\u00e9\u00e9tudi\u00e9es chaque ann\u00e9e. En 2026, celles de la taxe fonci\u00e8re augmentent encore de 0,8\u2009%.<\/p>\n<p>\u00ab\u00a0Regarder l\u2019ensemble de la trajectoire fiscale\u00a0\u00bb<\/p>\n<p class=\" wall-content\">\u00c9tienne Cardeilhac-Pugens fait valoir que \u00ab\u00a0depuis la suppression de la taxe d\u2019habitation, la Ville de L\u00e9guevin a fait le choix de ne pas compenser cette <strong>perte d\u2019autonomie fiscale<\/strong> par une augmentation \u00e9quivalente de la taxe fonci\u00e8re, contrairement \u00e0 de nombreuses collectivit\u00e9s\u00a0\u00bb.<\/p>\n<blockquote class=\"ac-article-quote wall-content\">\n<p>Avant la d\u00e9cision de 2026, le taux communal \u00e9tait ainsi de\u00a040,04 %\u00a0et la pression fiscale communale et intercommunale de\u00a042,54 %, contre\u00a050,72 % en moyenne dans le panel de communes comparables \u00e9tudi\u00e9 par la Ville.<\/p>\n<p>    <strong>\u00c9tienne Cardeilhac-Pugens<\/strong><br \/>\n        Maire (DVD) de L\u00e9guevin    <\/p><\/blockquote>\n<p class=\" wall-content\">\u00ab\u00a0Une hausse annuelle fait un classement. Un taux mesure une r\u00e9alit\u00e9\u00a0\u00bb, soutient le maire, qui insiste : \u00ab\u00a0C\u2019est bien l\u2019ensemble de <strong>la trajectoire fiscale<\/strong> de L\u00e9guevin qu\u2019il faut regarder\u00a0\u00bb.<\/p>\n<p>Des imp\u00f4ts plus \u00e9lev\u00e9s \u00e0 L\u00e9guevin qu\u2019\u00e0 Toulouse<\/p>\n<p class=\" wall-content\">Pour comparer les <strong>imp\u00f4ts des L\u00e9guevinois<\/strong> \u00e0 ceux des habitants alentours, il faut en effet additionner \u00e0 la part communale la <strong>part intercommunale <\/strong>de la taxe fonci\u00e8re (bien qu\u2019elle soit fortement plus faible partout). Dans l\u2019agglo du Grand-Ouest Toulousain, dont fait partie L\u00e9guevin, cette part intercommunale est actuellement de 2,50 %, contre 13,20 % \u00e0 Toulouse M\u00e9tropole (stable dans les deux cas).<\/p>\n<p class=\" wall-content\">Pour un propri\u00e9taire d\u2019un appartement ou d\u2019une maison, la pression fiscale globale est aujourd\u2019hui de <strong>48,55 % \u00e0 Toulouse<\/strong>, contre d\u00e9sormais <strong>50,54 % \u00e0 L\u00e9guevin<\/strong>. Cela signifie donc que <strong>les imp\u00f4ts sont plus \u00e9lev\u00e9s \u00e0 L\u00e9guevin qu\u2019\u00e0 Toulouse<\/strong>, bien que les services publics y soient forc\u00e9ment moindres. La pression fiscale y est aussi plus forte que dans une <strong>tr\u00e8s large majorit\u00e9<\/strong> du d\u00e9partement, mais elle reste inf\u00e9rieure \u00e0 certaines communes alentours, comme <strong>Plaisance-du-Touch<\/strong> et <strong>La Salvetat-Saint-Gilles<\/strong>, \u00e9galement dans le Grand Ouest Toulousain (total fiscal respectivement de 56,24 % et 53 %)\u00a0 et tr\u00e8s largement en-de\u00e7\u00e0 de certaines villes de l\u2019agglo, notamment dans le Sicoval (total fiscal de 69,82 % \u00e0 Ramonville et m\u00eame de 72,83 % \u00e0 Castanet !).<\/p>\n<p>\u00ab\u00a0Aujourd\u2019hui, la r\u00e9alit\u00e9 s\u2019impose\u00a0\u00bb<\/p>\n<p class=\" wall-content\">Quant \u00e0 savoir pourquoi la municipalit\u00e9 de L\u00e9guevin a fait le choix d\u2019augmenter les imp\u00f4ts, \u00ab\u00a0aujourd\u2019hui, <strong>la r\u00e9alit\u00e9 s\u2019impose<\/strong> \u00e0 toutes les communes\u00a0\u00bb, d\u00e9fend \u00c9tienne Cardeilhac-Pugens, qui invoque plusieurs raisons : <strong>\u00ab\u00a0Inflation<\/strong>, augmentation des <strong>cotisations retraites d\u00e9cid\u00e9e par l\u2019\u00c9tat<\/strong>, hausse des <strong>assurances<\/strong> et des <strong>charges<\/strong> contraintes, r\u00e9duction de notre <strong>autonomie fiscale<\/strong> et progression du co\u00fbt des services publics\u00a0\u00bb.<\/p>\n<blockquote class=\"ac-article-quote wall-content\">\n<p>Pour la seule CNRACL (Caisse nationale de retraites des agents des collectivit\u00e9s locales, NDLR), trois points suppl\u00e9mentaires de cotisation ont notamment \u00e9t\u00e9 int\u00e9gr\u00e9s aux pr\u00e9visions 2026.<\/p>\n<p>    <strong>\u00c9tienne Cardeilhac-Pugens<\/strong>\n            <\/p><\/blockquote>\n<p>Une forte pression d\u00e9mographique \u00e0 L\u00e9guevin<\/p>\n<p class=\" wall-content\">Au final, l\u2019\u00e9dile dit avoir \u00ab\u00a0fait un choix pragmatique\u00a0\u00bb : celui de \u00ab\u00a0rapprocher L\u00e9guevin des niveaux de fiscalit\u00e9 des communes comparables, non pas pour d\u00e9penser davantage, mais pour <strong>conserver des services publics de qualit\u00e9<\/strong> et surtout financer l\u2019avenir : nos <strong>\u00e9coles<\/strong>, nos <strong>\u00e9quipements<\/strong>, notre <strong>patrimoine<\/strong>, la <strong>s\u00e9curit\u00e9<\/strong> et les investissements n\u00e9cessaires \u00e0 une ville qui grandit\u00a0\u00bb.<\/p>\n<p class=\" wall-content\">Port\u00e9e par la forte <strong>dynamique d\u00e9mographique<\/strong> de la grande couronne toulousaine, L\u00e9guevin, qui ne comptait que 2 000 habitants en 1975, est aujourd\u2019hui la <strong>20e commune la plus peupl\u00e9e<\/strong> de Haute-Garonne. Entre 2017 et 2023, selon l\u2019Insee, la ville a connu une hausse de population de 1,3 % par an.<\/p>\n<p class=\" wall-content\">Personnalisez votre actualit\u00e9 en ajoutant vos villes et m\u00e9dias en favori avec <a href=\"https:\/\/moncompte.actu.fr\" title=\"D\u00e9couvez Mon Actu\" rel=\"nofollow noopener\" data-trk=\"{&quot;cta&quot;:{&quot;action&quot;:&quot;https:\\\/\\\/moncompte.actu.fr&quot;,&quot;category&quot;:&quot;mon compte&quot;,&quot;from&quot;:&quot;article footer&quot;,&quot;name&quot;:&quot;Mon actu&quot;,&quot;type&quot;:&quot;cta&quot;}}\" target=\"_blank\">Mon Actu<\/a>.<\/p>\n","protected":false},"excerpt":{"rendered":"Par Guillaume Laurens Publi\u00e9 le 3 sept. 2026 \u00e0 7h06 Et la palme 2026 de la hausse de&hellip;\n","protected":false},"author":2,"featured_media":1164493,"comment_status":"","ping_status":"","sticky":false,"template":"","format":"standard","meta":{"footnotes":"","_share_on_mastodon":"0"},"categories":[2816],"tags":[1111,11,1777,674,1011,27,342,12,2680,25,104,2549,9908,2312],"class_list":["post-1164492","post","type-post","status-publish","format-standard","has-post-thumbnail","category-toulouse","tag-actu","tag-actualites","tag-eu","tag-europe","tag-fr","tag-france","tag-impots","tag-news","tag-occitanie","tag-republique-francaise","tag-societe","tag-taxe","tag-taxe-fonciere","tag-toulouse"],"share_on_mastodon":{"url":"https:\/\/pubeurope.com\/@fr\/117205669419335950","error":""},"_links":{"self":[{"href":"https:\/\/www.europesays.com\/fr\/wp-json\/wp\/v2\/posts\/1164492","targetHints":{"allow":["GET"]}}],"collection":[{"href":"https:\/\/www.europesays.com\/fr\/wp-json\/wp\/v2\/posts"}],"about":[{"href":"https:\/\/www.europesays.com\/fr\/wp-json\/wp\/v2\/types\/post"}],"author":[{"embeddable":true,"href":"https:\/\/www.europesays.com\/fr\/wp-json\/wp\/v2\/users\/2"}],"replies":[{"embeddable":true,"href":"https:\/\/www.europesays.com\/fr\/wp-json\/wp\/v2\/comments?post=1164492"}],"version-history":[{"count":0,"href":"https:\/\/www.europesays.com\/fr\/wp-json\/wp\/v2\/posts\/1164492\/revisions"}],"wp:featuredmedia":[{"embeddable":true,"href":"https:\/\/www.europesays.com\/fr\/wp-json\/wp\/v2\/media\/1164493"}],"wp:attachment":[{"href":"https:\/\/www.europesays.com\/fr\/wp-json\/wp\/v2\/media?parent=1164492"}],"wp:term":[{"taxonomy":"category","embeddable":true,"href":"https:\/\/www.europesays.com\/fr\/wp-json\/wp\/v2\/categories?post=1164492"},{"taxonomy":"post_tag","embeddable":true,"href":"https:\/\/www.europesays.com\/fr\/wp-json\/wp\/v2\/tags?post=1164492"}],"curies":[{"name":"wp","href":"https:\/\/api.w.org\/{rel}","templated":true}]}}