{"id":1164494,"date":"2026-09-03T06:22:22","date_gmt":"2026-09-03T06:22:22","guid":{"rendered":"https:\/\/www.europesays.com\/fr\/1164494\/"},"modified":"2026-09-03T06:22:22","modified_gmt":"2026-09-03T06:22:22","slug":"ligue-1-lille-veut-continuer-de-voir-la-vie-en-rose-a-toulouse-avant-la-ligue-des-champions","status":"publish","type":"post","link":"https:\/\/www.europesays.com\/fr\/1164494\/","title":{"rendered":"Ligue 1: Lille veut continuer de voir la vie en rose \u00e0 Toulouse, avant la Ligue des champions"},"content":{"rendered":"<p class=\"mb-4 text-lg md:leading-8 break-words\">Invaincu en deux matches cette saison et tout proche de faire tomber le Paris SG vendredi dernier, Lille veut poursuivre son d\u00e9but de saison s\u00e9duisant sur la pelouse de Toulouse jeudi (20h45), lors de la 3e journ\u00e9e de Ligue 1, avant de lancer son parcours en Ligue des champions.<\/p>\n<p class=\"mb-4 text-lg md:leading-8 break-words\">Apr\u00e8s une victoire inaugurale \u00e0 Angers (2-0), acquise gr\u00e2ce \u00e0 un tr\u00e8s bon d\u00e9but de match et une gestion s\u00e9rieuse du score, le Losc a \u00e9t\u00e9 tout proche de r\u00e9aliser son premier beau coup de l&rsquo;\u00e8re Davide Ancelotti, en conc\u00e9dant le nul (2-2) avec deux buts encaiss\u00e9s dans le temps additionnel face au PSG.<\/p>\n<p class=\"mb-4 text-lg md:leading-8 break-words\">Pour sa premi\u00e8re au stade Pierre-Mauroy, sous les yeux de son p\u00e8re Carlo, l&rsquo;entra\u00eeneur italien a donn\u00e9 un bel aper\u00e7u du football qu&rsquo;il veut proposer \u00e0 Lille, avec une \u00e9quipe qui a jou\u00e9 avec beaucoup d&rsquo;intensit\u00e9 et de verticalit\u00e9, notamment en premi\u00e8re p\u00e9riode.<\/p>\n<p class=\"mb-4 text-lg md:leading-8 break-words\">\u00ab\u00a0Ils peuvent marquer de nombreuses mani\u00e8res. C&rsquo;est une \u00e9quipe tr\u00e8s dynamique, qui joue vite, se d\u00e9place bien, et avec de tr\u00e8s bonnes individualit\u00e9s, de l&rsquo;exp\u00e9rience\u00a0\u00bb, a observ\u00e9 l&rsquo;entra\u00eeneur danois de Toulouse Jens Berthel Askou en conf\u00e9rence de presse mercredi.\u00a0<\/p>\n<p class=\"mb-4 text-lg md:leading-8 break-words\">Un football s\u00e9duisant mais co\u00fbteux en \u00e9nergie, comme l&rsquo;a montr\u00e9 la deuxi\u00e8me mi-temps face au PSG, m\u00eame si l&rsquo;opposition ne devrait pas \u00eatre aussi relev\u00e9e en Occitanie.<\/p>\n<p class=\"mb-4 text-lg md:leading-8 break-words\">\u00ab\u00a0Si on veut jouer un jeu vertical, on doit d\u00e9penser beaucoup d&rsquo;\u00e9nergie. Et forc\u00e9ment (contre Paris), on \u00e9tait un peu plus bas en deuxi\u00e8me mi-temps, parce que c&rsquo;est un adversaire qui ne perd pas le ballon. Et nous, on \u00e9tait fatigu\u00e9s\u00a0\u00bb, a comment\u00e9 mercredi Davide Ancelotti.<\/p>\n<p class=\"mb-4 text-lg md:leading-8 break-words\">Pour l&rsquo;ancien adjoint au Real Madrid, la marge de progression de ses joueurs r\u00e9side dans la capacit\u00e9 \u00e0 \u00ab\u00a0garder un peu plus le ballon\u00a0\u00bb pour mieux g\u00e9rer les fins de matches: un \u00e9l\u00e9ment qui a p\u00e9ch\u00e9 en fin de match face aux doubles champions d&rsquo;Europe en titre.<\/p>\n<p class=\"mb-4 text-lg md:leading-8 break-words\">&#8211; Deux renforts en fin de mercato &#8211;<\/p>\n<p class=\"mb-4 text-lg md:leading-8 break-words\">Frustr\u00e9 de l&rsquo;issue, mais aussi galvanis\u00e9 par sa belle performance, le Losc reste malgr\u00e9 tout \u00ab\u00a0focus\u00a0\u00bb sur le match face \u00e0 Toulouse en Ligue 1, \u00e0 moins d&rsquo;une semaine de ses d\u00e9buts en Ligue des champions, mardi prochain face au Betis S\u00e9ville \u00e0 domicile.<\/p>\n<p class=\"mb-4 text-lg md:leading-8 break-words\">\u00ab\u00a0Le club a l&rsquo;habitude, il joue l&rsquo;Europe presque tous les ans et on sait qu&rsquo;il faut toujours recommencer de z\u00e9ro. On n&rsquo;a encore rien fait, le match de vendredi c&rsquo;est fini. Le focus est total sur le match de demain, c&rsquo;est le match le plus important pour nous pour le moment\u00a0\u00bb, a soulign\u00e9 Davide Ancelotti.<\/p>\n<p class=\"mb-4 text-lg md:leading-8 break-words\">Pour mieux g\u00e9rer l&rsquo;encha\u00eenement des matches et l&rsquo;approche du d\u00e9but de la C1, le club nordiste a enregistr\u00e9 deux recrues dans les derni\u00e8res 24 heures du mercato &#8211; l&rsquo;attaquant japonais Ayase Ueda et le milieu de terrain danois Maurits Kjaergaard &#8211; et achev\u00e9 la p\u00e9riode des transferts avec un bilan positif de 120 millions d&rsquo;euros, gr\u00e2ce aux d\u00e9parts d&rsquo;Ayyoub Bouaddi \u00e0 Manchester City et de Matias Fernandez-Pardo \u00e0 Newcastle.<\/p>\n<p class=\"mb-4 text-lg md:leading-8 break-words\">\u00ab\u00a0On est couvert sur tous les postes et on est pr\u00eat pour une saison tr\u00e8s difficile, avec beaucoup de matches. Je dois faire des choix, mais c&rsquo;est un bon probl\u00e8me pour moi\u00a0\u00bb, a d\u00e9clar\u00e9 un Davide Ancelotti satisfait du groupe \u00e0 sa disposition.<\/p>\n<p class=\"mb-4 text-lg md:leading-8 break-words\">A lui d\u00e9sormais de composer son onze de d\u00e9part d\u00e8s jeudi, dans un match qui sera \u00ab\u00a0tr\u00e8s spectaculaire \u00e0 regarder, a promis le coach toulousain Jens Berthel Askou, entre deux \u00e9quipes tr\u00e8s dynamiques, qui vont prendre des risques, vont vouloir jouer, presser haut\u00a0\u00bb.<\/p>\n<p class=\"mb-4 text-lg md:leading-8 break-words\">bdu-fby\/ah<\/p>\n","protected":false},"excerpt":{"rendered":"Invaincu en deux matches cette saison et tout proche de faire tomber le Paris SG vendredi dernier, Lille&hellip;\n","protected":false},"author":2,"featured_media":1164495,"comment_status":"","ping_status":"","sticky":false,"template":"","format":"standard","meta":{"footnotes":"","_share_on_mastodon":"0"},"categories":[2816],"tags":[5742,1111,11,120019,120016,48743,120026,100535,120029,120030,120035,120014,1777,674,120027,1011,27,120022,120013,120018,120009,1307,120015,2267,120031,120025,120024,9862,120028,12,120033,120010,2680,120017,120008,57117,120011,93,25,120020,118106,120034,2312,120023,9066,120021,120012,120032],"class_list":["post-1164494","post","type-post","status-publish","format-standard","has-post-thumbnail","category-toulouse","tag-5742","tag-actu","tag-actualites","tag-ayase-ueda-et-le","tag-bel-apercu-du-football","tag-betis-seville","tag-cest-une-equipe-tres-dynamique","tag-davide-ancelotti","tag-doit-depenser-beaucoup","tag-encaisses-dans-le-temps","tag-entre-deux-equipes-tres-dynamiques","tag-etait-un-peu","tag-eu","tag-europe","tag-faut-toujours-recommencer-de-zero","tag-fr","tag-france","tag-je-dois-faire-des-choix","tag-jens-berthel","tag-joue-avec-beaucoup-dintensite","tag-le-28-aout-2026","tag-lille","tag-lille-veut-poursuivre-son-debut-de-saison","tag-losc","tag-marquer-de-nombreuses","tag-maurits-kjaergaard-et","tag-meme-si-lopposition-ne-devrait","tag-moment","tag-na-encore-rien-fait","tag-news","tag-notamment-en-premiere-periode-ils","tag-nul-contre-le","tag-occitanie","tag-onze-de-depart-des-jeudi","tag-paris-sg-en-ligue-1","tag-pierre-mauroy","tag-pour-sa-premiere-au-stade","tag-psg","tag-republique-francaise","tag-reside-dans-la-capacite-a-garder","tag-sameer-al-doumy","tag-semaine-de-ses-debuts-en-ligue-des-champions","tag-toulouse","tag-toulouse-en-ligue-1","tag-un","tag-vendredi-dernier","tag-veut-jouer-un-jeu-vertical","tag-vouloir-jouer"],"share_on_mastodon":{"url":"","error":"Validation failed: Text character limit of 500 exceeded"},"_links":{"self":[{"href":"https:\/\/www.europesays.com\/fr\/wp-json\/wp\/v2\/posts\/1164494","targetHints":{"allow":["GET"]}}],"collection":[{"href":"https:\/\/www.europesays.com\/fr\/wp-json\/wp\/v2\/posts"}],"about":[{"href":"https:\/\/www.europesays.com\/fr\/wp-json\/wp\/v2\/types\/post"}],"author":[{"embeddable":true,"href":"https:\/\/www.europesays.com\/fr\/wp-json\/wp\/v2\/users\/2"}],"replies":[{"embeddable":true,"href":"https:\/\/www.europesays.com\/fr\/wp-json\/wp\/v2\/comments?post=1164494"}],"version-history":[{"count":0,"href":"https:\/\/www.europesays.com\/fr\/wp-json\/wp\/v2\/posts\/1164494\/revisions"}],"wp:featuredmedia":[{"embeddable":true,"href":"https:\/\/www.europesays.com\/fr\/wp-json\/wp\/v2\/media\/1164495"}],"wp:attachment":[{"href":"https:\/\/www.europesays.com\/fr\/wp-json\/wp\/v2\/media?parent=1164494"}],"wp:term":[{"taxonomy":"category","embeddable":true,"href":"https:\/\/www.europesays.com\/fr\/wp-json\/wp\/v2\/categories?post=1164494"},{"taxonomy":"post_tag","embeddable":true,"href":"https:\/\/www.europesays.com\/fr\/wp-json\/wp\/v2\/tags?post=1164494"}],"curies":[{"name":"wp","href":"https:\/\/api.w.org\/{rel}","templated":true}]}}