{"id":1164500,"date":"2026-09-03T06:25:43","date_gmt":"2026-09-03T06:25:43","guid":{"rendered":"https:\/\/www.europesays.com\/fr\/1164500\/"},"modified":"2026-09-03T06:25:43","modified_gmt":"2026-09-03T06:25:43","slug":"narcotrafic-ces-sejours-de-remobilisation-a-letranger-aident-des-jeunes-vauclusiens-a-sortir-de-lengrenage","status":"publish","type":"post","link":"https:\/\/www.europesays.com\/fr\/1164500\/","title":{"rendered":"Narcotrafic\u00a0: ces \u00ab\u00a0s\u00e9jours de remobilisation\u00a0\u00bb \u00e0 l\u2019\u00e9tranger aident des jeunes Vauclusiens \u00e0 sortir de l\u2019engrenage"},"content":{"rendered":"<p>Partir \u00e0 l\u2019\u00e9tranger pendant plusieurs semaines, plusieurs mois, pour couper compl\u00e8tement avec son environnement et se reconstruire. Dans le Vaucluse, il existe un dispositif d\u00e9partemental pour aider des jeunes accompagn\u00e9s par les services de protection de l\u2019enfance (comme les mineurs confi\u00e9s \u00e0 l\u2019Aide sociale \u00e0 l\u2019enfance),<strong> <\/strong>\u00e0 s\u2019extraire de leur milieu pour rejoindre des centres \u00e9ducatifs.<\/p>\n<p><strong\/>Financ\u00e9s par le d\u00e9partement, les s\u00e9jours de remobilisation ne s\u2019adressent pas uniquement aux jeunes en proie au <a href=\"https:\/\/www.laprovence.com\/article\/faits-divers-justice\/1744142387426914\/comment-le-narcobanditisme-transforme-des-petites-mains-endettees-en-tueurs-a-gages\" target=\"_self\" rel=\"nofollow noopener\">pi\u00e8ge du narcotrafic<\/a>, mais plus largement \u00e0 des mineurs en danger dans leur environnement quotidien et d\u00e9pourvus de solution pour y \u00e9chapper. Comme des enfants tomb\u00e9s dans la <a href=\"https:\/\/www.laprovence.com\/article\/region\/54433874439346\/les-travailleurs-sociaux-du-vaucluse-ultime-rempart-contre-la-prostitution-des-mineurs\" target=\"_self\" rel=\"nofollow noopener\">prostitution de mineurs<\/a>, la d\u00e9linquance, ou sujets \u00e0 des fugues r\u00e9p\u00e9t\u00e9es pour fuir leur famille, leur foyer.<\/p>\n<p>\u00ab\u00a0Certains peuvent \u00eatre confront\u00e9s \u00e0 un danger absolu, une grande fragilit\u00e9 psychologique, \u00e0 une forte instabilit\u00e9 ou encore \u00e0 des difficult\u00e9s relationnelles et \u00e9ducatives importantes\u00a0\u00bb, \u00e9claire le d\u00e9partement de Vaucluse, pr\u00e9cisant qu\u2019il n\u2019existe pas en France \u00ab\u00a0de dispositif d\u00e9partemental nationalement standardis\u00e9\u00a0\u00bb et que collectivit\u00e9 peut mobiliser ce type de prise en charge.<\/p>\n<p>\u00ab\u00a0Un tremplin pour se repenser\u00a0\u00bb<\/p>\n<p>Longtemp&#8230;<\/p>\n","protected":false},"excerpt":{"rendered":"Partir \u00e0 l\u2019\u00e9tranger pendant plusieurs semaines, plusieurs mois, pour couper compl\u00e8tement avec son environnement et se reconstruire. Dans&hellip;\n","protected":false},"author":2,"featured_media":1164501,"comment_status":"","ping_status":"","sticky":false,"template":"","format":"standard","meta":{"footnotes":"","_share_on_mastodon":"0"},"categories":[2814],"tags":[5734,1111,11,15170,9122,154,1777,674,274,1011,27,56292,884,8721,12,882,120036,25,71580],"class_list":["post-1164500","post","type-post","status-publish","format-standard","has-post-thumbnail","category-marseille","tag-5734","tag-actu","tag-actualites","tag-aident","tag-ces","tag-des","tag-eu","tag-europe","tag-faits-divers-justice","tag-fr","tag-france","tag-letranger","tag-marseille","tag-narcotrafic","tag-news","tag-provence-alpes-cote-dazur","tag-remobilisation","tag-republique-francaise","tag-sejours"],"share_on_mastodon":{"url":"https:\/\/pubeurope.com\/@fr\/117205684862597225","error":""},"_links":{"self":[{"href":"https:\/\/www.europesays.com\/fr\/wp-json\/wp\/v2\/posts\/1164500","targetHints":{"allow":["GET"]}}],"collection":[{"href":"https:\/\/www.europesays.com\/fr\/wp-json\/wp\/v2\/posts"}],"about":[{"href":"https:\/\/www.europesays.com\/fr\/wp-json\/wp\/v2\/types\/post"}],"author":[{"embeddable":true,"href":"https:\/\/www.europesays.com\/fr\/wp-json\/wp\/v2\/users\/2"}],"replies":[{"embeddable":true,"href":"https:\/\/www.europesays.com\/fr\/wp-json\/wp\/v2\/comments?post=1164500"}],"version-history":[{"count":0,"href":"https:\/\/www.europesays.com\/fr\/wp-json\/wp\/v2\/posts\/1164500\/revisions"}],"wp:featuredmedia":[{"embeddable":true,"href":"https:\/\/www.europesays.com\/fr\/wp-json\/wp\/v2\/media\/1164501"}],"wp:attachment":[{"href":"https:\/\/www.europesays.com\/fr\/wp-json\/wp\/v2\/media?parent=1164500"}],"wp:term":[{"taxonomy":"category","embeddable":true,"href":"https:\/\/www.europesays.com\/fr\/wp-json\/wp\/v2\/categories?post=1164500"},{"taxonomy":"post_tag","embeddable":true,"href":"https:\/\/www.europesays.com\/fr\/wp-json\/wp\/v2\/tags?post=1164500"}],"curies":[{"name":"wp","href":"https:\/\/api.w.org\/{rel}","templated":true}]}}