{"id":1164502,"date":"2026-09-03T06:27:46","date_gmt":"2026-09-03T06:27:46","guid":{"rendered":"https:\/\/www.europesays.com\/fr\/1164502\/"},"modified":"2026-09-03T06:27:46","modified_gmt":"2026-09-03T06:27:46","slug":"metro-m2-marseille-interruption-partielle-ce-jeudi-3-septembre-dans-la-soiree-une-station-fermee","status":"publish","type":"post","link":"https:\/\/www.europesays.com\/fr\/1164502\/","title":{"rendered":"M\u00e9tro M2 Marseille : interruption partielle ce jeudi 3 septembre dans la soir\u00e9e, une station ferm\u00e9e"},"content":{"rendered":"<p>Coup de frein sur le <a href=\"https:\/\/www.laprovence.com\/article\/faits-divers-justice\/2955117745033414\/metro-a-marseille-un-bagage-abandonne-sur-la-ligne-m1-sept-stations-non-desservies\" target=\"_self\" rel=\"nofollow noopener\">M2 <\/a>ce jeudi soir. Les usagers du m\u00e9tro marseillais devront s&rsquo;organiser autrement <strong>entre 21h30 et 1h du matin<\/strong>, le temps de travaux men\u00e9s dans le cadre du projet Euromed sur la station <a href=\"https:\/\/www.laprovence.com\/article\/region\/32845238397232\/metro-a-marseille-la-station-geze-sur-la-ligne-2-ne-sera-pas-desservie-les-27-aout-et-3-septembre-en-soiree\" target=\"_self\" rel=\"nofollow noopener\">G\u00e8ze<\/a>.<\/p>\n<p>Service partiel sur la ligne<\/p>\n<p>La <a href=\"https:\/\/www.rtm.fr\/infos-trafic\/6349800408559301069\" target=\"_blank\" rel=\"nofollow noopener\">RTM <\/a>met en place un <strong>service partiel sur la ligne<\/strong>, qui circulera uniquement entre les stations <a href=\"https:\/\/www.laprovence.com\/article\/societe\/17345609730078\/etape-decisive-pour-la-piscine-bougainville-a-marseille\" target=\"_self\" rel=\"nofollow noopener\">Bougainville <\/a>et Sainte-Marguerite Dromel. Une seule station est concern\u00e9e par cette interruption : <strong>G\u00e8ze<\/strong>, qui ne sera donc pas accessible en m\u00e9tro durant cette plage horaire.<\/p>\n<p>Pour les voyageurs habitu\u00e9s \u00e0 ce trajet, voici les derniers horaires \u00e0 conna\u00eetre avant la coupure : le <strong>dernier d\u00e9part de Sainte-Marguerite Dromel vers G\u00e8ze est pr\u00e9vu \u00e0 21h04<\/strong>, tandis que le dernier d\u00e9part de G\u00e8ze vers Sainte-Marguerite Dromel aura lieu \u00e0 21h27. Le service reprendra ensuite avec un premier d\u00e9part de Bougainville vers <a href=\"https:\/\/www.laprovence.com\/article\/region\/2374498986685214\/cest-un-tournant-pour-nous-ce-parking-et-le-tramway-a-marseille-les-habitants-de-sainte-marguerite-dans-lattente\" target=\"_self\" rel=\"nofollow noopener\">Sainte-Marguerite Dromel<\/a> \u00e0 21h36.<\/p>\n<p>Pour ceux qui doivent tout de m\u00eame se rendre ou passer par le secteur de G\u00e8ze durant cette soir\u00e9e, la RTM recommande une solution alternative : le <a href=\"https:\/\/www.laprovence.com\/article\/societe\/485145716095314\/depuis-le-temps-lextension-du-tramway-t3-a-marseille-de-geze-a-la-gaye-en-service-debut-2026\" target=\"_self\" rel=\"nofollow noopener\">tramway T3<\/a>, qui permet de contourner la portion de ligne ferm\u00e9e.<\/p>\n<p>Le trafic du <a href=\"https:\/\/www.laprovence.com\/article\/region\/87435497268421\/plusieurs-stations-a-larret-ce-mardi-matin-dans-le-metro-marseillais-en-raison-dun-incident-technique\" target=\"_self\" rel=\"nofollow noopener\">m\u00e9tro <\/a>M2 devrait retrouver un <strong>fonctionnement normal <\/strong>sur l&rsquo;ensemble de son parcours, y compris \u00e0 la station G\u00e8ze, d\u00e8s 1h du matin. Les usagers sont invit\u00e9s \u00e0 anticiper leurs d\u00e9placements de fin de soir\u00e9e en tenant compte de ces horaires modifi\u00e9s.<\/p>\n","protected":false},"excerpt":{"rendered":"Coup de frein sur le M2 ce jeudi soir. Les usagers du m\u00e9tro marseillais devront s&rsquo;organiser autrement entre&hellip;\n","protected":false},"author":2,"featured_media":1164503,"comment_status":"","ping_status":"","sticky":false,"template":"","format":"standard","meta":{"footnotes":"","_share_on_mastodon":"0"},"categories":[2814],"tags":[5734,1111,11,1777,674,1011,27,9272,884,4047,12,5461,882,25,104,3467,3356,6013],"class_list":["post-1164502","post","type-post","status-publish","format-standard","has-post-thumbnail","category-marseille","tag-5734","tag-actu","tag-actualites","tag-eu","tag-europe","tag-fr","tag-france","tag-jeudi","tag-marseille","tag-metro","tag-news","tag-perturbation","tag-provence-alpes-cote-dazur","tag-republique-francaise","tag-societe","tag-soir","tag-sur","tag-voici"],"share_on_mastodon":{"url":"https:\/\/pubeurope.com\/@fr\/117205692963101540","error":""},"_links":{"self":[{"href":"https:\/\/www.europesays.com\/fr\/wp-json\/wp\/v2\/posts\/1164502","targetHints":{"allow":["GET"]}}],"collection":[{"href":"https:\/\/www.europesays.com\/fr\/wp-json\/wp\/v2\/posts"}],"about":[{"href":"https:\/\/www.europesays.com\/fr\/wp-json\/wp\/v2\/types\/post"}],"author":[{"embeddable":true,"href":"https:\/\/www.europesays.com\/fr\/wp-json\/wp\/v2\/users\/2"}],"replies":[{"embeddable":true,"href":"https:\/\/www.europesays.com\/fr\/wp-json\/wp\/v2\/comments?post=1164502"}],"version-history":[{"count":0,"href":"https:\/\/www.europesays.com\/fr\/wp-json\/wp\/v2\/posts\/1164502\/revisions"}],"wp:featuredmedia":[{"embeddable":true,"href":"https:\/\/www.europesays.com\/fr\/wp-json\/wp\/v2\/media\/1164503"}],"wp:attachment":[{"href":"https:\/\/www.europesays.com\/fr\/wp-json\/wp\/v2\/media?parent=1164502"}],"wp:term":[{"taxonomy":"category","embeddable":true,"href":"https:\/\/www.europesays.com\/fr\/wp-json\/wp\/v2\/categories?post=1164502"},{"taxonomy":"post_tag","embeddable":true,"href":"https:\/\/www.europesays.com\/fr\/wp-json\/wp\/v2\/tags?post=1164502"}],"curies":[{"name":"wp","href":"https:\/\/api.w.org\/{rel}","templated":true}]}}