{"id":1164504,"date":"2026-09-03T06:29:19","date_gmt":"2026-09-03T06:29:19","guid":{"rendered":"https:\/\/www.europesays.com\/fr\/1164504\/"},"modified":"2026-09-03T06:29:19","modified_gmt":"2026-09-03T06:29:19","slug":"lyon-il-menace-de-crever-un-chauffeur-de-bus-tcl-apres-un-simple-bonjour","status":"publish","type":"post","link":"https:\/\/www.europesays.com\/fr\/1164504\/","title":{"rendered":"Lyon : il menace de \u00ab\u00a0crever\u00a0\u00bb un chauffeur de bus TCL apr\u00e8s un simple bonjour"},"content":{"rendered":"<p itemprop=\"description\"><strong>Un conducteur de la ligne 72 a \u00e9t\u00e9 insult\u00e9 et menac\u00e9 dimanche soir \u00e0 Lyon par un passager qui semblait sous l\u2019effet de stup\u00e9fiants. Le chauffeur a d\u00e9pos\u00e9 plainte.<\/strong><\/p>\n<p>Un simple salut aurait suffi \u00e0 provoquer une violente altercation ce dimanche 30 ao\u00fbt dans un bus TCL.<\/p>\n<p>Vers 22h30, le conducteur de la ligne 72 a dit \u00ab\u00a0bonjour\u00a0\u00bb \u00e0 un jeune homme qui venait de monter \u00e0 bord. Sans r\u00e9ponse, il a r\u00e9p\u00e9t\u00e9 son salut un peu plus fort.<\/p>\n<p>Vex\u00e9, le passager s\u2019est alors montr\u00e9 particuli\u00e8rement agressif. Il a insult\u00e9 le chauffeur, l\u2019a film\u00e9 avec son t\u00e9l\u00e9phone et a prof\u00e9r\u00e9 plusieurs menaces \u00e0 son encontre.<\/p>\n<p>\u00ab\u00a0Je vais te casser la gueule, je vais te crever\u00a0\u00bb, lui a-t-il notamment lanc\u00e9 avant de quitter le bus \u00e0 Gorge-de-Loup selon le Progr\u00e8s.<\/p>\n<p>Le jeune homme semblait \u00eatre sous l\u2019effet de stup\u00e9fiants. Le conducteur a depuis d\u00e9pos\u00e9 plainte.<\/p>\n","protected":false},"excerpt":{"rendered":"Un conducteur de la ligne 72 a \u00e9t\u00e9 insult\u00e9 et menac\u00e9 dimanche soir \u00e0 Lyon par un passager&hellip;\n","protected":false},"author":2,"featured_media":1164505,"comment_status":"","ping_status":"","sticky":false,"template":"","format":"standard","meta":{"footnotes":"","_share_on_mastodon":"0"},"categories":[1889],"tags":[1111,11,2813,2190,2430,1109,251,1112,2811,1777,674,118,1011,27,1922,1110,1114,2428,2810,12,241,316,25,2812,517,800],"class_list":["post-1164504","post","type-post","status-publish","format-standard","has-post-thumbnail","category-lyon","tag-actu","tag-actualites","tag-article","tag-asvel","tag-auvergne-rhone-alpes","tag-breves","tag-culture","tag-depeches","tag-economique","tag-eu","tag-europe","tag-faits-divers","tag-fr","tag-france","tag-info","tag-informations","tag-infos","tag-lyon","tag-lyonmag","tag-news","tag-ol","tag-politique","tag-republique-francaise","tag-sociale","tag-sport","tag-transports"],"share_on_mastodon":{"url":"https:\/\/pubeurope.com\/@fr\/117205700812496264","error":""},"_links":{"self":[{"href":"https:\/\/www.europesays.com\/fr\/wp-json\/wp\/v2\/posts\/1164504","targetHints":{"allow":["GET"]}}],"collection":[{"href":"https:\/\/www.europesays.com\/fr\/wp-json\/wp\/v2\/posts"}],"about":[{"href":"https:\/\/www.europesays.com\/fr\/wp-json\/wp\/v2\/types\/post"}],"author":[{"embeddable":true,"href":"https:\/\/www.europesays.com\/fr\/wp-json\/wp\/v2\/users\/2"}],"replies":[{"embeddable":true,"href":"https:\/\/www.europesays.com\/fr\/wp-json\/wp\/v2\/comments?post=1164504"}],"version-history":[{"count":0,"href":"https:\/\/www.europesays.com\/fr\/wp-json\/wp\/v2\/posts\/1164504\/revisions"}],"wp:featuredmedia":[{"embeddable":true,"href":"https:\/\/www.europesays.com\/fr\/wp-json\/wp\/v2\/media\/1164505"}],"wp:attachment":[{"href":"https:\/\/www.europesays.com\/fr\/wp-json\/wp\/v2\/media?parent=1164504"}],"wp:term":[{"taxonomy":"category","embeddable":true,"href":"https:\/\/www.europesays.com\/fr\/wp-json\/wp\/v2\/categories?post=1164504"},{"taxonomy":"post_tag","embeddable":true,"href":"https:\/\/www.europesays.com\/fr\/wp-json\/wp\/v2\/tags?post=1164504"}],"curies":[{"name":"wp","href":"https:\/\/api.w.org\/{rel}","templated":true}]}}