{"id":1164506,"date":"2026-09-03T06:31:15","date_gmt":"2026-09-03T06:31:15","guid":{"rendered":"https:\/\/www.europesays.com\/fr\/1164506\/"},"modified":"2026-09-03T06:31:15","modified_gmt":"2026-09-03T06:31:15","slug":"armoire-a-bottes-sacs-de-couchage-et-toilettes-seches-a-lyon-une-creche-de-plein-air-pionniere-qui-ravit-grands-et-petits","status":"publish","type":"post","link":"https:\/\/www.europesays.com\/fr\/1164506\/","title":{"rendered":"Armoire \u00e0 bottes, sacs de couchage et toilettes s\u00e8ches\u00a0: \u00e0 Lyon, une cr\u00e8che de plein air pionni\u00e8re qui ravit grands et petits"},"content":{"rendered":"<p>\n    <strong>REPORTAGE &#8211;<\/strong> La premi\u00e8re cr\u00e8che municipale de plein air de France a ouvert le 15 juin dernier dans le 5e arrondissement de Lyon. Malgr\u00e9 un \u00e9t\u00e9 caniculaire, elle n\u2019a pas rencontr\u00e9 de difficult\u00e9s majeures.<\/p>\n<p class=\"fig-paragraph\">\u00ab\u00a0Ici c\u2019est un peu la plage toute l\u2019ann\u00e9e\u00a0\u00bb. Sous le soleil de septembre, Oliver transvase des seaux entiers de sable depuis le bac ombrag\u00e9 par un grand m\u00fbrier, concentr\u00e9. Comme ses 19 petits camarades de la\u00a0<a href=\"http:\/\/www.lefigaro.fr\/lyon\/a-lyon-bientot-des-creches-en-plein-air-pour-les-tout-petits-20230123\" data-fig-type=\"Article\" data-gtm-custom-categorie=\"navigation\" data-gtm-custom-action=\"crossclick\" data-gtm-custom-label=\"Contextuel\" data-gtm-event=\"customEventSPE\" data-fig-domain=\"LEFIGARO\" rel=\"nofollow noopener\" target=\"_blank\">cr\u00e8che de plein air<\/a>\u00a0Jeanne Barret, il passe le plus clair de sa journ\u00e9e dehors, dans un des deux jardins de cet \u00e9tablissement municipal de la ville de Lyon ouvert depuis le 15 juin dans le quartier Champvert (5e arrondissement).\u00a0<a href=\"http:\/\/www.lefigaro.fr\/lyon\/lyon-la-mairie-souhaite-ouvrir-deux-creches-de-plein-air-une-premiere-en-france-20250424\" data-fig-type=\"NewsFlash\" data-gtm-custom-categorie=\"navigation\" data-gtm-custom-action=\"crossclick\" data-gtm-custom-label=\"Contextuel\" data-gtm-event=\"customEventSPE\" data-fig-domain=\"LEFIGARO\" rel=\"nofollow noopener\" target=\"_blank\">Une premi\u00e8re en France<\/a>, apr\u00e8s l\u2019ouverture d\u2019une cr\u00e8che associative de ce type en 2025, dans le 3e arrondissement&#8230; de Lyon d\u00e9j\u00e0.<\/p>\n<p class=\"fig-paragraph\">Une fois accueillis sous le pr\u00e9au, o\u00f9 ils laissent leurs affaires, les enfants, \u00e2g\u00e9s de 15 mois \u00e0 3 ans, ne rentrent que tr\u00e8s rarement dans la salle int\u00e9rieure, qui reste cependant ouverte et \u00e0 leur disposition. Elle est utilis\u00e9e comme lieu de repli, suivant le protocole pr\u00e9vu en cas de m\u00e9t\u00e9o extr\u00eame. Ce n\u2019est arriv\u00e9 qu\u2019une fois, malgr\u00e9 l\u2019\u00e9t\u00e9 harassant qu\u2019a v\u00e9cu Lyon. M\u00eame en plein \u00e9pisode caniculaire, l\u2019ombre du grand m\u00fbrier\u2026<\/p>\n<p class=\"fig-premium-paywall__infos\">\n        Cet article est r\u00e9serv\u00e9 aux abonn\u00e9s.        Il vous reste 79% \u00e0 d\u00e9couvrir.\n    <\/p>\n<p>                <img  data- alt=\"Le Figaro\" class=\"fig-img--complete fig-img\"\/><\/p>\n<p class=\"fig-premium-paywall__title\">Vente Flash<\/p>\n<p class=\"fig-premium-paywall__subtitle\">-70% sur votre abonnement. Sans engagement.<\/p>\n<p class=\"fig-premium-paywall__connect\">\n                D\u00e9j\u00e0 abonn\u00e9\u00a0?                <a class=\"fig-premium-paywall__connect-link\" href=\"https:\/\/connect.lefigaro.fr\/login?client=horizon_web&amp;type=main&amp;redirect_uri=https%3A%2F%2Fwww.lefigaro.fr%2Flyon%2Farmoire-a-bottes-sacs-de-couchage-et-toilettes-seches-a-lyon-une-creche-de-plein-air-pionniere-qui-ravit-grands-et-petits-20260903\" data-js-gtm=\"{&quot;event&quot;:&quot;customEventGA4&quot;,&quot;eventName&quot;:&quot;click_action&quot;,&quot;feature&quot;:&quot;paywall&quot;,&quot;location&quot;:&quot;paywall&quot;,&quot;button_action&quot;:&quot;connect&quot;,&quot;click_text&quot;:&quot;Connectez-vous&quot;}\" rel=\"nofollow noopener\" target=\"_blank\"><br \/>\n                    Connectez-vous<br \/>\n                <\/a>\n            <\/p>\n","protected":false},"excerpt":{"rendered":"REPORTAGE &#8211; La premi\u00e8re cr\u00e8che municipale de plein air de France a ouvert le 15 juin dernier dans&hellip;\n","protected":false},"author":2,"featured_media":1164507,"comment_status":"","ping_status":"","sticky":false,"template":"","format":"standard","meta":{"footnotes":"","_share_on_mastodon":"0"},"categories":[1889],"tags":[1111,11,2430,2695,1777,674,1011,27,2428,12,10585,25],"class_list":["post-1164506","post","type-post","status-publish","format-standard","has-post-thumbnail","category-lyon","tag-actu","tag-actualites","tag-auvergne-rhone-alpes","tag-creche","tag-eu","tag-europe","tag-fr","tag-france","tag-lyon","tag-news","tag-petite-enfance","tag-republique-francaise"],"share_on_mastodon":{"url":"https:\/\/pubeurope.com\/@fr\/117205709029549390","error":""},"_links":{"self":[{"href":"https:\/\/www.europesays.com\/fr\/wp-json\/wp\/v2\/posts\/1164506","targetHints":{"allow":["GET"]}}],"collection":[{"href":"https:\/\/www.europesays.com\/fr\/wp-json\/wp\/v2\/posts"}],"about":[{"href":"https:\/\/www.europesays.com\/fr\/wp-json\/wp\/v2\/types\/post"}],"author":[{"embeddable":true,"href":"https:\/\/www.europesays.com\/fr\/wp-json\/wp\/v2\/users\/2"}],"replies":[{"embeddable":true,"href":"https:\/\/www.europesays.com\/fr\/wp-json\/wp\/v2\/comments?post=1164506"}],"version-history":[{"count":0,"href":"https:\/\/www.europesays.com\/fr\/wp-json\/wp\/v2\/posts\/1164506\/revisions"}],"wp:featuredmedia":[{"embeddable":true,"href":"https:\/\/www.europesays.com\/fr\/wp-json\/wp\/v2\/media\/1164507"}],"wp:attachment":[{"href":"https:\/\/www.europesays.com\/fr\/wp-json\/wp\/v2\/media?parent=1164506"}],"wp:term":[{"taxonomy":"category","embeddable":true,"href":"https:\/\/www.europesays.com\/fr\/wp-json\/wp\/v2\/categories?post=1164506"},{"taxonomy":"post_tag","embeddable":true,"href":"https:\/\/www.europesays.com\/fr\/wp-json\/wp\/v2\/tags?post=1164506"}],"curies":[{"name":"wp","href":"https:\/\/api.w.org\/{rel}","templated":true}]}}