{"id":1164508,"date":"2026-09-03T06:32:24","date_gmt":"2026-09-03T06:32:24","guid":{"rendered":"https:\/\/www.europesays.com\/fr\/1164508\/"},"modified":"2026-09-03T06:32:24","modified_gmt":"2026-09-03T06:32:24","slug":"casting-pour-une-serie-depoque-des-figurants-recherches-dans-loise-et-en-ile-de-france","status":"publish","type":"post","link":"https:\/\/www.europesays.com\/fr\/1164508\/","title":{"rendered":"Casting pour une s\u00e9rie d&rsquo;\u00e9poque : des figurants recherch\u00e9s dans l&rsquo;Oise et en Ile-de-France"},"content":{"rendered":"<p>                    Par<br \/>\n        <strong><br \/>\n            <a href=\"https:\/\/actu.fr\/auteur\/redaction-oise\" title=\"Consulter tous les articles de R\u00e9daction Oise\" rel=\"nofollow noopener\" target=\"_blank\">R\u00e9daction Oise<\/a><br \/>\n                    <\/strong><\/p>\n<p>        Publi\u00e9 le<\/p>\n<p>            3 sept. 2026 \u00e0 6h08        <\/p>\n<p>La production de la saison 2 de la s\u00e9rie <strong>Car\u00eame<\/strong>, diffus\u00e9e sur <strong>Apple TV+<\/strong>, recherche des figurants dans l\u2019<a href=\"http:\/\/actu.fr\/oise\/\" rel=\"nofollow noopener\" target=\"_blank\">Oise<\/a> et en <a href=\"https:\/\/actu.fr\/ile-de-france\/\" rel=\"nofollow noopener\" target=\"_blank\">Ile-de-France<\/a> pour appara\u00eetre dans l\u2019\u0153uvre d\u2019\u00e9poque. Plus particuli\u00e8rement, un casting vient d\u2019\u00eatre lanc\u00e9 pour trouver des femmes et des hommes \u00e0 partir de 18 ans, qui souhaiteraient appara\u00eetre dans cette s\u00e9rie d\u2019\u00e9poque.<\/p>\n<p class=\" wall-content\">Les tournages auront lieu \u00e0 <strong>Compi\u00e8gne<\/strong>, <a href=\"https:\/\/actu.fr\/hauts-de-france\/compiegne_60159\/un-etat-preoccupant-des-travaux-d-urgence-declenches-dans-cet-exceptionnel-tresor-de-l-oise_64511860.html\" rel=\"nofollow noopener\" target=\"_blank\">ville imp\u00e9riale r\u00e9put\u00e9e pour son ch\u00e2teau<\/a>, qui f\u00fbt r\u00e9sidence de Napol\u00e9on Ier, ainsi qu\u2019\u00e0 <strong>Paris<\/strong>, entre octobre et novembre 2026. La date pr\u00e9cise d\u00e9pendra du profil s\u00e9lectionn\u00e9 et des besoins des diff\u00e9rentes s\u00e9quences.<\/p>\n<p>Epoque napol\u00e9onienne<\/p>\n<p class=\" wall-content\">L\u2019annonce pr\u00e9cise que la production recherche des profils \u00ab\u00a0avec une apparence compatible avec une fiction situ\u00e9e au d\u00e9but des ann\u00e9es 1800 \u00bb.<\/p>\n<p class=\" wall-content\">En effet, la s\u00e9rie Car\u00eame se d\u00e9roule \u00e0 l\u2019\u00e9poque napol\u00e9onienne et retrace l\u2019histoire d\u2019Antonin Car\u00eame, jeune p\u00e2tissier devenu le chef cuisinier le plus c\u00e9l\u00e8bre de son \u00e9poque, incarn\u00e9 ici par Benjamin Voisin.<\/p>\n<blockquote class=\"ac-article-quote wall-content\">\n<p>Aucune exp\u00e9rience pr\u00e9alable comme figurant n\u2019est mentionn\u00e9e comme obligatoire. Cependant, certaines exp\u00e9riences professionnelles int\u00e9ressent particuli\u00e8rement l\u2019\u00e9quipe de casting. Si vous avez d\u00e9j\u00e0 travaill\u00e9 dans l\u2019un des domaines suivants, il faut le pr\u00e9ciser dans votre candidature : cuisine, service, arm\u00e9e et tir. Ainsi, une exp\u00e9rience r\u00e9elle dans ces secteurs peut permettre \u00e0 l\u2019\u00e9quipe de vous orienter vers certaines sc\u00e8nes.<\/p>\n<p>    <strong>Annonce de casting<\/strong>\n            <\/p><\/blockquote>\n<p>98,48 euros bruts<\/p>\n<p class=\" wall-content\">Une figuration r\u00e9mun\u00e9r\u00e9e \u00e0 hauteur de 98,48 euros bruts la journ\u00e9e. Toutefois, un essayage costume \u00e0 Saint-Denis peut \u00e9galement \u00eatre demand\u00e9 aux personnes s\u00e9lectionn\u00e9es. \u00ab\u00a0Dans ce cas, l\u2019indemnit\u00e9 pr\u00e9vue pour l\u2019essayage s\u2019\u00e9l\u00e8ve \u00e0 15,53 euros bruts\u00a0\u00bb, ajoute la production.<\/p>\n<p class=\" wall-content\">Pour candidater, il suffit d\u2019envoyer un selfie du jour avec les cheveux d\u00e9tach\u00e9s et d\u2019indiquer toute exp\u00e9rience professionnelle pouvant int\u00e9resser la production dans le cadre de ce tournage, via un formulaire sur la plateforme <a href=\"https:\/\/castprod.com\/poste\/casting-figurants-saison-2-serie-careme\/\" rel=\"nofollow noopener\" target=\"_blank\">Castprod<\/a>.<\/p>\n<p class=\" wall-content\">\u00ab\u00a0Par ailleurs, les barbes et les moustaches sont bienvenues\u00a0\u00bb, ajoute la production. \u00ab\u00a0Ce d\u00e9tail peut avoir son importance pour une s\u00e9rie d\u2019\u00e9poque. En effet, les coiffures, pilosit\u00e9s et costumes contribuent directement \u00e0 la cr\u00e9dibilit\u00e9 des sc\u00e8nes\u00a0\u00bb.<\/p>\n<p class=\" wall-content\">Personnalisez votre actualit\u00e9 en ajoutant vos villes et m\u00e9dias en favori avec <a href=\"https:\/\/moncompte.actu.fr\" title=\"D\u00e9couvez Mon Actu\" rel=\"nofollow noopener\" data-trk=\"{&quot;cta&quot;:{&quot;action&quot;:&quot;https:\\\/\\\/moncompte.actu.fr&quot;,&quot;category&quot;:&quot;mon compte&quot;,&quot;from&quot;:&quot;article footer&quot;,&quot;name&quot;:&quot;Mon actu&quot;,&quot;type&quot;:&quot;cta&quot;}}\" target=\"_blank\">Mon Actu<\/a>.<\/p>\n","protected":false},"excerpt":{"rendered":"Par R\u00e9daction Oise Publi\u00e9 le 3 sept. 2026 \u00e0 6h08 La production de la saison 2 de la&hellip;\n","protected":false},"author":2,"featured_media":1164509,"comment_status":"","ping_status":"","sticky":false,"template":"","format":"standard","meta":{"footnotes":"","_share_on_mastodon":"0"},"categories":[1592],"tags":[1111,11,11668,650,1777,674,1011,27,662,12,626,25,104],"class_list":["post-1164508","post","type-post","status-publish","format-standard","has-post-thumbnail","category-ile-de-france","tag-actu","tag-actualites","tag-casting","tag-cinema","tag-eu","tag-europe","tag-fr","tag-france","tag-ile-de-france","tag-news","tag-paris","tag-republique-francaise","tag-societe"],"share_on_mastodon":{"url":"https:\/\/pubeurope.com\/@fr\/117205712772236898","error":""},"_links":{"self":[{"href":"https:\/\/www.europesays.com\/fr\/wp-json\/wp\/v2\/posts\/1164508","targetHints":{"allow":["GET"]}}],"collection":[{"href":"https:\/\/www.europesays.com\/fr\/wp-json\/wp\/v2\/posts"}],"about":[{"href":"https:\/\/www.europesays.com\/fr\/wp-json\/wp\/v2\/types\/post"}],"author":[{"embeddable":true,"href":"https:\/\/www.europesays.com\/fr\/wp-json\/wp\/v2\/users\/2"}],"replies":[{"embeddable":true,"href":"https:\/\/www.europesays.com\/fr\/wp-json\/wp\/v2\/comments?post=1164508"}],"version-history":[{"count":0,"href":"https:\/\/www.europesays.com\/fr\/wp-json\/wp\/v2\/posts\/1164508\/revisions"}],"wp:featuredmedia":[{"embeddable":true,"href":"https:\/\/www.europesays.com\/fr\/wp-json\/wp\/v2\/media\/1164509"}],"wp:attachment":[{"href":"https:\/\/www.europesays.com\/fr\/wp-json\/wp\/v2\/media?parent=1164508"}],"wp:term":[{"taxonomy":"category","embeddable":true,"href":"https:\/\/www.europesays.com\/fr\/wp-json\/wp\/v2\/categories?post=1164508"},{"taxonomy":"post_tag","embeddable":true,"href":"https:\/\/www.europesays.com\/fr\/wp-json\/wp\/v2\/tags?post=1164508"}],"curies":[{"name":"wp","href":"https:\/\/api.w.org\/{rel}","templated":true}]}}