{"id":1164510,"date":"2026-09-03T06:33:21","date_gmt":"2026-09-03T06:33:21","guid":{"rendered":"https:\/\/www.europesays.com\/fr\/1164510\/"},"modified":"2026-09-03T06:33:21","modified_gmt":"2026-09-03T06:33:21","slug":"pour-moi-cetait-un-reve-les-nouvelles-regles-dinscription-au-marathon-de-paris-font-des-centaines-de-decus","status":"publish","type":"post","link":"https:\/\/www.europesays.com\/fr\/1164510\/","title":{"rendered":"\u00ab\u00a0Pour moi, c\u2019\u00e9tait un r\u00eave\u00a0\u00bb : les nouvelles r\u00e8gles d&rsquo;inscription au marathon de Paris font des centaines de d\u00e9\u00e7us"},"content":{"rendered":"<p>                    Par<br \/>\n        <strong><br \/>\n            <a href=\"https:\/\/actu.fr\/auteur\/m-pomme\" title=\"Consulter tous les articles de Marie Pomme\" rel=\"nofollow noopener\" target=\"_blank\">Marie Pomme<\/a><br \/>\n                    <\/strong><\/p>\n<p>        Publi\u00e9 le<\/p>\n<p>            2 sept. 2026 \u00e0 17h40        <\/p>\n<p>\u00ab\u2009Pour moi, c\u2019\u00e9tait un r\u00eave\u2009\u00bb, soupire Jade. Comme des milliers de mordus de <a href=\"https:\/\/actu.fr\/ile-de-france\/paris_75056\/ces-parcs-et-jardins-de-paris-sont-parmi-les-preferes-des-adeptes-jogging_56439043.html\" rel=\"nofollow noopener\" target=\"_blank\">running<\/a>, elle a d\u00e9couvert hier <a href=\"https:\/\/actu.fr\/ile-de-france\/paris_75056\/pour-courir-le-marathon-de-paris-il-faudra-desormais-etre-tire-au-sort_64731364.html\" rel=\"nofollow noopener\" target=\"_blank\">les nouvelles r\u00e8gles<\/a> du <a href=\"https:\/\/actu.fr\/ile-de-france\/paris_75056\/coup-de-tonnerre-au-marathon-de-paris-l-organisateur-historique-aso-evince-un-nouvel-acteur-designe-pour-2027_64210755.html\" rel=\"nofollow noopener\" target=\"_blank\">marathon de Paris<\/a>, qui n\u2019ont pas manqu\u00e9 de faire des d\u00e9\u00e7us. \u00ab\u2009J\u2019ai commenc\u00e9 la <a href=\"https:\/\/actu.fr\/ile-de-france\/paris_75056\/running-a-paris-le-succes-durable-des-berges-de-seine-l-endroit-parfait-pour-des-milliers-de-coureurs_63919154.html\" rel=\"nofollow noopener\" target=\"_blank\">course \u00e0 pied<\/a> il y a deux ou trois ans et c\u2019est <a href=\"https:\/\/actu.fr\/ile-de-france\/paris_75056\/marathon-de-paris-ces-pieges-du-parcours-qui-peuvent-vous-faire-exploser-avant-l-arrivee_64124524.html\" rel=\"nofollow noopener\" target=\"_blank\">l\u2019\u00e9preuve<\/a> qui me fait r\u00eaver depuis le d\u00e9but\u2009\u00bb, relate la Bretonne. Au point que le marathon de Paris \u00e9tait d\u00e9j\u00e0 dans son agenda pour l\u2019ann\u00e9e 2027\u2026 avant que les cartes ne soient rebattues.<\/p>\n<p>\u00ab\u2009Je ne suis pas s\u00fbre d\u2019\u00eatre prise\u2009\u00bb<\/p>\n<p class=\" wall-content\">Il faudra d\u00e9sormais passer l\u2019\u00e9preuve du tirage au sort comme c\u2019est d\u00e9j\u00e0 le cas pour sept des huit marathons majeurs (Londres, Berlin, New York, Chicago, Tokyo, Le Cap et Sydney). Jade ne se fait pas d\u2019illusion\u2009: \u00ab\u2009Je vais m\u2019inscrire mais je suis d\u00e9\u00e7ue car je ne suis pas s\u00fbre d\u2019\u00eatre prise\u2009\u00bb. D\u2019autres changements sont \u00e0 pr\u00e9voir\u2009: les m\u00e9dailles et t-shirts de finisher ne seront plus distribu\u00e9s automatiquement.<\/p>\n<p class=\" wall-content\">Comme elle, sur les r\u00e9seaux sociaux, les internautes ne cachent pas leur d\u00e9ception et leur col\u00e8re : \u00ab\u2009C\u2019est honteux. Si c\u2019est notre course habituelle on fait comment\u2009? s\u2019interroge un abonn\u00e9 sur Instagram. Si on veut courir \u00e0 plusieurs on fait comment\u2009? On nous avait pourtant promis des dossards moins chers et une facilit\u00e9 d\u2019inscription\u2026\u2009\u00bb Plus loin, un autre laisse \u00e9clater sa col\u00e8re\u2009: \u00ab\u2009Du grand n\u2019importe quoi\u2009! La honte, il faut respecter les personnes qui s\u2019entra\u00eenent durement pour participer\u2009\u00bb.<\/p>\n<p class=\" wall-content\">C\u2019est le cas de Jade. Depuis qu\u2019elle a commenc\u00e9 la course \u00e0 pied, elle encha\u00eene les semi-marathons. Un engouement confirm\u00e9 par le <a href=\"https:\/\/actu.fr\/ile-de-france\/paris_75056\/j-ai-couru-les-10-km-de-paris-petite-etude-des-especes-qui-peuplent-les-sas-de-depart_64367312.html\" rel=\"nofollow noopener\" target=\"_blank\">10K de Paris<\/a>, couru cette ann\u00e9e. \u00ab\u2009C\u2019\u00e9tait tellement g\u00e9nial de voir autant de monde qui court pour le m\u00eame but, autant de supporters le long du parcours, et puis l\u2019ambiance \u00e9tait folle\u2009! exulte-t-elle. \u00c7a me donnait envie de revivre une course \u00e0 Paris.\u2009\u00bb<\/p>\n<p>Appels au boycott<\/p>\n<p class=\" wall-content\">La trentenaire avait d\u2019ailleurs d\u00e9j\u00e0 pr\u00e9vu son ann\u00e9e en fonction du marathon. \u00ab\u2009Je fais Tout Rennes court en octobre, le semi de Milan en mars et apr\u00e8s je voulais encha\u00eener direct avec le marathon de Paris\u2009\u00bb, pr\u00e9vu le 11\u00a0avril 2027.<\/p>\n<p class=\" wall-content\">Sur les r\u00e9seaux, certains appellent \u00e0 d\u00e9serter la course. \u00ab\u2009C\u2019est totalement d\u00e9bile, il faut boycotter le marathon de Paris\u2009\u00bb, \u00e9crit Philippe. En dessous, Mohammed se contente d\u2019un lapidaire \u00ab\u2009ce sera sans moi\u2009\u00bb. Certains enfin parviennent encore \u00e0 trouver un peu d\u2019humour (grin\u00e7ant)\u2009: \u00ab\u2009Et tu dois aussi tirer au sort si tu as le droit de porter une chaussure plaque carbone, chaussures de run classique, claquettes, ou pieds nus\u2009?\u2009\u00bb<\/p>\n<p class=\" wall-content\">Personnalisez votre actualit\u00e9 en ajoutant vos villes et m\u00e9dias en favori avec <a href=\"https:\/\/moncompte.actu.fr\" title=\"D\u00e9couvez Mon Actu\" rel=\"nofollow noopener\" data-trk=\"{&quot;cta&quot;:{&quot;action&quot;:&quot;https:\\\/\\\/moncompte.actu.fr&quot;,&quot;category&quot;:&quot;mon compte&quot;,&quot;from&quot;:&quot;article footer&quot;,&quot;name&quot;:&quot;Mon actu&quot;,&quot;type&quot;:&quot;cta&quot;}}\" target=\"_blank\">Mon Actu<\/a>.<\/p>\n","protected":false},"excerpt":{"rendered":"Par Marie Pomme Publi\u00e9 le 2 sept. 2026 \u00e0 17h40 \u00ab\u2009Pour moi, c\u2019\u00e9tait un r\u00eave\u2009\u00bb, soupire Jade. Comme&hellip;\n","protected":false},"author":2,"featured_media":979179,"comment_status":"","ping_status":"","sticky":false,"template":"","format":"standard","meta":{"footnotes":"","_share_on_mastodon":"0"},"categories":[1888],"tags":[1111,1928,11,1927,4132,7712,1777,674,1011,27,12,1926,626,1925,25,7135,60],"class_list":["post-1164510","post","type-post","status-publish","format-standard","has-post-thumbnail","category-paris","tag-actu","tag-actu-paris","tag-actualites","tag-actualites-paris","tag-athletisme","tag-course-a-pied","tag-eu","tag-europe","tag-fr","tag-france","tag-news","tag-news-paris","tag-paris","tag-paris-news","tag-republique-francaise","tag-running","tag-sports"],"share_on_mastodon":{"url":"https:\/\/pubeurope.com\/@fr\/117205716653856190","error":""},"_links":{"self":[{"href":"https:\/\/www.europesays.com\/fr\/wp-json\/wp\/v2\/posts\/1164510","targetHints":{"allow":["GET"]}}],"collection":[{"href":"https:\/\/www.europesays.com\/fr\/wp-json\/wp\/v2\/posts"}],"about":[{"href":"https:\/\/www.europesays.com\/fr\/wp-json\/wp\/v2\/types\/post"}],"author":[{"embeddable":true,"href":"https:\/\/www.europesays.com\/fr\/wp-json\/wp\/v2\/users\/2"}],"replies":[{"embeddable":true,"href":"https:\/\/www.europesays.com\/fr\/wp-json\/wp\/v2\/comments?post=1164510"}],"version-history":[{"count":0,"href":"https:\/\/www.europesays.com\/fr\/wp-json\/wp\/v2\/posts\/1164510\/revisions"}],"wp:featuredmedia":[{"embeddable":true,"href":"https:\/\/www.europesays.com\/fr\/wp-json\/wp\/v2\/media\/979179"}],"wp:attachment":[{"href":"https:\/\/www.europesays.com\/fr\/wp-json\/wp\/v2\/media?parent=1164510"}],"wp:term":[{"taxonomy":"category","embeddable":true,"href":"https:\/\/www.europesays.com\/fr\/wp-json\/wp\/v2\/categories?post=1164510"},{"taxonomy":"post_tag","embeddable":true,"href":"https:\/\/www.europesays.com\/fr\/wp-json\/wp\/v2\/tags?post=1164510"}],"curies":[{"name":"wp","href":"https:\/\/api.w.org\/{rel}","templated":true}]}}