{"id":1164511,"date":"2026-09-03T06:35:14","date_gmt":"2026-09-03T06:35:14","guid":{"rendered":"https:\/\/www.europesays.com\/fr\/1164511\/"},"modified":"2026-09-03T06:35:14","modified_gmt":"2026-09-03T06:35:14","slug":"emmanuel-gregoire-lance-les-cantines-gratuites-a-paris","status":"publish","type":"post","link":"https:\/\/www.europesays.com\/fr\/1164511\/","title":{"rendered":"Emmanuel Gr\u00e9goire lance les cantines gratuites \u00e0 Paris"},"content":{"rendered":"<p>Pour beaucoup d\u2019entre nous, <strong>c\u2019est un traumatisme d\u2019enfance<\/strong>. Souvent, \u00e0 cette \u00e9poque, la cantine, \u00e7a se r\u00e9sume \u00e0 <strong>des haricots froids, <a href=\"https:\/\/www.lebonbon.fr\/paris\/les-tops-food-et-drink\/top-des-fishchips\/\" rel=\"nofollow noopener\" target=\"_blank\">du poisson pan\u00e9 en carton <\/a>et de la salade pi\u00e9montaise gorg\u00e9e de mayonnaise<\/strong>. Un traumatisme qui s\u2019\u00e9tend malheureusement \u00e0 beaucoup de parents, parfois de<strong> l\u2019incapacit\u00e9 d\u2019en assurer les frais pour leurs enfants<\/strong>. Une situation catastrophique, face \u00e0 laquelle<strong> le maire de Paris a d\u00e9cid\u00e9 d\u2019agir.<\/strong><\/p>\n<p>&#13;<br \/>\n<br \/>Des milliers de familles b\u00e9n\u00e9ficiaires&#13;<\/p>\n<p>Chaque jour, <strong>ils sont plus de 100 000 enfants <\/strong>\u00e0 d\u00e9jeuner dans les \u00e9coles primaires de la capitale. Et pour <strong>17 000 d&rsquo;entre eux,<\/strong> depuis ce <a href=\"https:\/\/www.lebonbon.fr\/paris\/les-tops-food-et-drink\/ouvertures-restos-allechantes-rentree-2026\/\" rel=\"nofollow noopener\" target=\"_blank\"><strong>mardi 1er septembre 2026<\/strong><\/a>, le repas est d\u00e9sormais gratuit. En effet, la mairie de Paris a d\u00e9cid\u00e9 de <strong>mettre en place une prise en charge totale des repas<\/strong> (d\u00e9jeuner et go\u00fbter) pour les enfants issus des<strong> familles les plus d\u00e9favoris\u00e9es<\/strong>. Un dispositif qui concerne<strong> les deux tranches les plus basses des quotients familiaux<\/strong>, ce qui repr\u00e9sente pas moins de<strong> 2,5 millions de repas par an<\/strong>, et un co\u00fbt suppl\u00e9mentaire de<strong> 1,2 million d\u2019euros pour la ville.<\/strong> M\u00eal\u00e9e \u00e0 un vrai <a href=\"https:\/\/www.lebonbon.fr\/paris\/healthy\/fruit-et-legumes-circuit-court-economies\/\" rel=\"nofollow noopener\" target=\"_blank\"><strong>travail sur le bio et le circuit court<\/strong><\/a>, cette nouvelle offre permet aux enfants issus de familles en difficult\u00e9 de <strong>profiter de repas \u00e9quilibr\u00e9s et de qualit\u00e9.<\/strong><\/p>\n<p>&#13;<\/p>\n<blockquote class=\"twitter-tweet\"><p>&#13;<\/p>\n<p lang=\"fr\" dir=\"ltr\">\u00c0 Paris, pr\u00e8s d\u2019un enfant sur cinq ne mange pas chaque jour \u00e0 sa faim car sa famille n\u2019en a pas toujours les moyens. <\/p>\n<p>J\u2019ai donc d\u00e9cid\u00e9 d\u2019une mesure radicale pour les prot\u00e9ger et leur permettre de disposer d\u2019une alimentation de qualit\u00e9\u00a0: \u00e0 partir de cette rentr\u00e9e, la cantine est\u2026 <a href=\"https:\/\/t.co\/QQE5rlxzRV\" rel=\"nofollow\">pic.twitter.com\/QQE5rlxzRV<\/a><\/p>\n<p>&#13;<br \/>\n\u2014 Emmanuel Gr\u00e9goire (@egregoire) <a href=\"https:\/\/x.com\/egregoire\/status\/2094779889509364223?ref_src=twsrc%5Etfw\" rel=\"nofollow\">September 1, 2026<\/a><\/p><\/blockquote>\n<p>&#13;<br \/>\n&#13;<br \/>\n<br \/>Une promesse qui s\u2019adresse \u00e0 tous&#13;<\/p>\n<p>Pour les autres familles, dont <strong>le co\u00fbt<\/strong> <strong>d\u2019un repas par jour et par enfant peut monter jusqu\u2019\u00e0 7\u20ac<\/strong> (pour <strong><a href=\"https:\/\/www.lebonbon.fr\/paris\/les-tops-food-et-drink\/adresses-dejeuner-moins-12-euros-paris\/\" rel=\"nofollow noopener\" target=\"_blank\">13\u20ac de valeur r\u00e9elle<\/a><\/strong>), le maire de Paris a d\u00e9cid\u00e9 d\u2019agir aussi, en annon\u00e7ant<strong> un gel des prix jusqu\u2019\u00e0 la fin de sa mandature, en 2032<\/strong>. Une excellente nouvelle qui risque cependant d\u2019avoir un <strong>co\u00fbt pour la ville<\/strong>, puisque si le prix des repas n\u2019augmentera pas, <strong>celui des mati\u00e8res premi\u00e8res et de l\u2019\u00e9nergie<\/strong>, lui, ne devrait <strong>pas rester fixe<\/strong>. Une mesure que <a href=\"https:\/\/www.lebonbon.fr\/paris\/news\/bientot-6-places-parisiennes-transformees-emmanuel-gregoire\/\" rel=\"nofollow noopener\" target=\"_blank\"><strong>le maire assume cependant \u00e0 100%<\/strong><\/a>, soulignant l\u2019importance d\u2019une <strong>alimentation saine, \u00e9quilibr\u00e9e et biologique<\/strong>, peu importe le co\u00fbt. Reste \u00e0 savoir s\u2019il n\u2019a pas eu <strong>les yeux un peu plus gros que le ventre\u2026<\/strong><\/p>\n<p>&#13;<\/p>\n<blockquote class=\"twitter-tweet\"><p>&#13;<\/p>\n<p lang=\"fr\" dir=\"ltr\">Les cantines scolaires parisiennes seront gratuites \u00e0 partir de la rentr\u00e9e de septembre pour les familles les plus modestes dans les \u00e9coles et les coll\u00e8ges publics, soit pour plus de 17.000 enfants, a annonc\u00e9 vendredi le maire de Paris Emmanuel Gr\u00e9goire. <a href=\"https:\/\/t.co\/KUHMOBBDWm\" rel=\"nofollow\">pic.twitter.com\/KUHMOBBDWm<\/a><\/p>\n<p>&#13;<br \/>\n\u2014 Brut FR (@brutofficiel) <a href=\"https:\/\/x.com\/brutofficiel\/status\/2062906749162491979?ref_src=twsrc%5Etfw\" rel=\"nofollow\">June 5, 2026<\/a><\/p><\/blockquote>\n<p>&#13;<br \/>\n<script async src=\"https:\/\/platform.twitter.com\/widgets.js\" charset=\"utf-8\"><\/script><\/p>\n","protected":false},"excerpt":{"rendered":"Pour beaucoup d\u2019entre nous, c\u2019est un traumatisme d\u2019enfance. Souvent, \u00e0 cette \u00e9poque, la cantine, \u00e7a se r\u00e9sume \u00e0&hellip;\n","protected":false},"author":2,"featured_media":1164512,"comment_status":"","ping_status":"","sticky":false,"template":"","format":"standard","meta":{"footnotes":"","_share_on_mastodon":"0"},"categories":[1888],"tags":[1111,1928,11,1927,1777,674,1011,27,12,1926,626,1925,25],"class_list":["post-1164511","post","type-post","status-publish","format-standard","has-post-thumbnail","category-paris","tag-actu","tag-actu-paris","tag-actualites","tag-actualites-paris","tag-eu","tag-europe","tag-fr","tag-france","tag-news","tag-news-paris","tag-paris","tag-paris-news","tag-republique-francaise"],"share_on_mastodon":{"url":"https:\/\/pubeurope.com\/@fr\/117205724486646256","error":""},"_links":{"self":[{"href":"https:\/\/www.europesays.com\/fr\/wp-json\/wp\/v2\/posts\/1164511","targetHints":{"allow":["GET"]}}],"collection":[{"href":"https:\/\/www.europesays.com\/fr\/wp-json\/wp\/v2\/posts"}],"about":[{"href":"https:\/\/www.europesays.com\/fr\/wp-json\/wp\/v2\/types\/post"}],"author":[{"embeddable":true,"href":"https:\/\/www.europesays.com\/fr\/wp-json\/wp\/v2\/users\/2"}],"replies":[{"embeddable":true,"href":"https:\/\/www.europesays.com\/fr\/wp-json\/wp\/v2\/comments?post=1164511"}],"version-history":[{"count":0,"href":"https:\/\/www.europesays.com\/fr\/wp-json\/wp\/v2\/posts\/1164511\/revisions"}],"wp:featuredmedia":[{"embeddable":true,"href":"https:\/\/www.europesays.com\/fr\/wp-json\/wp\/v2\/media\/1164512"}],"wp:attachment":[{"href":"https:\/\/www.europesays.com\/fr\/wp-json\/wp\/v2\/media?parent=1164511"}],"wp:term":[{"taxonomy":"category","embeddable":true,"href":"https:\/\/www.europesays.com\/fr\/wp-json\/wp\/v2\/categories?post=1164511"},{"taxonomy":"post_tag","embeddable":true,"href":"https:\/\/www.europesays.com\/fr\/wp-json\/wp\/v2\/tags?post=1164511"}],"curies":[{"name":"wp","href":"https:\/\/api.w.org\/{rel}","templated":true}]}}