{"id":1164517,"date":"2026-09-03T06:38:13","date_gmt":"2026-09-03T06:38:13","guid":{"rendered":"https:\/\/www.europesays.com\/fr\/1164517\/"},"modified":"2026-09-03T06:38:13","modified_gmt":"2026-09-03T06:38:13","slug":"poutine-declare-que-la-russie-pourrait-retirer-sa-base-militaire-darmenie-des-demain","status":"publish","type":"post","link":"https:\/\/www.europesays.com\/fr\/1164517\/","title":{"rendered":"Poutine d\u00e9clare que la Russie pourrait retirer sa base militaire d&rsquo;Arm\u00e9nie \u00ab d\u00e8s demain \u00bb"},"content":{"rendered":"<p>Le pr\u00e9sident russe Vladimir Poutine a d\u00e9clar\u00e9 que Moscou pourrait retirer sa base militaire d\u2019Arm\u00e9nie \u00ab d\u00e8s demain \u00bb si Erevan d\u00e9cidait qu\u2019elle n\u2019\u00e9tait plus n\u00e9cessaire, alors que les tensions entre les deux pays continuent de s\u2019intensifier en raison des projets de l\u2019Arm\u00e9nie visant \u00e0 renforcer ses liens avec l\u2019Union europ\u00e9enne.<\/p>\n<p>Poutine a tenu ces propos \u00e0 l\u2019issue d\u2019entretiens avec le Premier ministre arm\u00e9nien Nikol Pachinian, en marge d\u2019un sommet de l\u2019Organisation de coop\u00e9ration de Shanghai \u00e0 Bichkek, au Kirghizistan, mardi 1er septembre, en fin de journ\u00e9e. Les discussions ont principalement port\u00e9 sur l\u2019appel r\u00e9p\u00e9t\u00e9 de Moscou \u00e0 l\u2019Arm\u00e9nie d\u2019organiser un r\u00e9f\u00e9rendum afin de d\u00e9cider si elle souhaite adh\u00e9rer \u00e0 l\u2019Union europ\u00e9enne ou rester au sein de l\u2019Union \u00e9conomique eurasienne dirig\u00e9e par la Russie.<\/p>\n<p>Moscou a clairement indiqu\u00e9 \u00e0 plusieurs reprises qu\u2019elle ne traiterait plus Erevan de mani\u00e8re favorable dans le cadre de leurs relations \u00e9conomiques \u2013 notamment en lui vendant du gaz naturel \u00e0 un prix nettement inf\u00e9rieur \u00e0 celui pratiqu\u00e9 ailleurs \u2013 si l\u2019Arm\u00e9nie choisissait de s\u2019engager sur la voie de l\u2019adh\u00e9sion \u00e0 l\u2019UE.<\/p>\n<p>Pachinian a rejet\u00e9 \u00e0 plusieurs reprises les appels de Moscou en faveur d\u2019un r\u00e9f\u00e9rendum sur une \u00e9ventuelle adh\u00e9sion \u00e0 l\u2019UE, affirmant que, bien que l\u2019Arm\u00e9nie cherche \u00e0 diversifier ses relations politiques et commerciales, y compris avec Bruxelles, elle ne voyait pas de n\u00e9cessit\u00e9 urgente d\u2019organiser un vote officiel \u00e0 ce stade.<\/p>\n<p>Il a d\u00e9clar\u00e9 au pr\u00e9sident russe \u00e0 Bichkek que la question n\u2019\u00e9tait \u00ab pas encore suffisamment m\u00fbre \u00bb pour faire l\u2019objet d\u2019un r\u00e9f\u00e9rendum.<\/p>\n<p>Lors de la conf\u00e9rence de presse de Poutine \u00e0 l\u2019issue de la rencontre, un journaliste a fait remarquer qu\u2019Erevan avait officiellement cess\u00e9 de consid\u00e9rer Moscou comme un alli\u00e9 strat\u00e9gique et, \u00e0 cet \u00e9gard, a interrog\u00e9 le dirigeant russe sur la perspective d\u2019une pr\u00e9sence militaire russe continue en Arm\u00e9nie.<\/p>\n<p>Poutine a d\u00e9clar\u00e9 que Moscou retirerait sa base militaire de la ville arm\u00e9nienne de Gumri \u00ab m\u00eame d\u00e8s demain \u00bb si Erevan d\u00e9cidait qu\u2019elle n\u2019\u00e9tait plus n\u00e9cessaire.<\/p>\n<p>\u00ab Mais l\u2019Arm\u00e9nie est-elle pr\u00eate pour cela ? \u00bb, a-t-il d\u00e9clar\u00e9, selon l\u2019agence de presse d\u2019\u00c9tat russe TASS. \u00ab Nous n\u2019imposerons rien \u00e0 personne. Mais si le peuple arm\u00e9nien souhaite une certaine forme de pr\u00e9sence militaire russe sur place, alors nous resterons et continuerons \u00e0 travailler. \u00bb<\/p>\n<p>La Russie a maintenu sa pr\u00e9sence militaire en Arm\u00e9nie apr\u00e8s l\u2019effondrement de l\u2019Union sovi\u00e9tique en 1991. La 102e base militaire a \u00e9t\u00e9 \u00e9tablie \u00e0 Gumri dans le cadre d\u2019un accord inter\u00e9tatique sign\u00e9 par la Russie et l\u2019Arm\u00e9nie en 1995. L\u2019accord initial, d\u2019une dur\u00e9e de 25 ans, a \u00e9t\u00e9 prolong\u00e9 en 2010 jusqu\u2019en 2044.<\/p>\n<p>Pachinian a indiqu\u00e9 en f\u00e9vrier qu\u2019Erevan n\u2019avait pas l\u2019intention de mettre fin \u00e0 la pr\u00e9sence militaire russe en Arm\u00e9nie.<\/p>\n<p>Les autorit\u00e9s d\u2019Erevan ont pris soin de ne pas exiger la fermeture de la base militaire en Arm\u00e9nie ni le retrait des gardes-fronti\u00e8res russes d\u00e9ploy\u00e9s le long de ses fronti\u00e8res avec la Turquie et l\u2019Iran. Elles ont seulement veill\u00e9 \u00e0 ce qu\u2019en 2024, les gardes-fronti\u00e8res quittent le seul poste-fronti\u00e8re arm\u00e9no-iranien et l\u2019a\u00e9roport de Zvartnots \u00e0 Erevan.<\/p>\n<p>On ignore si la question de la base militaire russe a \u00e9t\u00e9 abord\u00e9e lors de la partie \u00e0 huis clos des pourparlers de Bichkek ou si elle sera soulev\u00e9e lors de la prochaine visite de Pachinian \u00e0 Moscou, qui a \u00e9t\u00e9 annonc\u00e9e par les deux dirigeants.<\/p>\n<p>\u00a0<\/p>\n<p>Reprinted with permission from RFE\/RL Copyright(c)2007 Radio Free Europe \/ Radio Liberty, Inc.1201 Connecticut Ave, t N.W. Washington DC 200<\/p>\n<p>\u00a0<\/p>\n","protected":false},"excerpt":{"rendered":"Le pr\u00e9sident russe Vladimir Poutine a d\u00e9clar\u00e9 que Moscou pourrait retirer sa base militaire d\u2019Arm\u00e9nie \u00ab d\u00e8s demain&hellip;\n","protected":false},"author":2,"featured_media":1164518,"comment_status":"","ping_status":"","sticky":false,"template":"","format":"standard","meta":{"footnotes":"","_share_on_mastodon":"0"},"categories":[1591],"tags":[11,5950,554,1887,3535,12,1885,1886,132],"class_list":["post-1164517","post","type-post","status-publish","format-standard","has-post-thumbnail","category-russie","tag-actualites","tag-armenie","tag-defense","tag-federation-de-russie","tag-geopolitique","tag-news","tag-russia","tag-russian-federation","tag-russie"],"share_on_mastodon":{"url":"https:\/\/pubeurope.com\/@fr\/117205736686701091","error":""},"_links":{"self":[{"href":"https:\/\/www.europesays.com\/fr\/wp-json\/wp\/v2\/posts\/1164517","targetHints":{"allow":["GET"]}}],"collection":[{"href":"https:\/\/www.europesays.com\/fr\/wp-json\/wp\/v2\/posts"}],"about":[{"href":"https:\/\/www.europesays.com\/fr\/wp-json\/wp\/v2\/types\/post"}],"author":[{"embeddable":true,"href":"https:\/\/www.europesays.com\/fr\/wp-json\/wp\/v2\/users\/2"}],"replies":[{"embeddable":true,"href":"https:\/\/www.europesays.com\/fr\/wp-json\/wp\/v2\/comments?post=1164517"}],"version-history":[{"count":0,"href":"https:\/\/www.europesays.com\/fr\/wp-json\/wp\/v2\/posts\/1164517\/revisions"}],"wp:featuredmedia":[{"embeddable":true,"href":"https:\/\/www.europesays.com\/fr\/wp-json\/wp\/v2\/media\/1164518"}],"wp:attachment":[{"href":"https:\/\/www.europesays.com\/fr\/wp-json\/wp\/v2\/media?parent=1164517"}],"wp:term":[{"taxonomy":"category","embeddable":true,"href":"https:\/\/www.europesays.com\/fr\/wp-json\/wp\/v2\/categories?post=1164517"},{"taxonomy":"post_tag","embeddable":true,"href":"https:\/\/www.europesays.com\/fr\/wp-json\/wp\/v2\/tags?post=1164517"}],"curies":[{"name":"wp","href":"https:\/\/api.w.org\/{rel}","templated":true}]}}