{"id":1164519,"date":"2026-09-03T06:39:14","date_gmt":"2026-09-03T06:39:14","guid":{"rendered":"https:\/\/www.europesays.com\/fr\/1164519\/"},"modified":"2026-09-03T06:39:14","modified_gmt":"2026-09-03T06:39:14","slug":"des-milliers-damputes-a-reeduquer-comment-la-guerre-a-force-lukraine-a-devenir-une-reference-mondiale-des-protheses-bioniques","status":"publish","type":"post","link":"https:\/\/www.europesays.com\/fr\/1164519\/","title":{"rendered":"Des milliers d&rsquo;amput\u00e9s \u00e0 r\u00e9\u00e9duquer : comment la guerre a forc\u00e9 l&rsquo;Ukraine \u00e0 devenir une r\u00e9f\u00e9rence mondiale des proth\u00e8ses bioniques"},"content":{"rendered":"<p>\u00c0 Lviv, dans l&rsquo;ouest de l&rsquo;Ukraine, loin du front, des centaines<br \/>\nde bless\u00e9s apprennent chaque mois \u00e0 remarcher ou \u00e0 ressaisir un<br \/>\nobjet gr\u00e2ce \u00e0 des proth\u00e8ses bioniques. Depuis l&rsquo;invasion russe de<br \/>\nf\u00e9vrier 2022, le pays doit soigner un nombre d&rsquo;amput\u00e9s sans<br \/>\npr\u00e9c\u00e9dent en Europe depuis la Seconde Guerre mondiale. Selon le<br \/>\n<a href=\"https:\/\/euromaidanpress.com\/2024\/10\/16\/where-ukraines-war-amputees-become-superhumans\/\" target=\"_blank\" rel=\"nofollow noopener\">minist\u00e8re ukrainien de la Sant\u00e9<\/a>,<br \/>\nenviron 20 000 personnes avaient besoin d&rsquo;une proth\u00e8se en avril<br \/>\n2024, un chiffre en hausse constante \u00e0 mesure que la guerre se<br \/>\npoursuit.<\/p>\n<p>Pour r\u00e9pondre \u00e0 cette urgence, des <a href=\"https:\/\/www.medangel.org\/giving-ukraines-amputees-their-lives-back\/\" target=\"_blank\" rel=\"nofollow noopener\">cliniques<\/a> comme Superhumans et<br \/>\nUnbroken, ainsi que des start-up comme Esper Bionics, se sont<br \/>\nd\u00e9velopp\u00e9es \u00e0 Lviv \u00e0 une vitesse in\u00e9dite. En trois ans, la ville a<br \/>\naccumul\u00e9 une exp\u00e9rience clinique et technologique qu&rsquo;aucun pays en<br \/>\npaix n&rsquo;aurait pu r\u00e9unir aussi rapidement. Le ph\u00e9nom\u00e8ne n&rsquo;est pas<br \/>\nfig\u00e9 : les besoins continuent d&rsquo;augmenter et les centres ajustent<br \/>\nsans cesse leurs m\u00e9thodes.<\/p>\n<p>Un secteur n\u00e9 dans l&rsquo;urgence<\/p>\n<p>Le centre Superhumans a <a href=\"https:\/\/superhumans.com\/en\/press-release\/superhumans-vidkryvaye-medychnyj-czentr-svitovogo-rivnya-dlya-poranenyh-vijnoyu-ukrayincziv\/\" target=\"_blank\" rel=\"nofollow noopener\">ouvert<\/a> en avril 2023 \u00e0 Vynnyky,<br \/>\npr\u00e8s de Lviv, un an seulement apr\u00e8s sa conception par<br \/>\nl&rsquo;entrepreneur Andrey Stavnitser, son associ\u00e9 Philipp Grushko et la<br \/>\ndirectrice Olga Rudneva. Financ\u00e9 par des dons internationaux, dont<br \/>\n16,3 millions de dollars de la fondation Howard G. Buffett, il<br \/>\npropose gratuitement proth\u00e8ses, chirurgie reconstructrice et suivi<br \/>\npsychologique. De son c\u00f4t\u00e9, le centre <a href=\"https:\/\/unbroken.org.ua\/directions\/prosthesis\" target=\"_blank\" rel=\"nofollow noopener\">Unbroken<\/a>, int\u00e9gr\u00e9 \u00e0 l&rsquo;h\u00f4pital municipal de Lviv,<br \/>\nest n\u00e9 d&rsquo;un atelier mobile install\u00e9 d\u00e8s 2022, avant de s&rsquo;agrandir<br \/>\ngr\u00e2ce au soutien du gouvernement allemand et de l&rsquo;agence GIZ.<\/p>\n<p>Unbroken a r\u00e9\u00e9duqu\u00e9 plus de 11 000 personnes depuis f\u00e9vrier 2022<br \/>\net fabriqu\u00e9 215 proth\u00e8ses d\u00e8s sa premi\u00e8re ann\u00e9e d&rsquo;activit\u00e9, dont<br \/>\nsix mains bioniques. Une douzaine de proth\u00e9sistes y travaillent aux<br \/>\nc\u00f4t\u00e9s de chirurgiens et de kin\u00e9sith\u00e9rapeutes. \u00c0 Kyiv, la start-up<br \/>\nEsper Bionics fabrique elle-m\u00eame sa main robotique. Elle se compose<br \/>\nd&rsquo;environ 600 pi\u00e8ces pour un poids proche de 500 grammes, et en a<br \/>\nd\u00e9j\u00e0 fourni plus de quatre-vingts \u00e0 des v\u00e9t\u00e9rans ukrainiens.<\/p>\n<p>Ce que ces proth\u00e8ses changent d\u00e9j\u00e0<\/p>\n<p>Ces technologies transforment concr\u00e8tement le quotidien des<br \/>\npatients. Une proth\u00e8se bionique capte les signaux \u00e9lectriques des<br \/>\nmuscles restants pour reproduire des gestes fins, comme saisir un<br \/>\nobjet ou tenir un stylo. Alors qu\u2019une proth\u00e8se m\u00e9canique classique<br \/>\nne permet qu&rsquo;un mouvement basique. Mais cette avanc\u00e9e a un co\u00fbt :<br \/>\nentre 20 000 et 120 000 dollars pour un mod\u00e8le bionique complexe.<br \/>\nContre 800 \u00e0 2 700 dollars pour une proth\u00e8se conventionnelle, selon<br \/>\nles <a href=\"https:\/\/www.voanews.com\/a\/bionic-prostheses-empower-wounded-ukrainian-soldiers-\/7410522.html\" target=\"_blank\" rel=\"nofollow noopener\">donn\u00e9es<\/a> communiqu\u00e9es par les<br \/>\ncentres.<\/p>\n<p>Cette expertise reste toutefois fragile et provisoire. Antonina<br \/>\nKumka, cit\u00e9e par <a href=\"https:\/\/www.newscientist.com\/article\/2584598-how-ukraine-created-world-leading-prosthetics-amid-the-chaos-of-war\/\" target=\"_blank\" rel=\"nofollow noopener\">New Scientist<\/a>, cofondatrice<br \/>\nde l&rsquo;initiative Protez Hub et ancienne conseill\u00e8re du gouvernement<br \/>\nukrainien, rappelle qu&rsquo;\u00e0 l&rsquo;\u00e9poque sovi\u00e9tique, un amput\u00e9 de la<br \/>\nguerre d&rsquo;Afghanistan ne recevait qu&rsquo;une planche \u00e0 roulettes en bois<br \/>\npour se d\u00e9placer. Le contraste avec l&rsquo;offre actuelle illustre les<br \/>\nprogr\u00e8s accomplis. Mais les centres manquent encore de proth\u00e9sistes<br \/>\nqualifi\u00e9s. Un manque que plusieurs programmes internationaux,<br \/>\ncalqu\u00e9s sur les standards de l&rsquo;ISPO, tentent de combler.<\/p>\n<p>Une expertise appel\u00e9e \u00e0 essaimer<\/p>\n<p>Les centres ukrainiens nouent des partenariats avec des<br \/>\nfabricants \u00e9tablis, comme l&rsquo;allemand Ottobock ou l&rsquo;islandais \u00d6ssur,<br \/>\nmais aussi avec des \u00e9quipes \u00e9trang\u00e8res venues transmettre leur<br \/>\nsavoir-faire. Cette circulation des comp\u00e9tences pourrait, \u00e0 terme,<br \/>\nprofiter \u00e0 d&rsquo;autres pays confront\u00e9s \u00e0 des besoins massifs en<br \/>\nproth\u00e8ses, qu&rsquo;il s&rsquo;agisse de zones de conflit ou de catastrophes<br \/>\nnaturelles.<\/p>\n<p>Le secteur ukrainien de la proth\u00e8se reste toutefois fa\u00e7onn\u00e9 par<br \/>\nune n\u00e9cessit\u00e9 tragique : le nombre de bless\u00e9s continue de cro\u00eetre<br \/>\navec la poursuite des combats et la pr\u00e9sence de mines sur une<br \/>\ngrande partie du territoire. Les centres eux-m\u00eames le reconnaissent<br \/>\n: leur savoir-faire n&rsquo;a de sens que s&rsquo;il permet, un jour, de<br \/>\nr\u00e9pondre \u00e0 des besoins qui, ailleurs, resteront heureusement plus<br \/>\nrares.<\/p>\n","protected":false},"excerpt":{"rendered":"\u00c0 Lviv, dans l&rsquo;ouest de l&rsquo;Ukraine, loin du front, des centaines de bless\u00e9s apprennent chaque mois \u00e0 remarcher&hellip;\n","protected":false},"author":2,"featured_media":1164520,"comment_status":"","ping_status":"","sticky":false,"template":"","format":"standard","meta":{"footnotes":"","_share_on_mastodon":"0"},"categories":[1590],"tags":[13041,11,120039,20,120037,154,8300,1777,674,20017,1146,4743,5493,16755,15412,12,80101,120038,40996,220,96],"class_list":["post-1164519","post","type-post","status-publish","format-standard","has-post-thumbnail","category-ukraine","tag-a","tag-actualites","tag-bioniques","tag-comment","tag-damputes","tag-des","tag-devenir","tag-eu","tag-europe","tag-force","tag-guerre","tag-la","tag-lukraine","tag-milliers","tag-mondiale","tag-news","tag-protheses","tag-reeduquer","tag-reference","tag-ukraine","tag-une"],"share_on_mastodon":{"url":"https:\/\/pubeurope.com\/@fr\/117205740260340513","error":""},"_links":{"self":[{"href":"https:\/\/www.europesays.com\/fr\/wp-json\/wp\/v2\/posts\/1164519","targetHints":{"allow":["GET"]}}],"collection":[{"href":"https:\/\/www.europesays.com\/fr\/wp-json\/wp\/v2\/posts"}],"about":[{"href":"https:\/\/www.europesays.com\/fr\/wp-json\/wp\/v2\/types\/post"}],"author":[{"embeddable":true,"href":"https:\/\/www.europesays.com\/fr\/wp-json\/wp\/v2\/users\/2"}],"replies":[{"embeddable":true,"href":"https:\/\/www.europesays.com\/fr\/wp-json\/wp\/v2\/comments?post=1164519"}],"version-history":[{"count":0,"href":"https:\/\/www.europesays.com\/fr\/wp-json\/wp\/v2\/posts\/1164519\/revisions"}],"wp:featuredmedia":[{"embeddable":true,"href":"https:\/\/www.europesays.com\/fr\/wp-json\/wp\/v2\/media\/1164520"}],"wp:attachment":[{"href":"https:\/\/www.europesays.com\/fr\/wp-json\/wp\/v2\/media?parent=1164519"}],"wp:term":[{"taxonomy":"category","embeddable":true,"href":"https:\/\/www.europesays.com\/fr\/wp-json\/wp\/v2\/categories?post=1164519"},{"taxonomy":"post_tag","embeddable":true,"href":"https:\/\/www.europesays.com\/fr\/wp-json\/wp\/v2\/tags?post=1164519"}],"curies":[{"name":"wp","href":"https:\/\/api.w.org\/{rel}","templated":true}]}}