{"id":1164521,"date":"2026-09-03T06:40:16","date_gmt":"2026-09-03T06:40:16","guid":{"rendered":"https:\/\/www.europesays.com\/fr\/1164521\/"},"modified":"2026-09-03T06:40:16","modified_gmt":"2026-09-03T06:40:16","slug":"washington-appelle-a-cesser-les-echanges-avec-le-nicaragua-denoncant-une-dictature-brutale","status":"publish","type":"post","link":"https:\/\/www.europesays.com\/fr\/1164521\/","title":{"rendered":"Washington appelle \u00e0 cesser les \u00e9changes avec le Nicaragua, d\u00e9non\u00e7ant une \u00abdictature brutale\u00bb"},"content":{"rendered":"<p>Les \u00c9tats-Unis ont exhort\u00e9 mercredi leurs alli\u00e9s \u00e0 cesser leurs \u00e9changes avec le Nicaragua, qui vient d&rsquo;adopter une r\u00e9forme qui emp\u00eache les opposants de participer aux \u00e9lections, verrouillant encore le pouvoir du pr\u00e9sident Daniel Ortega.<\/p>\n<p>\u00abLes dictatures qui bafouent les droits de leurs citoyens ne devraient pas b\u00e9n\u00e9ficier des m\u00eames avantages \u00e9conomiques ou politiques que les gouvernements engag\u00e9s dans la d\u00e9fense de la paix et de la s\u00e9curit\u00e9\u00bb, a d\u00e9clar\u00e9 le chef de la diplomatie Marco Rubio dans un communiqu\u00e9, d\u00e9non\u00e7ant une \u00abdictature brutale\u00bb et appelant la communaut\u00e9 internationale \u00e0 accro\u00eetre la pression sur Managua.<\/p>\n<p>Approuv\u00e9e mardi \u00e0 l&rsquo;unanimit\u00e9 par l&rsquo;Assembl\u00e9e nationale, la r\u00e9forme constitutionnelle a une port\u00e9e essentiellement symbolique dans un pays o\u00f9 les opposants ont \u00e9t\u00e9 emprisonn\u00e9s ou contraints \u00e0 l&rsquo;exil et o\u00f9 seuls des partis mineurs align\u00e9s sur le gouvernement subsistent aux c\u00f4t\u00e9s du Front sandiniste de lib\u00e9ration nationale (FSLN) de M. Ortega.<\/p>\n<p>M. Ortega a fait valoir que cette mesure prot\u00e9geait le Nicaragua d&rsquo;une ing\u00e9rence de Washington, qu&rsquo;il accuse d&rsquo;avoir cherch\u00e9 \u00e0 le renverser via un mouvement de manifestations en 2018, dont la r\u00e9pression avait fait environ 350 morts, selon l&rsquo;ONU.<\/p>\n<p>Sans faire directement r\u00e9f\u00e9rence \u00e0 Marco Rubio, Daniel Ortega a d\u00e9clar\u00e9 mercredi soir que les \u00c9tats-Unis \u00e9taient \u00abl&rsquo;ennemi\u00bb de pays comme le sien.<\/p>\n<p>\u00abSimplement parce que c&rsquo;est une puissance militaire mondiale, ils se sentent autoris\u00e9s \u00e0 attaquer\u00bb, a-t-il critiqu\u00e9 lors d&rsquo;une c\u00e9r\u00e9monie marquant l&rsquo;anniversaire de l&rsquo;arm\u00e9e nicaraguayenne.<\/p>\n<p>\u00ab\u00c0 ceux qui nous menacent constamment, vous avez ici un peuple et une arm\u00e9e qui ne seront jamais achet\u00e9s et ne se rendront jamais\u00bb, a ajout\u00e9 le dirigeant.<\/p>\n<p><strong>Sanctions<\/strong><\/p>\n<p>D\u00e9but ao\u00fbt, les \u00c9tats-Unis et leurs alli\u00e9s au sein de l&rsquo;Organisation des \u00c9tats am\u00e9ricains (OEA) ont appel\u00e9 cette instance \u00e0 prendre des mesures \u00e0 l&rsquo;encontre du Nicaragua en raison de la r\u00e9forme.<\/p>\n<p>\u00abLa guerre men\u00e9e par Murillo et Ortega contre la d\u00e9mocratie menace la stabilit\u00e9 et la prosp\u00e9rit\u00e9\u00bb du continent, a martel\u00e9 mercredi M. Rubio.<\/p>\n<p>Le gouvernement am\u00e9ricain \u00abreste d\u00e9termin\u00e9 \u00e0 identifier et \u00e0 mettre en \u0153uvre des mesures visant \u00e0 lutter contre les violations des droits humains commises par Murillo et Ortega, notamment au sein d&rsquo;instances telles que l&rsquo;OEA\u00bb, a-t-il dit.<\/p>\n<p>Malgr\u00e9 la pression exerc\u00e9e par le gouvernement de Donald Trump, les \u00c9tats-Unis restent le principal partenaire commercial du Nicaragua, qui b\u00e9n\u00e9ficie \u00e9galement de cr\u00e9dits accord\u00e9s par des banques internationales et le FMI de crainte d&rsquo;une catastrophe humanitaire.<\/p>\n<p>Daniel Ortega avait gouvern\u00e9 le Nicaragua dans les ann\u00e9es 1980 apr\u00e8s l&rsquo;insurrection qui avait renvers\u00e9 le dictateur Anastasio Somoza, soutenu par les \u00c9tats-Unis.<\/p>\n<p>Revenu au pouvoir en 2007 et r\u00e9\u00e9lu depuis lors de scrutins entach\u00e9s d&rsquo;irr\u00e9gularit\u00e9s, il n&rsquo;a depuis cess\u00e9 de renforcer son emprise sur ce pays d&rsquo;Am\u00e9rique centrale de 7 millions d&rsquo;habitants, o\u00f9 la Chine a d&rsquo;importants int\u00e9r\u00eats miniers.<\/p>\n<p>La r\u00e9pression s&rsquo;est encore accrue apr\u00e8s les manifestations de 2018, contraignant pr\u00e8s d&rsquo;un million de Nicaraguayens \u00e0 l&rsquo;exil et sonnant le glas de la presse ind\u00e9pendante.<\/p>\n<p>L&rsquo;Union europ\u00e9enne et les \u00c9tats-Unis imposent depuis cette date des sanctions au pays.<\/p>\n<p>Lors des \u00e9lections en 2021, Daniel Ortega avait fait emprisonner les principaux candidats, multipliant les mesures d&rsquo;exil et les d\u00e9ch\u00e9ances de nationalit\u00e9. Quelque 500 militants politiques, humanitaires, intellectuels, journalistes et pr\u00eatres avaient \u00e9galement \u00e9t\u00e9 vis\u00e9s.<\/p>\n<p>Les d\u00e9tracteurs de M. Ortega l&rsquo;accusent de chercher \u00e0 instaurer une \u00abdictature dynastique\u00bb alors qu&rsquo;il doit f\u00eater ses 81 ans en novembre et souffre de probl\u00e8mes de sant\u00e9.<\/p>\n<p>La r\u00e9forme constitutionnelle de 2025 a \u00e9lev\u00e9 Rosario Murillo au rang de copr\u00e9sidente, et huit des neuf enfants du couple occupent des postes strat\u00e9giques dans l&rsquo;appareil d&rsquo;\u00c9tat.<\/p>\n<p>AFP<\/p>\n","protected":false},"excerpt":{"rendered":"Les \u00c9tats-Unis ont exhort\u00e9 mercredi leurs alli\u00e9s \u00e0 cesser leurs \u00e9changes avec le Nicaragua, qui vient d&rsquo;adopter une&hellip;\n","protected":false},"author":2,"featured_media":1164522,"comment_status":"","ping_status":"","sticky":false,"template":"","format":"standard","meta":{"footnotes":"","_share_on_mastodon":"0"},"categories":[1589],"tags":[11,73,1866,12,1864,1865,1863,308],"class_list":["post-1164521","post","type-post","status-publish","format-standard","has-post-thumbnail","category-etats-unis","tag-actualites","tag-etats-unis","tag-etats-unis-damerique","tag-news","tag-united-states","tag-united-states-of-america","tag-us","tag-usa"],"share_on_mastodon":{"url":"https:\/\/pubeurope.com\/@fr\/117205744548013699","error":""},"_links":{"self":[{"href":"https:\/\/www.europesays.com\/fr\/wp-json\/wp\/v2\/posts\/1164521","targetHints":{"allow":["GET"]}}],"collection":[{"href":"https:\/\/www.europesays.com\/fr\/wp-json\/wp\/v2\/posts"}],"about":[{"href":"https:\/\/www.europesays.com\/fr\/wp-json\/wp\/v2\/types\/post"}],"author":[{"embeddable":true,"href":"https:\/\/www.europesays.com\/fr\/wp-json\/wp\/v2\/users\/2"}],"replies":[{"embeddable":true,"href":"https:\/\/www.europesays.com\/fr\/wp-json\/wp\/v2\/comments?post=1164521"}],"version-history":[{"count":0,"href":"https:\/\/www.europesays.com\/fr\/wp-json\/wp\/v2\/posts\/1164521\/revisions"}],"wp:featuredmedia":[{"embeddable":true,"href":"https:\/\/www.europesays.com\/fr\/wp-json\/wp\/v2\/media\/1164522"}],"wp:attachment":[{"href":"https:\/\/www.europesays.com\/fr\/wp-json\/wp\/v2\/media?parent=1164521"}],"wp:term":[{"taxonomy":"category","embeddable":true,"href":"https:\/\/www.europesays.com\/fr\/wp-json\/wp\/v2\/categories?post=1164521"},{"taxonomy":"post_tag","embeddable":true,"href":"https:\/\/www.europesays.com\/fr\/wp-json\/wp\/v2\/tags?post=1164521"}],"curies":[{"name":"wp","href":"https:\/\/api.w.org\/{rel}","templated":true}]}}