{"id":1164525,"date":"2026-09-03T06:42:19","date_gmt":"2026-09-03T06:42:19","guid":{"rendered":"https:\/\/www.europesays.com\/fr\/1164525\/"},"modified":"2026-09-03T06:42:19","modified_gmt":"2026-09-03T06:42:19","slug":"allemagne-la-russie-derriere-le-sabotage-de-deux-postes-electriques-franceinfo","status":"publish","type":"post","link":"https:\/\/www.europesays.com\/fr\/1164525\/","title":{"rendered":"Allemagne : la Russie derri\u00e8re le sabotage de deux postes \u00e9lectriques ? \u2013 franceinfo"},"content":{"rendered":"<p>\n  La tension monte encore d&rsquo;un cran entre l&rsquo;Allemagne et la Russie. Les soup\u00e7ons se portent une nouvelle fois sur Moscou apr\u00e8s le sabotage de deux postes \u00e9lectriques en moins de 24h. La police a ouvert une enqu\u00eate antiterroriste. La Russie rejette les accusations.\n<\/p>\n<p><strong>Ce texte correspond \u00e0 une partie de la retranscription du reportage ci-dessus. Cliquez sur la vid\u00e9o pour la regarder dans son int\u00e9gralit\u00e9.<\/strong><\/p>\n<p>Mardi 2 septembre, \u00e0 Bergheim, pr\u00e8s de Cologne (<a href=\"https:\/\/www.franceinfo.fr\/monde\/europe\/allemagne\/l-attaque-de-drone-explosif-attribuee-a-la-russie-un-revelateur-du-role-strategique-de-l-aeroport-allemand-de-leipzig-dans-la-guerre-en-ukraine_8173484.html\" target=\"_self\" rel=\"noopener noreferrer nofollow\" data-tooltip-url=\"https:\/\/www.franceinfo.fr\/monde\/europe\/allemagne\/l-attaque-de-drone-explosif-attribuee-a-la-russie-un-revelateur-du-role-strategique-de-l-aeroport-allemand-de-leipzig-dans-la-guerre-en-ukraine_8173484.html\">Allemagne<\/a>). Deux explosions ont touch\u00e9 les lignes \u00e0 haute tension d&rsquo;une centrale \u00e9lectrique \u00e0 charbon. \u00ab\u00a0Les d\u00e9flagrations se sont produites \u00e0 proximit\u00e9 d&rsquo;une sous-station. Les lignes \u00e9lectriques ont \u00e9t\u00e9 endommag\u00e9es. La centrale a subi des coupures de courant. Heureusement, les usagers n&rsquo;ont pas \u00e9t\u00e9 affect\u00e9s\u00a0\u00bb, a indiqu\u00e9 Stefan Deffner, porte-parole de la centrale \u00e9lectrique d&rsquo;Amprion.<\/p>\n<p>Mercredi 3 septembre, les autorit\u00e9s incriminent un sabotage. Il s&rsquo;ajoute \u00e0 la d\u00e9couverte d&rsquo;explosifs dans une autre centrale \u00e9lectrique, pr\u00e8s de la fronti\u00e8re polonaise, dans le Brandebourg. \u00ab\u00a0D&rsquo;abord les drones \u00e0 Leipzig, puis le Brandebourg et maintenant Bergheim. M\u00eame la Rh\u00e9nanie-du-Nord-Westphalie est dans le collimateur des sabotages et des attaques hybrides. Ce n&rsquo;est pas loin, c&rsquo;est juste \u00e0 nos portes. Et ceux qui font \u00e7a ne s&rsquo;en prennent pas qu&rsquo;\u00e0 nos c\u00e2bles, ils veulent s&rsquo;en prendre \u00e0 notre pays\u00a0\u00bb, a d\u00e9clar\u00e9 Herbert Reul, ministre de l&rsquo;Int\u00e9rieur de Rh\u00e9nanie-du-Nord-Westphalie.<\/p>\n<p>Ce mercredi \u00e9galement, une explosion a eu lieu pr\u00e8s de la gare d&rsquo;Augsbourg et la d\u00e9couverte d&rsquo;un objet suspect. La gare a \u00e9t\u00e9 \u00e9vacu\u00e9e, le trafic ferroviaire arr\u00eat\u00e9. Avec cette question lancinante, encore une attaque hybride. La Pologne, toute proche de la Russie, l&rsquo;affirme, elles se multiplient : \u00ab\u00a0Nous assistons \u00e0 une nouvelle \u00e9tape dans l&rsquo;escalade des tensions orchestr\u00e9es par la Russie dans toute la r\u00e9gion. Malheureusement, ce ne sont pas les premiers cas d&rsquo;attaques hybrides, et ce ne seront certainement pas les derniers\u00a0\u00bb, a fait savoir Donald Tusk, le Premier ministre polonais.<\/p>\n<p>Deux jours plus t\u00f4t, une usine de drone, l&rsquo;une des plus importantes entreprises priv\u00e9es de d\u00e9fense polonaises, a \u00e9t\u00e9 victime d&rsquo;un incendie au milieu de la nuit. L\u00e0 encore, une enqu\u00eate est en cours pour d\u00e9busquer la main potentielle de Moscou.<\/p>\n","protected":false},"excerpt":{"rendered":"La tension monte encore d&rsquo;un cran entre l&rsquo;Allemagne et la Russie. Les soup\u00e7ons se portent une nouvelle fois&hellip;\n","protected":false},"author":2,"featured_media":1164526,"comment_status":"","ping_status":"","sticky":false,"template":"","format":"standard","meta":{"footnotes":"","_share_on_mastodon":"0"},"categories":[1587],"tags":[11,672,1804,1805,1803,1777,674,1801,12,1802],"class_list":["post-1164525","post","type-post","status-publish","format-standard","has-post-thumbnail","category-allemagne","tag-actualites","tag-allemagne","tag-bundesrepublik-deutschland","tag-de","tag-deutschland","tag-eu","tag-europe","tag-germany","tag-news","tag-republique-federale-dallemagne"],"share_on_mastodon":{"url":"https:\/\/pubeurope.com\/@fr\/117205751785114575","error":""},"_links":{"self":[{"href":"https:\/\/www.europesays.com\/fr\/wp-json\/wp\/v2\/posts\/1164525","targetHints":{"allow":["GET"]}}],"collection":[{"href":"https:\/\/www.europesays.com\/fr\/wp-json\/wp\/v2\/posts"}],"about":[{"href":"https:\/\/www.europesays.com\/fr\/wp-json\/wp\/v2\/types\/post"}],"author":[{"embeddable":true,"href":"https:\/\/www.europesays.com\/fr\/wp-json\/wp\/v2\/users\/2"}],"replies":[{"embeddable":true,"href":"https:\/\/www.europesays.com\/fr\/wp-json\/wp\/v2\/comments?post=1164525"}],"version-history":[{"count":0,"href":"https:\/\/www.europesays.com\/fr\/wp-json\/wp\/v2\/posts\/1164525\/revisions"}],"wp:featuredmedia":[{"embeddable":true,"href":"https:\/\/www.europesays.com\/fr\/wp-json\/wp\/v2\/media\/1164526"}],"wp:attachment":[{"href":"https:\/\/www.europesays.com\/fr\/wp-json\/wp\/v2\/media?parent=1164525"}],"wp:term":[{"taxonomy":"category","embeddable":true,"href":"https:\/\/www.europesays.com\/fr\/wp-json\/wp\/v2\/categories?post=1164525"},{"taxonomy":"post_tag","embeddable":true,"href":"https:\/\/www.europesays.com\/fr\/wp-json\/wp\/v2\/tags?post=1164525"}],"curies":[{"name":"wp","href":"https:\/\/api.w.org\/{rel}","templated":true}]}}