{"id":1164538,"date":"2026-09-03T06:57:22","date_gmt":"2026-09-03T06:57:22","guid":{"rendered":"https:\/\/www.europesays.com\/fr\/1164538\/"},"modified":"2026-09-03T06:57:22","modified_gmt":"2026-09-03T06:57:22","slug":"cyclisme-route-un-manager-sportif-de-la-picnic-va-rejoindre-bardet-chez-decathlon-cma-cgm","status":"publish","type":"post","link":"https:\/\/www.europesays.com\/fr\/1164538\/","title":{"rendered":"Cyclisme. Route &#8211; Un manager sportif de la Picnic va rejoindre Bardet chez Decathlon CMA CGM"},"content":{"rendered":"<p class=\"isSelectedEnd\"><strong>Picnic PostNL<\/strong> va se s\u00e9parer de l&rsquo;un de ses hommes forts \u00e0 l&rsquo;issue de la saison. Manager sportif de la formation n\u00e9erlandaise depuis plusieurs ann\u00e9es, <strong>Matt Winston<\/strong> quittera l&rsquo;\u00e9quipe apr\u00e8s huit ann\u00e9es de collaboration. Selon le journaliste <strong><a href=\"https:\/\/x.com\/dnlbenson\/status\/2094692605837611288\" target=\"_blank\" rel=\"nofollow\">Daniel Benson<\/a><\/strong>, le Britannique devrait rejoindre <strong><a href=\"https:\/\/www.cyclismactu.net\/..\/news-route-leo-bisiaux-a-prolonge-avec-formation-decathlon-cma-cgm-95575.html\" target=\"_blank\" rel=\"nofollow noopener\">Decathlon CMA CGM<\/a><\/strong>. Arriv\u00e9 chez <strong>Picnic PostNL<\/strong> en 2019, <strong>Winston <\/strong>avait d&rsquo;abord int\u00e9gr\u00e9 l&rsquo;\u00e9quipe de d\u00e9veloppement avant de progressivement gagner la confiance de la direction et de devenir un \u00e9l\u00e9ment essentiel de la structure, pass\u00e9e successivement par les noms <strong>Sunweb <\/strong>et <strong>DSM<\/strong>.\u00a0<\/p>\n<p class=\"isSelectedEnd\">\u00a0<\/p>\n<p>Retrouvailles avec Romain Bardet<\/p>\n<p class=\"isSelectedEnd\">\u00ab\u00a0Apr\u00e8s huit ann\u00e9es pass\u00e9es au sein de l&rsquo;\u00e9quipe, Matt a d\u00e9cid\u00e9 de quitter l&rsquo;organisation et de relever un nouveau d\u00e9fi ailleurs\u00a0\u00bb, a annonc\u00e9 <strong>Picnic PostNL<\/strong>. \u00ab\u00a0Apr\u00e8s huit ann\u00e9es de collaboration, l&rsquo;\u00e9quipe retiendra une p\u00e9riode riche et pr\u00e9cieuse et remercie Matt pour son engagement et sa contribution. Nous lui souhaitons beaucoup de r\u00e9ussite pour la suite de sa carri\u00e8re.\u00a0\u00bb\u00a0Selon <strong>Daniel Benson<\/strong>, plusieurs \u00e9quipes avaient tent\u00e9 de recruter le Britannique au fil des ann\u00e9es, sans parvenir \u00e0 le convaincre de quitter <strong>Picnic PostNL<\/strong>. La proposition de <strong>Decathlon CMA CGM <\/strong>aurait toutefois \u00e9t\u00e9 \u00ab\u00a0trop belle pour \u00eatre refus\u00e9e\u00a0\u00bb. <strong>Winston <\/strong>pourrait notamment y retrouver <strong>Romain Bardet,\u00a0<\/strong>le nouveau manager sportif de la formation fran\u00e7aise \u00e0 compter du 1er janvier 2027.<\/p>\n<p>Le d\u00e9part de <strong>Winston <\/strong>ne sera pas le seul changement au sein du staff. Les entra\u00eeneurs <strong>Davide Gani<\/strong> et <strong>Melvin Rulliere<\/strong> quitteront eux aussi l&rsquo;\u00e9quipe \u00e0 la fin de la saison. <strong>Picnic PostNL<\/strong> a toutefois d\u00e9j\u00e0 annonc\u00e9 la promotion de <strong>Roy Curvers<\/strong>, qui prendra davantage de responsabilit\u00e9s au sein du d\u00e9partement Sports Management.<\/p>\n<p>A lire aussi&#8230;<\/p>\n","protected":false},"excerpt":{"rendered":"Picnic PostNL va se s\u00e9parer de l&rsquo;un de ses hommes forts \u00e0 l&rsquo;issue de la saison. Manager sportif&hellip;\n","protected":false},"author":2,"featured_media":1163012,"comment_status":"","ping_status":"","sticky":false,"template":"","format":"standard","meta":{"footnotes":"","_share_on_mastodon":"0"},"categories":[1411],"tags":[1154,207,211,1011,27,209,60,210,212,208,213],"class_list":["post-1164538","post","type-post","status-publish","format-standard","has-post-thumbnail","category-cyclisme","tag-cycling","tag-cyclisme","tag-ffc","tag-fr","tag-france","tag-route","tag-sports","tag-tour-de-france","tag-uci","tag-velo","tag-world-tour"],"share_on_mastodon":{"url":"https:\/\/pubeurope.com\/@fr\/117205810929060328","error":""},"_links":{"self":[{"href":"https:\/\/www.europesays.com\/fr\/wp-json\/wp\/v2\/posts\/1164538","targetHints":{"allow":["GET"]}}],"collection":[{"href":"https:\/\/www.europesays.com\/fr\/wp-json\/wp\/v2\/posts"}],"about":[{"href":"https:\/\/www.europesays.com\/fr\/wp-json\/wp\/v2\/types\/post"}],"author":[{"embeddable":true,"href":"https:\/\/www.europesays.com\/fr\/wp-json\/wp\/v2\/users\/2"}],"replies":[{"embeddable":true,"href":"https:\/\/www.europesays.com\/fr\/wp-json\/wp\/v2\/comments?post=1164538"}],"version-history":[{"count":0,"href":"https:\/\/www.europesays.com\/fr\/wp-json\/wp\/v2\/posts\/1164538\/revisions"}],"wp:featuredmedia":[{"embeddable":true,"href":"https:\/\/www.europesays.com\/fr\/wp-json\/wp\/v2\/media\/1163012"}],"wp:attachment":[{"href":"https:\/\/www.europesays.com\/fr\/wp-json\/wp\/v2\/media?parent=1164538"}],"wp:term":[{"taxonomy":"category","embeddable":true,"href":"https:\/\/www.europesays.com\/fr\/wp-json\/wp\/v2\/categories?post=1164538"},{"taxonomy":"post_tag","embeddable":true,"href":"https:\/\/www.europesays.com\/fr\/wp-json\/wp\/v2\/tags?post=1164538"}],"curies":[{"name":"wp","href":"https:\/\/api.w.org\/{rel}","templated":true}]}}