{"id":1164560,"date":"2026-09-03T07:14:17","date_gmt":"2026-09-03T07:14:17","guid":{"rendered":"https:\/\/www.europesays.com\/fr\/1164560\/"},"modified":"2026-09-03T07:14:17","modified_gmt":"2026-09-03T07:14:17","slug":"les-sites-europeens-produisant-des-armes-a-destination-de-lukraine-sont-des-cibles-legitimes-selon-vladimir-poutine","status":"publish","type":"post","link":"https:\/\/www.europesays.com\/fr\/1164560\/","title":{"rendered":"Les sites europ\u00e9ens produisant des armes \u00e0 destination de l\u2019Ukraine sont des \u00abcibles l\u00e9gitimes\u00bb, selon Vladimir Poutine"},"content":{"rendered":"<p>    R\u00e9sum\u00e9 en 20 secondes<\/p>\n<p>        En savoir plus sur ce type de contenu<\/p>\n<p>Ce r\u00e9sum\u00e9 peut avoir \u00e9t\u00e9 \u00e9crit avec l&rsquo;assistance d\u2019une IA g\u00e9n\u00e9rative. <a href=\"https:\/\/www.letemps.ch\/cyber\/l-usage-de-l-ia-generative-par-les-journalistes-du-temps\" rel=\"nofollow noopener\" target=\"_blank\">En savoir plus<\/a><\/p>\n<p class=\"article__abstract-call-to-action\" data-ariato=\"TrackableElement\" data-trackable-element-type=\"article_abstract_cta\" data-trackable-element-location=\"article_header\" data-trackable-element-id=\"541375\">\n        <a data-event=\"click-&gt;clicked\" href=\"https:\/\/www.letemps.ch\/abonnements\" rel=\"nofollow noopener\" target=\"_blank\">Abonnez-vous<\/a> pour acc\u00e9der au r\u00e9sum\u00e9 en 20 secondes.\n      <\/p>\n<p>\u00abO\u00f9 sont les preuves?\u00bb s\u2019est exclam\u00e9 mercredi Vladimir Poutine lorsqu\u2019il a \u00e9t\u00e9 interrog\u00e9 sur les drones de Leipzig, qualifiant l\u2019affaire mont\u00e9e de toutes pi\u00e8ces pour des motifs de politique int\u00e9rieure allemande. Le chef de l\u2019Etat russe s\u2019exprimait depuis Bichkek, au Kirghizistan, o\u00f9 il assistait \u00e0 un sommet de l\u2019Organisation de coop\u00e9ration de Shanghai. Il a n\u00e9anmoins soulign\u00e9 que les sites militaro-industriels occidentaux fournissant des armes \u00e0 l\u2019Ukraine \u00e9taient des \u00abcibles l\u00e9gitimes\u00bb pour son arm\u00e9e. \u00abM\u00eame en Grande-Bretagne?\u00bb lui a demand\u00e9 le correspondant du service anglophone de la t\u00e9l\u00e9vision russe d\u2019Etat Russia Today. \u00c7a, je ne peux pas vous le dire, lui a r\u00e9pondu avec un grand sourire le chef du Kremlin. \u00abC\u2019est un secret. Un secret militaire\u00bb, a-t-il conclu.<\/p>\n<p>Une fa\u00e7on de sugg\u00e9rer que la fronti\u00e8re entre une action \u00abhybride\u00bb et une attaque en bonne et due forme peut \u00eatre t\u00e9nue et qu\u2019il lui appartiendra \u00e0 lui \u2013 et \u00e0 lui seul \u2013 de la fixer. D\u2019ailleurs \u00e0 Moscou, c\u2019est \u00e0 cette lumi\u00e8re que de nombreux commentateurs ont vu la r\u00e9cente visite du patron de la CIA, John Ratcliffe. Une visite entour\u00e9e d\u2019un myst\u00e8re persistant. Quelques heures seulement dans la capitale russe, pour \u00abremettre les pendules \u00e0 la bonne heure\u00bb entre les deux puissances nucl\u00e9aires, croit savoir le politologue Sergue\u00ef Stankevich. Ou autrement dit, que les \u00absales coups ne d\u00e9g\u00e9n\u00e8rent pas en une guerre \u00e0 grande \u00e9chelle sur le continent europ\u00e9en\u00bb, poursuit-il.<\/p>\n","protected":false},"excerpt":{"rendered":"R\u00e9sum\u00e9 en 20 secondes En savoir plus sur ce type de contenu Ce r\u00e9sum\u00e9 peut avoir \u00e9t\u00e9 \u00e9crit&hellip;\n","protected":false},"author":2,"featured_media":1164561,"comment_status":"","ping_status":"","sticky":false,"template":"","format":"standard","meta":{"footnotes":"","_share_on_mastodon":"0"},"categories":[5],"tags":[11,672,1011,27,14,74,12,136,301,132,656,220,135,28],"class_list":["post-1164560","post","type-post","status-publish","format-standard","has-post-thumbnail","category-international","tag-actualites","tag-allemagne","tag-fr","tag-france","tag-international","tag-monde","tag-news","tag-otan","tag-premium","tag-russie","tag-securite","tag-ukraine","tag-vladimir-poutine","tag-world"],"share_on_mastodon":{"url":"https:\/\/pubeurope.com\/@fr\/117205877922382431","error":""},"_links":{"self":[{"href":"https:\/\/www.europesays.com\/fr\/wp-json\/wp\/v2\/posts\/1164560","targetHints":{"allow":["GET"]}}],"collection":[{"href":"https:\/\/www.europesays.com\/fr\/wp-json\/wp\/v2\/posts"}],"about":[{"href":"https:\/\/www.europesays.com\/fr\/wp-json\/wp\/v2\/types\/post"}],"author":[{"embeddable":true,"href":"https:\/\/www.europesays.com\/fr\/wp-json\/wp\/v2\/users\/2"}],"replies":[{"embeddable":true,"href":"https:\/\/www.europesays.com\/fr\/wp-json\/wp\/v2\/comments?post=1164560"}],"version-history":[{"count":0,"href":"https:\/\/www.europesays.com\/fr\/wp-json\/wp\/v2\/posts\/1164560\/revisions"}],"wp:featuredmedia":[{"embeddable":true,"href":"https:\/\/www.europesays.com\/fr\/wp-json\/wp\/v2\/media\/1164561"}],"wp:attachment":[{"href":"https:\/\/www.europesays.com\/fr\/wp-json\/wp\/v2\/media?parent=1164560"}],"wp:term":[{"taxonomy":"category","embeddable":true,"href":"https:\/\/www.europesays.com\/fr\/wp-json\/wp\/v2\/categories?post=1164560"},{"taxonomy":"post_tag","embeddable":true,"href":"https:\/\/www.europesays.com\/fr\/wp-json\/wp\/v2\/tags?post=1164560"}],"curies":[{"name":"wp","href":"https:\/\/api.w.org\/{rel}","templated":true}]}}