{"id":1164566,"date":"2026-09-03T07:17:12","date_gmt":"2026-09-03T07:17:12","guid":{"rendered":"https:\/\/www.europesays.com\/fr\/1164566\/"},"modified":"2026-09-03T07:17:12","modified_gmt":"2026-09-03T07:17:12","slug":"asse-mhsc-le-club-ouvre-le-parcage-visiteurs-pour-les-supporters-stephanois","status":"publish","type":"post","link":"https:\/\/www.europesays.com\/fr\/1164566\/","title":{"rendered":"ASSE-MHSC : Le club ouvre le parcage visiteurs pour les supporters st\u00e9phanois"},"content":{"rendered":"\n<p>C&rsquo;est un article qui peut vous redonner le sourire, et l&rsquo;espoir de d\u00e9crocher votre billet pour alle voir les Verts jouer. Si vous n\u2019avez pas r\u00e9ussi \u00e0 d\u00e9crocher votre place pour le match entre l&rsquo;ASSE et Montpellier ce samedi, dans un Chaudron qui sera pour la premi\u00e8re fois de la saison dans sa configuration compl\u00e8te avec le retour des deux kops, rien n&rsquo;est fini. En effet, les supporters du MHSC \u00e9tant interdits de d\u00e9placement, le club st\u00e9phanois a obtenu l\u2019autorisation d\u2019ouvrir le parcage visiteur \u00e0 la vente.\u00a0<\/p>\n","protected":false},"excerpt":{"rendered":"C&rsquo;est un article qui peut vous redonner le sourire, et l&rsquo;espoir de d\u00e9crocher votre billet pour alle voir&hellip;\n","protected":false},"author":2,"featured_media":1164567,"comment_status":"","ping_status":"","sticky":false,"template":"","format":"standard","meta":{"footnotes":"","_share_on_mastodon":"0"},"categories":[9653],"tags":[1111,11,461,2430,21646,1777,674,63,1011,27,446,3367,463,12,25,4001],"class_list":["post-1164566","post","type-post","status-publish","format-standard","has-post-thumbnail","category-saint-etienne","tag-actu","tag-actualites","tag-asse","tag-auvergne-rhone-alpes","tag-chaudron","tag-eu","tag-europe","tag-football","tag-fr","tag-france","tag-ligue-2","tag-loire","tag-mhsc","tag-news","tag-republique-francaise","tag-saint-etienne"],"share_on_mastodon":{"url":"https:\/\/pubeurope.com\/@fr\/117205893715240152","error":""},"_links":{"self":[{"href":"https:\/\/www.europesays.com\/fr\/wp-json\/wp\/v2\/posts\/1164566","targetHints":{"allow":["GET"]}}],"collection":[{"href":"https:\/\/www.europesays.com\/fr\/wp-json\/wp\/v2\/posts"}],"about":[{"href":"https:\/\/www.europesays.com\/fr\/wp-json\/wp\/v2\/types\/post"}],"author":[{"embeddable":true,"href":"https:\/\/www.europesays.com\/fr\/wp-json\/wp\/v2\/users\/2"}],"replies":[{"embeddable":true,"href":"https:\/\/www.europesays.com\/fr\/wp-json\/wp\/v2\/comments?post=1164566"}],"version-history":[{"count":0,"href":"https:\/\/www.europesays.com\/fr\/wp-json\/wp\/v2\/posts\/1164566\/revisions"}],"wp:featuredmedia":[{"embeddable":true,"href":"https:\/\/www.europesays.com\/fr\/wp-json\/wp\/v2\/media\/1164567"}],"wp:attachment":[{"href":"https:\/\/www.europesays.com\/fr\/wp-json\/wp\/v2\/media?parent=1164566"}],"wp:term":[{"taxonomy":"category","embeddable":true,"href":"https:\/\/www.europesays.com\/fr\/wp-json\/wp\/v2\/categories?post=1164566"},{"taxonomy":"post_tag","embeddable":true,"href":"https:\/\/www.europesays.com\/fr\/wp-json\/wp\/v2\/tags?post=1164566"}],"curies":[{"name":"wp","href":"https:\/\/api.w.org\/{rel}","templated":true}]}}