{"id":1164570,"date":"2026-09-03T07:22:33","date_gmt":"2026-09-03T07:22:33","guid":{"rendered":"https:\/\/www.europesays.com\/fr\/1164570\/"},"modified":"2026-09-03T07:22:33","modified_gmt":"2026-09-03T07:22:33","slug":"handball-nancy-villers-et-neuves-maisons-sunissent-pour-retrouver-les-sommets","status":"publish","type":"post","link":"https:\/\/www.europesays.com\/fr\/1164570\/","title":{"rendered":"Handball. Nancy, Villers et Neuves-Maisons s\u2019unissent pour retrouver les sommets"},"content":{"rendered":"<p class=\"insetTitle\">Le Villers Handball entre ententes et m\u00e9sententes<\/p>\n<p>Ce n\u2019est pas la premi\u00e8re fois que le Villers HB d\u00e9cide de s\u2019acoquiner avec un club voisin. Les plus anciens se rappelleront que lors des ann\u00e9es 80, le COS Villers et le feu-SLUC Nancy avaient fusionn\u00e9. Le club nanc\u00e9ien r\u00e9cup\u00e9rait ainsi les joueurs issus de la formidable fili\u00e8re de formation villaroise dont les jeunes \u00e9l\u00e9ments \u00e9voluaient en Coupe Falcony. Cette collaboration m\u00e8nera l\u2019\u00e9quipe fanion de la N1 \u00e0 la D1. A la disparition du SLUC Nancy \u00e0 la fin de la saison 2000\/2001, les licenci\u00e9s villarois portent les couleurs de l\u2019ASPTT Nancy\/Vandoeuvre, l\u2019anc\u00eatre du Nancy MH. <\/p>\n<p>Mais en interne des dissensions apparaissent et sous l\u2018impulsion d\u2019Alain Poncet et de Patrick Chuiton, Villers finit pas faire s\u00e9cession et \u00e0 reprendre son ind\u00e9pendance en 2004. Il ne comptait alors que 80 licenci\u00e9s. Contraints de repartir pratiquement de z\u00e9ro, les Villarois graviront tous les \u00e9tages jusqu\u2019en N1. \u00c0 cette \u00e9poque, Rapha\u00ebl Garbelllini, alors aux commandes, propose au Nancy HB un rapprochement. Son offre restera lettre morte. Avant de s\u2019unir cette ann\u00e9e avec le Nancy MH, Villers avait d\u00e9j\u00e0 mis en place dans les cat\u00e9gories jeunes des ententes avec Neuves-Maisons. <\/p>\n<p>Du c\u00f4t\u00e9 des f\u00e9minines, Villers a longtemps fait cavalier seul avant de se rapprocher du club de Flavigny\/Fl\u00e9ville\/Richardm\u00e9nil. Mais le mariage se terminera avec un douloureux divorce\u00a0: les deux clubs se battent pour d\u00e9tenir le pr\u00e9cieux niveau de jeu en N2. Contraintes finalement de repartir en PN, les Villaroises roulent depuis en solo.<\/p>\n","protected":false},"excerpt":{"rendered":"Le Villers Handball entre ententes et m\u00e9sententes Ce n\u2019est pas la premi\u00e8re fois que le Villers HB d\u00e9cide&hellip;\n","protected":false},"author":2,"featured_media":1164571,"comment_status":"","ping_status":"","sticky":false,"template":"","format":"standard","meta":{"footnotes":"","_share_on_mastodon":"0"},"categories":[9635],"tags":[1111,11,1704,1777,674,107,1701,1011,27,775,1792,1702,1703,9847,12,25,517,1700,10261],"class_list":["post-1164570","post","type-post","status-publish","format-standard","has-post-thumbnail","category-nancy","tag-actu","tag-actualites","tag-edition-nancy-et-agglomeration","tag-eu","tag-europe","tag-fil-info","tag-fil-info-sport","tag-fr","tag-france","tag-grand-est","tag-handball","tag-nancy","tag-nancy-ville-54b","tag-neuves-maisons","tag-news","tag-republique-francaise","tag-sport","tag-sport-lorrain","tag-villers-les-nancy"],"share_on_mastodon":{"url":"https:\/\/pubeurope.com\/@fr\/117205909135405442","error":""},"_links":{"self":[{"href":"https:\/\/www.europesays.com\/fr\/wp-json\/wp\/v2\/posts\/1164570","targetHints":{"allow":["GET"]}}],"collection":[{"href":"https:\/\/www.europesays.com\/fr\/wp-json\/wp\/v2\/posts"}],"about":[{"href":"https:\/\/www.europesays.com\/fr\/wp-json\/wp\/v2\/types\/post"}],"author":[{"embeddable":true,"href":"https:\/\/www.europesays.com\/fr\/wp-json\/wp\/v2\/users\/2"}],"replies":[{"embeddable":true,"href":"https:\/\/www.europesays.com\/fr\/wp-json\/wp\/v2\/comments?post=1164570"}],"version-history":[{"count":0,"href":"https:\/\/www.europesays.com\/fr\/wp-json\/wp\/v2\/posts\/1164570\/revisions"}],"wp:featuredmedia":[{"embeddable":true,"href":"https:\/\/www.europesays.com\/fr\/wp-json\/wp\/v2\/media\/1164571"}],"wp:attachment":[{"href":"https:\/\/www.europesays.com\/fr\/wp-json\/wp\/v2\/media?parent=1164570"}],"wp:term":[{"taxonomy":"category","embeddable":true,"href":"https:\/\/www.europesays.com\/fr\/wp-json\/wp\/v2\/categories?post=1164570"},{"taxonomy":"post_tag","embeddable":true,"href":"https:\/\/www.europesays.com\/fr\/wp-json\/wp\/v2\/tags?post=1164570"}],"curies":[{"name":"wp","href":"https:\/\/api.w.org\/{rel}","templated":true}]}}