{"id":1164583,"date":"2026-09-03T07:32:29","date_gmt":"2026-09-03T07:32:29","guid":{"rendered":"https:\/\/www.europesays.com\/fr\/1164583\/"},"modified":"2026-09-03T07:32:29","modified_gmt":"2026-09-03T07:32:29","slug":"attention-dimportants-bouchons-en-cours-sur-la150-a-la-sortie-de-rouen-apres-un-accident","status":"publish","type":"post","link":"https:\/\/www.europesays.com\/fr\/1164583\/","title":{"rendered":"Attention, d&rsquo;importants bouchons en cours sur l&rsquo;A150 \u00e0 la sortie de Rouen apr\u00e8s un accident"},"content":{"rendered":"<p>                    Par<br \/>\n        <strong><br \/>\n            <a href=\"https:\/\/actu.fr\/auteur\/vanessa-leroy\" title=\"Consulter tous les articles de Vanessa Leroy\" rel=\"nofollow noopener\" target=\"_blank\">Vanessa Leroy<\/a><br \/>\n                    <\/strong><\/p>\n<p>        Publi\u00e9 le<\/p>\n<p>            3 sept. 2026 \u00e0 8h20        <\/p>\n<p>Attention si vous devez prendre la route dans l\u2019agglom\u00e9ration de <a href=\"https:\/\/actu.fr\/76actu\/\" rel=\"nofollow noopener\" target=\"_blank\">Rouen<\/a> ce jeudi 3 septembre 2026. <strong>D\u2019importants bouchons<\/strong> sont en cours ce matin depuis 8 heures environ sur l\u2019A150 dans le sens Rouen vers Barentin, indique Bison Fut\u00e9.<\/p>\n<p>Un accident pr\u00e8s de Rouen<\/p>\n<p class=\" wall-content\">Ces embouteillages font suite \u00e0 <strong>un accident entre une voiture et un camion<\/strong> \u00e0 la sortie de Rouen. La voie de droite a d\u00fb \u00eatre neutralis\u00e9e le temps de l\u2019intervention des secours.\u00a0<\/p>\n<p>Suivez l\u2019actualit\u00e9 de Rouen\u00a0<a href=\"https:\/\/www.whatsapp.com\/channel\/0029VaKfnf99hXF2ddApFB1D\" rel=\"nofollow noopener\" target=\"_blank\">sur notre cha\u00eene WhatsApp<\/a>\u00a0et\u00a0<a href=\"https:\/\/www.tiktok.com\/@76actu.fr?lang=fr\" rel=\"nofollow noopener\" target=\"_blank\">sur notre compte TikTok<\/a><\/p>\n<p class=\" wall-content\">Personnalisez votre actualit\u00e9 en ajoutant vos villes et m\u00e9dias en favori avec <a href=\"https:\/\/moncompte.actu.fr\" title=\"D\u00e9couvez Mon Actu\" rel=\"nofollow noopener\" data-trk=\"{&quot;cta&quot;:{&quot;action&quot;:&quot;https:\\\/\\\/moncompte.actu.fr&quot;,&quot;category&quot;:&quot;mon compte&quot;,&quot;from&quot;:&quot;article footer&quot;,&quot;name&quot;:&quot;Mon actu&quot;,&quot;type&quot;:&quot;cta&quot;}}\" target=\"_blank\">Mon Actu<\/a>.<\/p>\n<p>                    <script async src=\"\/\/www.tiktok.com\/embed.js\"><\/script><\/p>\n","protected":false},"excerpt":{"rendered":"Par Vanessa Leroy Publi\u00e9 le 3 sept. 2026 \u00e0 8h20 Attention si vous devez prendre la route dans&hellip;\n","protected":false},"author":2,"featured_media":1164584,"comment_status":"","ping_status":"","sticky":false,"template":"","format":"standard","meta":{"footnotes":"","_share_on_mastodon":"0"},"categories":[9587],"tags":[119,1111,11,3542,1777,674,118,1011,27,803,12,5161,25,9590],"class_list":["post-1164583","post","type-post","status-publish","format-standard","has-post-thumbnail","category-rouen","tag-accident","tag-actu","tag-actualites","tag-circulation","tag-eu","tag-europe","tag-faits-divers","tag-fr","tag-france","tag-info-trafic","tag-news","tag-normandie","tag-republique-francaise","tag-rouen"],"share_on_mastodon":{"url":"https:\/\/pubeurope.com\/@fr\/117205948452788774","error":""},"_links":{"self":[{"href":"https:\/\/www.europesays.com\/fr\/wp-json\/wp\/v2\/posts\/1164583","targetHints":{"allow":["GET"]}}],"collection":[{"href":"https:\/\/www.europesays.com\/fr\/wp-json\/wp\/v2\/posts"}],"about":[{"href":"https:\/\/www.europesays.com\/fr\/wp-json\/wp\/v2\/types\/post"}],"author":[{"embeddable":true,"href":"https:\/\/www.europesays.com\/fr\/wp-json\/wp\/v2\/users\/2"}],"replies":[{"embeddable":true,"href":"https:\/\/www.europesays.com\/fr\/wp-json\/wp\/v2\/comments?post=1164583"}],"version-history":[{"count":0,"href":"https:\/\/www.europesays.com\/fr\/wp-json\/wp\/v2\/posts\/1164583\/revisions"}],"wp:featuredmedia":[{"embeddable":true,"href":"https:\/\/www.europesays.com\/fr\/wp-json\/wp\/v2\/media\/1164584"}],"wp:attachment":[{"href":"https:\/\/www.europesays.com\/fr\/wp-json\/wp\/v2\/media?parent=1164583"}],"wp:term":[{"taxonomy":"category","embeddable":true,"href":"https:\/\/www.europesays.com\/fr\/wp-json\/wp\/v2\/categories?post=1164583"},{"taxonomy":"post_tag","embeddable":true,"href":"https:\/\/www.europesays.com\/fr\/wp-json\/wp\/v2\/tags?post=1164583"}],"curies":[{"name":"wp","href":"https:\/\/api.w.org\/{rel}","templated":true}]}}