{"id":1164599,"date":"2026-09-03T07:47:39","date_gmt":"2026-09-03T07:47:39","guid":{"rendered":"https:\/\/www.europesays.com\/fr\/1164599\/"},"modified":"2026-09-03T07:47:39","modified_gmt":"2026-09-03T07:47:39","slug":"trop-peu-declairage-nuit-il-dans-cette-commune-au-nord-de-nantes","status":"publish","type":"post","link":"https:\/\/www.europesays.com\/fr\/1164599\/","title":{"rendered":"Trop peu d\u2019\u00e9clairage nuit-il\u00a0dans cette commune au nord de Nantes\u00a0?"},"content":{"rendered":"<p>La question de l\u2019\u00e9clairage nocturne et de ses cons\u00e9quences s\u00e9curitaires a agit\u00e9 les consciences durant l\u2019\u00e9t\u00e9.<\/p>\n<p>Des habitants et des artisans se disent m\u00e9contents du choix municipal de baisser les horaires d\u2019\u00e9clairage des 615\u00a0points lumineux de la commune.<\/p>\n<p>Ils mettent en lumi\u00e8re une certaine ins\u00e9curit\u00e9 nocturne guid\u00e9e par des choix municipaux et seraient pr\u00eats \u00e0 &#8230;<\/p>\n<p>\u00a0<\/p>\n","protected":false},"excerpt":{"rendered":"La question de l\u2019\u00e9clairage nocturne et de ses cons\u00e9quences s\u00e9curitaires a agit\u00e9 les consciences durant l\u2019\u00e9t\u00e9. Des habitants&hellip;\n","protected":false},"author":2,"featured_media":1164600,"comment_status":"","ping_status":"","sticky":false,"template":"","format":"standard","meta":{"footnotes":"","_share_on_mastodon":"0"},"categories":[2818],"tags":[1111,11,7052,15925,1777,674,1011,27,766,12,1308,120049,2636,25,8029],"class_list":["post-1164599","post","type-post","status-publish","format-standard","has-post-thumbnail","category-nantes","tag-actu","tag-actualites","tag-commune","tag-eclairage","tag-eu","tag-europe","tag-fr","tag-france","tag-nantes","tag-news","tag-nord","tag-nuit-il","tag-pays-de-la-loire","tag-republique-francaise","tag-trop"],"share_on_mastodon":{"url":"https:\/\/pubeurope.com\/@fr\/117206007560710103","error":""},"_links":{"self":[{"href":"https:\/\/www.europesays.com\/fr\/wp-json\/wp\/v2\/posts\/1164599","targetHints":{"allow":["GET"]}}],"collection":[{"href":"https:\/\/www.europesays.com\/fr\/wp-json\/wp\/v2\/posts"}],"about":[{"href":"https:\/\/www.europesays.com\/fr\/wp-json\/wp\/v2\/types\/post"}],"author":[{"embeddable":true,"href":"https:\/\/www.europesays.com\/fr\/wp-json\/wp\/v2\/users\/2"}],"replies":[{"embeddable":true,"href":"https:\/\/www.europesays.com\/fr\/wp-json\/wp\/v2\/comments?post=1164599"}],"version-history":[{"count":0,"href":"https:\/\/www.europesays.com\/fr\/wp-json\/wp\/v2\/posts\/1164599\/revisions"}],"wp:featuredmedia":[{"embeddable":true,"href":"https:\/\/www.europesays.com\/fr\/wp-json\/wp\/v2\/media\/1164600"}],"wp:attachment":[{"href":"https:\/\/www.europesays.com\/fr\/wp-json\/wp\/v2\/media?parent=1164599"}],"wp:term":[{"taxonomy":"category","embeddable":true,"href":"https:\/\/www.europesays.com\/fr\/wp-json\/wp\/v2\/categories?post=1164599"},{"taxonomy":"post_tag","embeddable":true,"href":"https:\/\/www.europesays.com\/fr\/wp-json\/wp\/v2\/tags?post=1164599"}],"curies":[{"name":"wp","href":"https:\/\/api.w.org\/{rel}","templated":true}]}}