{"id":1164606,"date":"2026-09-03T07:54:18","date_gmt":"2026-09-03T07:54:18","guid":{"rendered":"https:\/\/www.europesays.com\/fr\/1164606\/"},"modified":"2026-09-03T07:54:18","modified_gmt":"2026-09-03T07:54:18","slug":"velotoulouse-bat-un-nouveau-record-avec-plus-de-55-000-trajets-en-une-journee-ce-mardi-1er-septembre","status":"publish","type":"post","link":"https:\/\/www.europesays.com\/fr\/1164606\/","title":{"rendered":"V\u00e9l\u00f4Toulouse bat un nouveau record avec plus de 55 000 trajets en une journ\u00e9e, ce mardi 1er septembre"},"content":{"rendered":"<p>\n                                                                    l&rsquo;essentiel<br \/>\n                                                                Le service de v\u00e9los en libre-service a enregistr\u00e9 55 309 locations mardi 1er septembre 2026. Depuis sa modernisation, il y a deux ans, sa fr\u00e9quentation a plus que doubl\u00e9, port\u00e9e par l\u2019arriv\u00e9e des v\u00e9los \u00e9lectriques et l\u2019extension du r\u00e9seau.\n                            <\/p>\n<p>V\u00e9l\u00f4Toulouse continue d\u2019affoler les compteurs. Mardi 1er septembre 2026, 55 309 trajets ont \u00e9t\u00e9 r\u00e9alis\u00e9s en une seule journ\u00e9e, \u00e9tablissant un nouveau record pour le service de v\u00e9los en libre-service de l\u2019agglom\u00e9ration.<\/p>\n<p>Le pr\u00e9c\u00e9dent sommet, atteint le 17 avril 2026 avec 54 153 locations, est d\u00e9pass\u00e9 de 1 156 trajets, soit une hausse de 2,1 %. En septembre 2025, la meilleure journ\u00e9e avait d\u00e9j\u00e0 franchi pour la premi\u00e8re fois le seuil des 53 000 utilisations.<\/p>\n<p>De 4 \u00e0 plus de 10 millions de trajets par an<\/p>\n<p>Cette succession de records illustre la transformation du service depuis le lancement de la nouvelle g\u00e9n\u00e9ration de V\u00e9l\u00f4Toulouse,<a href=\"https:\/\/www.aua-toulouse.org\/la-dynamique-du-velo-se-consolide-dans-lagglomeration-toulousaine-en-2024\/?utm_source=chatgpt.com\" target=\"_self\" rel=\"nofollow noopener\"> le 30 ao\u00fbt 2024<\/a>. Auparavant, le r\u00e9seau enregistrait environ 4 millions de trajets par an. Entre fin ao\u00fbt 2024 et fin ao\u00fbt 2025, 10,8 millions de locations ont \u00e9t\u00e9 comptabilis\u00e9es, soit plus de deux fois et demie le niveau annuel de l\u2019ancienne formule. L\u2019usage quotidien a, lui, \u00e9t\u00e9 multipli\u00e9 par trois.<\/p>\n<p class=\"std-elt__inline\">\n        <strong>\u00c0 lire aussi :<\/strong><br \/>\n        <a href=\"https:\/\/www.ladepeche.fr\/2026\/08\/20\/mon-velo-na-rien-de-legal-a-toulouse-remi-roule-avec-un-velo-electrique-trafique-et-il-assume-etre-tombe-amoureux-de-ce-moyen-de-transport-13514492.php\" rel=\"nofollow noopener\" target=\"_blank\">\u00ab\u00a0Mon v\u00e9lo n&rsquo;a rien de l\u00e9gal\u00a0\u00bb : \u00e0 Toulouse, R\u00e9mi roule avec un v\u00e9lo \u00e9lectrique trafiqu\u00e9, et il assume \u00eatre tomb\u00e9 amoureux de ce moyen de transport<\/a>\n    <\/p>\n<p>La progression concerne aussi les abonnements. Leur nombre est pass\u00e9 d\u2019environ 30 000 en mai 2024 \u00e0 69 500 \u00e0 l\u2019\u00e9t\u00e9 2025, soit plus du double. Plus d\u2019un million de tickets de courte dur\u00e9e avaient \u00e9galement \u00e9t\u00e9 vendus durant la premi\u00e8re ann\u00e9e, trois fois plus qu\u2019auparavant.<\/p>\n<p>Davantage de v\u00e9los, de stations et l\u2019arriv\u00e9e de l\u2019\u00e9lectrique<\/p>\n<p>Cette croissance repose sur une offre consid\u00e9rablement \u00e9largie. En ao\u00fbt 2024, le r\u00e9seau est pass\u00e9 de 283 \u00e0 400 stations et de 2 600 \u00e0 3 300 v\u00e9los. La moiti\u00e9 de la nouvelle flotte est compos\u00e9e de v\u00e9los \u00e0 assistance \u00e9lectrique, lesquels repr\u00e9sentent pr\u00e8s d\u2019une location sur deux.<\/p>\n<p class=\"std-elt__inline\">\n        <strong>\u00c0 lire aussi :<\/strong><br \/>\n        <a href=\"https:\/\/www.ladepeche.fr\/2026\/05\/28\/le-mec-na-jamais-roule-a-velo-pour-concevoir-ca-a-toulouse-des-ralentisseurs-a-velos-juges-trop-hauts-et-dangereux-par-certains-cyclistes-13390053.php\" rel=\"nofollow noopener\" target=\"_blank\">\u00ab\u00a0Le mec n&rsquo;a jamais roul\u00e9 \u00e0 v\u00e9lo pour concevoir \u00e7a\u00a0\u00bb, \u00e0 Toulouse des ralentisseurs \u00e0 v\u00e9los jug\u00e9s trop hauts et dangereux par certains cyclistes<\/a>\n    <\/p>\n<p>Une <a href=\"https:\/\/www.commuteo.tisseo.fr\/actualites\/velotoulouse-setend-dans-6-nouvelles-communes?utm_source=chatgpt.com\" target=\"_self\" rel=\"nofollow noopener\">nouvelle extension<\/a> r\u00e9alis\u00e9e \u00e0 l\u2019automne 2025 a port\u00e9 le dispositif \u00e0 445 stations et 3 650 v\u00e9los, avec une implantation \u00e0 Aucamville, Balma, Blagnac, Lab\u00e8ge, Ramonville et Tournefeuille. Le nombre moyen de trajets effectu\u00e9s chaque jour par v\u00e9lo est ainsi pass\u00e9 de 4,5 avec l\u2019ancien service \u00e0 9,5 apr\u00e8s sa modernisation. Le nouveau record de septembre confirme une dynamique qui ne s\u2019est pas essouffl\u00e9e deux ans apr\u00e8s le changement de flotte.<\/p>\n","protected":false},"excerpt":{"rendered":"l&rsquo;essentiel Le service de v\u00e9los en libre-service a enregistr\u00e9 55 309 locations mardi 1er septembre 2026. Depuis sa&hellip;\n","protected":false},"author":2,"featured_media":1164607,"comment_status":"","ping_status":"","sticky":false,"template":"","format":"standard","meta":{"footnotes":"","_share_on_mastodon":"0"},"categories":[2816],"tags":[1111,11,7048,82086,1777,674,1011,27,2722,12,2680,25,104,86703,2312,2221,86704],"class_list":["post-1164606","post","type-post","status-publish","format-standard","has-post-thumbnail","category-toulouse","tag-actu","tag-actualites","tag-bus","tag-circulation-deplacements","tag-eu","tag-europe","tag-fr","tag-france","tag-haute-garonne","tag-news","tag-occitanie","tag-republique-francaise","tag-societe","tag-tisseo-metro","tag-toulouse","tag-tram","tag-transport-a-toulouse"],"share_on_mastodon":{"url":"https:\/\/pubeurope.com\/@fr\/117206034832616067","error":""},"_links":{"self":[{"href":"https:\/\/www.europesays.com\/fr\/wp-json\/wp\/v2\/posts\/1164606","targetHints":{"allow":["GET"]}}],"collection":[{"href":"https:\/\/www.europesays.com\/fr\/wp-json\/wp\/v2\/posts"}],"about":[{"href":"https:\/\/www.europesays.com\/fr\/wp-json\/wp\/v2\/types\/post"}],"author":[{"embeddable":true,"href":"https:\/\/www.europesays.com\/fr\/wp-json\/wp\/v2\/users\/2"}],"replies":[{"embeddable":true,"href":"https:\/\/www.europesays.com\/fr\/wp-json\/wp\/v2\/comments?post=1164606"}],"version-history":[{"count":0,"href":"https:\/\/www.europesays.com\/fr\/wp-json\/wp\/v2\/posts\/1164606\/revisions"}],"wp:featuredmedia":[{"embeddable":true,"href":"https:\/\/www.europesays.com\/fr\/wp-json\/wp\/v2\/media\/1164607"}],"wp:attachment":[{"href":"https:\/\/www.europesays.com\/fr\/wp-json\/wp\/v2\/media?parent=1164606"}],"wp:term":[{"taxonomy":"category","embeddable":true,"href":"https:\/\/www.europesays.com\/fr\/wp-json\/wp\/v2\/categories?post=1164606"},{"taxonomy":"post_tag","embeddable":true,"href":"https:\/\/www.europesays.com\/fr\/wp-json\/wp\/v2\/tags?post=1164606"}],"curies":[{"name":"wp","href":"https:\/\/api.w.org\/{rel}","templated":true}]}}