{"id":1164608,"date":"2026-09-03T07:56:13","date_gmt":"2026-09-03T07:56:13","guid":{"rendered":"https:\/\/www.europesays.com\/fr\/1164608\/"},"modified":"2026-09-03T07:56:13","modified_gmt":"2026-09-03T07:56:13","slug":"l1-pourquoi-le-match-toulouse-lille-se-joue-un-jeudi-soir","status":"publish","type":"post","link":"https:\/\/www.europesays.com\/fr\/1164608\/","title":{"rendered":"L1 : Pourquoi le match Toulouse-Lille se joue un jeudi soir"},"content":{"rendered":"<p><b>La 3e journ\u00e9e de Ligue 1 d\u00e9bute d\u00e8s ce jeudi soir avec le match entre Toulouse et Lille fix\u00e9 \u00e0 un horaire inhabituel. Un choix de Ligue1+ contraint par la programmation du <a href=\"https:\/\/www.foot01.com\/lille\" title=\"LOSC\" rel=\"nofollow noopener\" target=\"_blank\">LOSC<\/a> en Ligue des Champions.<\/b><\/p>\n<p>Fait tr\u00e8s inhabituel, la troisi\u00e8me journ\u00e9e de Ligue 1 va d\u00e9marrer ce jeudi \u00e0 20h45 au lieu de d\u00e9marrer le vendredi soir comme c\u2019est le cas avec une programmation classique. Lille se d\u00e9place \u00e0 Toulouse pour ouvrir le bal de cette troisi\u00e8me journ\u00e9e, et de nombreux t\u00e9l\u00e9spectateurs et amoureux du championnat de France se demandent pourquoi Ligue1+ a fait le choix d\u2019une telle programmation en ce d\u00e9but du mois de septembre.<\/p>\n<p>L\u2019Equipe a r\u00e9pondu \u00e0 cette interrogation dans son \u00e9dition du jour et sans surprise, le choix d\u2019avancer Toulouse-Lille au jeudi soir est une cons\u00e9quence des programmations de l\u2019UEFA sur les matchs de Ligue des Champions de la semaine prochaine. L\u2019instance europ\u00e9enne a d\u00e9cid\u00e9 de programmer le premier match du LOSC (r\u00e9ception du Betis S\u00e9ville) au mardi soir. L\u2019UEFA avait \u00e9galement d\u00e9cid\u00e9 de faire jouer l\u2019OL le mardi soir, dans le cas o\u00f9 Lyon se serait qualifi\u00e9 contre le Fenerbah\u00e7e en barrage.<\/p>\n<p>Une programmation contrainte par l&rsquo;UEFA<\/p>\n<p>Pour permettre aux clubs fran\u00e7ais d\u2019avoir au moins quatre jours de repos, Ligue1+ devait donc programmer l\u2019OL et Lille le vendredi soir, en plus de PSG-Monaco. Plut\u00f4t que de cr\u00e9er un embouteillage le m\u00eame jour, qui n\u2019aurait pas permis aux t\u00e9l\u00e9spectateurs de voir tous les matchs individuellement, la d\u00e9cision a donc \u00e9t\u00e9 prise par Ligue1+ de programmer Toulouse-Lille au jeudi, ce que les deux clubs ont accept\u00e9. Les accroc \u00e0 notre ligue des talents pourront donc regarder de la Ligue 1 pendant quatre soirs cons\u00e9cutifs ce week-end.<\/p>\n","protected":false},"excerpt":{"rendered":"La 3e journ\u00e9e de Ligue 1 d\u00e9bute d\u00e8s ce jeudi soir avec le match entre Toulouse et Lille&hellip;\n","protected":false},"author":2,"featured_media":1164609,"comment_status":"","ping_status":"","sticky":false,"template":"","format":"standard","meta":{"footnotes":"","_share_on_mastodon":"0"},"categories":[2816],"tags":[1111,11,1777,674,1011,27,66,2267,12,2680,25,4450,2312],"class_list":["post-1164608","post","type-post","status-publish","format-standard","has-post-thumbnail","category-toulouse","tag-actu","tag-actualites","tag-eu","tag-europe","tag-fr","tag-france","tag-ligue-1","tag-losc","tag-news","tag-occitanie","tag-republique-francaise","tag-tfc","tag-toulouse"],"share_on_mastodon":{"url":"https:\/\/pubeurope.com\/@fr\/117206042925769912","error":""},"_links":{"self":[{"href":"https:\/\/www.europesays.com\/fr\/wp-json\/wp\/v2\/posts\/1164608","targetHints":{"allow":["GET"]}}],"collection":[{"href":"https:\/\/www.europesays.com\/fr\/wp-json\/wp\/v2\/posts"}],"about":[{"href":"https:\/\/www.europesays.com\/fr\/wp-json\/wp\/v2\/types\/post"}],"author":[{"embeddable":true,"href":"https:\/\/www.europesays.com\/fr\/wp-json\/wp\/v2\/users\/2"}],"replies":[{"embeddable":true,"href":"https:\/\/www.europesays.com\/fr\/wp-json\/wp\/v2\/comments?post=1164608"}],"version-history":[{"count":0,"href":"https:\/\/www.europesays.com\/fr\/wp-json\/wp\/v2\/posts\/1164608\/revisions"}],"wp:featuredmedia":[{"embeddable":true,"href":"https:\/\/www.europesays.com\/fr\/wp-json\/wp\/v2\/media\/1164609"}],"wp:attachment":[{"href":"https:\/\/www.europesays.com\/fr\/wp-json\/wp\/v2\/media?parent=1164608"}],"wp:term":[{"taxonomy":"category","embeddable":true,"href":"https:\/\/www.europesays.com\/fr\/wp-json\/wp\/v2\/categories?post=1164608"},{"taxonomy":"post_tag","embeddable":true,"href":"https:\/\/www.europesays.com\/fr\/wp-json\/wp\/v2\/tags?post=1164608"}],"curies":[{"name":"wp","href":"https:\/\/api.w.org\/{rel}","templated":true}]}}