{"id":1164610,"date":"2026-09-03T07:57:17","date_gmt":"2026-09-03T07:57:17","guid":{"rendered":"https:\/\/www.europesays.com\/fr\/1164610\/"},"modified":"2026-09-03T07:57:17","modified_gmt":"2026-09-03T07:57:17","slug":"plan-climat-donnez-votre-avis-sur-lavenir-de-la-metropole","status":"publish","type":"post","link":"https:\/\/www.europesays.com\/fr\/1164610\/","title":{"rendered":"Plan Climat : donnez votre avis sur l&rsquo;avenir de la m\u00e9tropole"},"content":{"rendered":"<p class=\"introduction\">La M\u00e9tropole Europ\u00e9enne de Lille lance une grande concertation citoyenne pour construire son prochain Plan Climat 2027-2032. Jusqu&rsquo;au 28 septembre 2026, toutes les personnes qui habitent, travaillent, \u00e9tudient ou fr\u00e9quentent r\u00e9guli\u00e8rement la m\u00e9tropole peuvent partager leurs id\u00e9es et leurs priorit\u00e9s. Un rendez-vous est organis\u00e9 \u00e0 Roubaix le 19 septembre.<\/p>\n<p>La lutte contre le changement climatique se construit aussi avec les habitants. La M\u00e9tropole Europ\u00e9enne de Lille (MEL) pr\u00e9pare actuellement son futur <strong>Plan Climat Air \u00c9nergie Territorial (PCAET)<\/strong>, qui d\u00e9finira les grandes orientations de la m\u00e9tropole pour la p\u00e9riode <strong>2027-2032<\/strong>.<\/p>\n<p>Cette feuille de route concernera de nombreux aspects du quotidien : les d\u00e9placements, le logement, l\u2019\u00e9nergie, la qualit\u00e9 de l\u2019air, la nature en ville, les entreprises ou encore la gestion des d\u00e9chets. Son ambition est de rendre le territoire plus r\u00e9silient face aux \u00e9pisodes de chaleur, aux inondations, aux s\u00e9cheresses et de r\u00e9duire les \u00e9missions de gaz \u00e0 effet de serre.<\/p>\n<p>Une concertation ouverte \u00e0 tous<\/p>\n<p>La MEL souhaite recueillir l\u2019avis du plus grand nombre avant de finaliser ce nouveau Plan Climat. La concertation est ouverte \u00e0 toutes les personnes qui <strong>habitent, travaillent, \u00e9tudient ou viennent r\u00e9guli\u00e8rement sur le territoire m\u00e9tropolitain<\/strong>.<\/p>\n<p>L\u2019objectif est de mieux identifier les attentes des habitants et des acteurs locaux afin que les futures actions correspondent aux r\u00e9alit\u00e9s v\u00e9cues dans les 95 communes de la m\u00e9tropole.<\/p>\n<p>Les participants peuvent r\u00e9pondre \u00e0 un questionnaire en ligne et choisir les th\u00e9matiques sur lesquelles ils souhaitent s\u2019exprimer. Le temps de r\u00e9ponse est estim\u00e9 entre <strong>5 et 10 minutes<\/strong>.<\/p>\n<p><strong><a href=\"https:\/\/www.lillemetropole.fr\/actualites\/concertation-donnez-votre-avis-sur-le-plan-climat-de-la-metropole?fbclid=IwY2xjawUDsZ9wZG9mBWV4dG4DYWVtAjEwAGJyaWQRMUs2Nk16WVpjSHFxMzlaYkxzcnRjBmFwcF9pZBAyMjIwMzkxNzg4MjAwODkyAAEeurF8Pg6O_gLjwmuvFIyy4tM7ymL0ntSMhoqSKduK-cu98Z74CBYBJPNLZGQ_aem_dbc-udJCAE1z9fANysSbFQ\" target=\"_blank\" rel=\"noopener nofollow\">&gt; R\u00e9pondre au questionnaire en ligne\u00a0<\/a><\/strong><\/p>\n<p>Des \u00e9changes \u00e9galement organis\u00e9s sur le terrain<\/p>\n<p>La concertation se d\u00e9roule <strong>du 31 ao\u00fbt au 28 septembre 2026<\/strong>. Les contributions recueillies participeront \u00e0 l\u2019\u00e9laboration du projet qui sera ensuite finalis\u00e9 avant sa pr\u00e9sentation au Conseil m\u00e9tropolitain en 2027. En compl\u00e9ment de la participation en ligne, la MEL organise plusieurs temps de rencontre dans diff\u00e9rentes communes afin de pr\u00e9senter le projet, r\u00e9pondre aux questions et recueillir directement les propositions des habitants.<\/p>\n<p><strong>\u00c0 Roubaix, un rendez-vous est pr\u00e9vu le <\/strong><strong>samedi 19 septembre d<\/strong><strong>e 14 h \u00e0 17 h au j<\/strong><strong>ardin du mus\u00e9e de La Piscine.<\/strong><\/p>\n<p>Les \u00e9quipes de la M\u00e9tropole y proposeront des animations, des \u00e9changes autour du futur Plan Climat et un accompagnement pour participer \u00e0 la concertation.<\/p>\n<p class=\"title\">Un nouveau plan pour poursuivre les actions engag\u00e9es<\/p>\n<p>Le <a href=\"https:\/\/www.lillemetropole.fr\/plan-climat\" target=\"_blank\" rel=\"noopener nofollow\">pr\u00e9c\u00e9dent Plan Climat, adopt\u00e9 pour la p\u00e9riode <strong>2021-2026<\/strong><\/a>, avait notamment permis le d\u00e9veloppement des mobilit\u00e9s douces, l\u2019accompagnement \u00e0 la r\u00e9novation \u00e9nerg\u00e9tique des logements, le d\u00e9veloppement des \u00e9nergies renouvelables ou encore la pr\u00e9servation des espaces naturels.<\/p>\n<p>Le futur PCAET devra poursuivre cette dynamique tout en r\u00e9pondant aux nouveaux d\u00e9fis climatiques auxquels la m\u00e9tropole est confront\u00e9e.<\/p>\n","protected":false},"excerpt":{"rendered":"La M\u00e9tropole Europ\u00e9enne de Lille lance une grande concertation citoyenne pour construire son prochain Plan Climat 2027-2032. Jusqu&rsquo;au&hellip;\n","protected":false},"author":2,"featured_media":1164611,"comment_status":"","ping_status":"","sticky":false,"template":"","format":"standard","meta":{"footnotes":"","_share_on_mastodon":"0"},"categories":[2815],"tags":[1111,11,1129,18112,1777,674,1011,27,811,1307,12,48274,25],"class_list":["post-1164610","post","type-post","status-publish","format-standard","has-post-thumbnail","category-lille","tag-actu","tag-actualites","tag-climat","tag-enquete-publique","tag-eu","tag-europe","tag-fr","tag-france","tag-hauts-de-france","tag-lille","tag-news","tag-participation","tag-republique-francaise"],"share_on_mastodon":{"url":"https:\/\/pubeurope.com\/@fr\/117206047093359073","error":""},"_links":{"self":[{"href":"https:\/\/www.europesays.com\/fr\/wp-json\/wp\/v2\/posts\/1164610","targetHints":{"allow":["GET"]}}],"collection":[{"href":"https:\/\/www.europesays.com\/fr\/wp-json\/wp\/v2\/posts"}],"about":[{"href":"https:\/\/www.europesays.com\/fr\/wp-json\/wp\/v2\/types\/post"}],"author":[{"embeddable":true,"href":"https:\/\/www.europesays.com\/fr\/wp-json\/wp\/v2\/users\/2"}],"replies":[{"embeddable":true,"href":"https:\/\/www.europesays.com\/fr\/wp-json\/wp\/v2\/comments?post=1164610"}],"version-history":[{"count":0,"href":"https:\/\/www.europesays.com\/fr\/wp-json\/wp\/v2\/posts\/1164610\/revisions"}],"wp:featuredmedia":[{"embeddable":true,"href":"https:\/\/www.europesays.com\/fr\/wp-json\/wp\/v2\/media\/1164611"}],"wp:attachment":[{"href":"https:\/\/www.europesays.com\/fr\/wp-json\/wp\/v2\/media?parent=1164610"}],"wp:term":[{"taxonomy":"category","embeddable":true,"href":"https:\/\/www.europesays.com\/fr\/wp-json\/wp\/v2\/categories?post=1164610"},{"taxonomy":"post_tag","embeddable":true,"href":"https:\/\/www.europesays.com\/fr\/wp-json\/wp\/v2\/tags?post=1164610"}],"curies":[{"name":"wp","href":"https:\/\/api.w.org\/{rel}","templated":true}]}}