{"id":1164616,"date":"2026-09-03T08:00:18","date_gmt":"2026-09-03T08:00:18","guid":{"rendered":"https:\/\/www.europesays.com\/fr\/1164616\/"},"modified":"2026-09-03T08:00:18","modified_gmt":"2026-09-03T08:00:18","slug":"37c-a-toulouse-36c-a-nimes-35c-a-marseille-ces-villes-qui-pourraient-battre-de-nouveaux-records-de-chaleur-pour-septembre-cette-fin-de-semaine","status":"publish","type":"post","link":"https:\/\/www.europesays.com\/fr\/1164616\/","title":{"rendered":"37\u00b0C \u00e0 Toulouse, 36\u00b0C \u00e0 N\u00eemes, 35\u00b0C \u00e0 Marseille : ces villes qui pourraient battre de nouveaux records de chaleur pour septembre cette fin de semaine"},"content":{"rendered":"<p class=\"article-p mdl\">L&rsquo;\u00e9t\u00e9 est parti pour durer. Ce mercredi 2 septembre, un premier record mensuel a \u00e9t\u00e9 battu dans l&rsquo;H\u00e9rault, \u00e0 P\u00e9zenas, o\u00f9 on a relev\u00e9 36,4\u00b0C, soit plus que les 36,2\u00b0C du 3 septembre 2016 et cette mesure risque de ne pas \u00eatre la seule \u00e0 atteindre des seuils historiques.<\/p>\n<p class=\"article-p mdl\">D\u00e8s ce jeudi apr\u00e8s-midi, les records pourraient tomber \u00e0 Marseille, o\u00f9 il est pr\u00e9vu 35\u00b0C &#8211; contre 34,3\u00b0C en septembre 1949 &#8211; mais aussi \u00e0 N\u00eemes, avec 36\u00b0C quand on avait atteint au maximum 35,3\u00b0C, en septembre 2016.<\/p>\n<p class=\"article-p mdl\">\u00ab\u00a0Vendredi, la hausse des temp\u00e9ratures se poursuit sur une large partie sud du pays.\u00a0Les temp\u00e9ratures pourraient atteindre un niveau in\u00e9dit pour un mois de septembre.\u00a0Le week-end\u00a0s&rsquo;annonce encore tr\u00e8s estival avec\u00a0de fortes chaleurs (sup\u00e9rieures \u00e0 30\u00b0C) concernant parfois certaines r\u00e9gions de la moiti\u00e9 nord et de tr\u00e8s fortes chaleurs dans la moiti\u00e9 sud (sup\u00e9rieures \u00e0 35\u00b0C)\u00a0\u00bb, d\u00e9taille\u00a0<a class=\"link\" href=\"https:\/\/meteofrance.com\/actualites\/meteo-la-chaleur-sintensifie-au-fil-de-la-semaine\" target=\"_blank\" rel=\"nofollow noopener\">M\u00e9t\u00e9o-France<\/a>\u00a0dans ses pr\u00e9visions.<\/p>\n<p>            Deux pics attendus vendredi et dimanche<\/p>\n<p class=\"article-p mdl\">\u00ab\u00a0Dans le sud-ouest, les temp\u00e9ratures attendues seront remarquables pour un d\u00e9but septembre et atteindront par endroits des niveaux dignes d\u2019un plein mois de juillet\u00a0\u00bb, signale d&rsquo;ailleurs\u00a0<a class=\"link\" href=\"https:\/\/actualite.lachainemeteo.com\/actualite-meteo\/2026-09-02\/chaleur-ces-villes-du-sud-ouest-qui-pourraient-battre-des-records-91934\" target=\"_blank\" rel=\"nofollow noopener\">La cha\u00eene m\u00e9t\u00e9o<\/a>, car \u00ab\u00a0une masse d\u2019air exceptionnellement chaude pour la saison remontera d\u2019Espagne\u00a0\u00bb. De quoi prolonger ce pic du mercure vendredi, avant de possiblement repartir \u00e0 la hausse dimanche.<\/p>\n<p class=\"article-p mdl\">Ainsi, on attend vendredi 37\u00b0C \u00e0 Toulouse, Albi, Montauban ou encore Agen : plus de 1,5\u00b0C que les pr\u00e9c\u00e9dentes marques records parfois. La vall\u00e9e de la Garonne sera particuli\u00e8rement expos\u00e9e.<\/p>\n<p class=\"article-p mdl\">\u00ab\u00a0En revanche, les r\u00e9f\u00e9rences les plus \u00e9lev\u00e9es du Sud-Ouest semblent plus difficiles \u00e0 atteindre :\u00a040,2\u00b0C \u00e0 Pissos, 39,2\u00b0C \u00e0 Mont-de-Marsan et 39\u00b0C \u00e0 Dax, relev\u00e9s en septembre 2016 et 2022\u00a0\u00bb, pr\u00e9cise le m\u00e9dia sp\u00e9cialis\u00e9.<\/p>\n<p>    La r\u00e9daction vous recommande<\/p>\n<p class=\"s-newsletter__title\">\n                L\u2019actualit\u00e9 par la r\u00e9daction de RTL dans votre bo\u00eete mail.\n            <\/p>\n<p class=\"s-newsletter__subtitle\">\n                Gr\u00e2ce \u00e0 votre compte RTL abonnez-vous \u00e0 la newsletter RTL info pour suivre toute l&rsquo;actualit\u00e9 au quotidien\n            <\/p>\n<p>\n                                    Lire la suite\n                                <\/p>\n<p class=\"article-google-preferred__title\">Ne laissez pas Google d\u00e9cider de vos sources.<\/p>\n<p>    <a href=\"https:\/\/www.google.com\/preferences\/source?q=https:\/\/www.rtl.fr\" target=\"_blank\" rel=\"noopener noreferrer nofollow\" class=\"article-google-preferred__btn at-class\" data-at-event=\"action\" data-at-category=\"actualite\" data-at-chapter1=\"pied_article\" data-at-chapter2=\"actu_meteo\" data-at-click=\"favori_google\">Ajouter RTL comme source pr\u00e9f\u00e9r\u00e9e<\/a><\/p>\n","protected":false},"excerpt":{"rendered":"L&rsquo;\u00e9t\u00e9 est parti pour durer. Ce mercredi 2 septembre, un premier record mensuel a \u00e9t\u00e9 battu dans l&rsquo;H\u00e9rault,&hellip;\n","protected":false},"author":2,"featured_media":1164617,"comment_status":"","ping_status":"","sticky":false,"template":"","format":"standard","meta":{"footnotes":"","_share_on_mastodon":"0"},"categories":[2814],"tags":[1111,11,1777,674,107,1011,27,884,2487,12,882,25,2648],"class_list":["post-1164616","post","type-post","status-publish","format-standard","has-post-thumbnail","category-marseille","tag-actu","tag-actualites","tag-eu","tag-europe","tag-fil-info","tag-fr","tag-france","tag-marseille","tag-meteo","tag-news","tag-provence-alpes-cote-dazur","tag-republique-francaise","tag-temperature"],"share_on_mastodon":{"url":"https:\/\/pubeurope.com\/@fr\/117206058450316456","error":""},"_links":{"self":[{"href":"https:\/\/www.europesays.com\/fr\/wp-json\/wp\/v2\/posts\/1164616","targetHints":{"allow":["GET"]}}],"collection":[{"href":"https:\/\/www.europesays.com\/fr\/wp-json\/wp\/v2\/posts"}],"about":[{"href":"https:\/\/www.europesays.com\/fr\/wp-json\/wp\/v2\/types\/post"}],"author":[{"embeddable":true,"href":"https:\/\/www.europesays.com\/fr\/wp-json\/wp\/v2\/users\/2"}],"replies":[{"embeddable":true,"href":"https:\/\/www.europesays.com\/fr\/wp-json\/wp\/v2\/comments?post=1164616"}],"version-history":[{"count":0,"href":"https:\/\/www.europesays.com\/fr\/wp-json\/wp\/v2\/posts\/1164616\/revisions"}],"wp:featuredmedia":[{"embeddable":true,"href":"https:\/\/www.europesays.com\/fr\/wp-json\/wp\/v2\/media\/1164617"}],"wp:attachment":[{"href":"https:\/\/www.europesays.com\/fr\/wp-json\/wp\/v2\/media?parent=1164616"}],"wp:term":[{"taxonomy":"category","embeddable":true,"href":"https:\/\/www.europesays.com\/fr\/wp-json\/wp\/v2\/categories?post=1164616"},{"taxonomy":"post_tag","embeddable":true,"href":"https:\/\/www.europesays.com\/fr\/wp-json\/wp\/v2\/tags?post=1164616"}],"curies":[{"name":"wp","href":"https:\/\/api.w.org\/{rel}","templated":true}]}}