{"id":1164618,"date":"2026-09-03T08:02:22","date_gmt":"2026-09-03T08:02:22","guid":{"rendered":"https:\/\/www.europesays.com\/fr\/1164618\/"},"modified":"2026-09-03T08:02:22","modified_gmt":"2026-09-03T08:02:22","slug":"je-vais-te-crever-un-chauffeur-de-bus-insulte-et-menace-a-lyon","status":"publish","type":"post","link":"https:\/\/www.europesays.com\/fr\/1164618\/","title":{"rendered":"\u00ab\u00a0Je vais te crever\u00a0\u00bb : un chauffeur de bus insult\u00e9 et menac\u00e9 \u00e0 Lyon"},"content":{"rendered":"<p>                            <img loading=\"lazy\" width=\"770\" height=\"433\" class=\"attachment-article size-article wp-post-image lazyload\" alt=\"\" decoding=\"async\" src=\"https:\/\/www.europesays.com\/fr\/wp-content\/uploads\/2026\/02\/Bus-TCL-sytral-keolis-\u00a9-Tim-Douet_0008-770x433.jpeg\"  data-max-width=\"770\" data- data-eio-rwidth=\"770\" data-eio-rheight=\"433\"\/><\/p>\n<p>Photo d\u2019illustration \u00a9 Tim Douet<\/p>\n<p class=\"content\" style=\"font-size:1.2em;font-weight:700\">Un chauffeur de bus de la ligne 72 a \u00e9t\u00e9 insult\u00e9 et menac\u00e9 par un passager dans la soir\u00e9e du dimanche 30 ao\u00fbt pour un simple \u00ab\u00a0bonjour\u00a0\u00bb.<\/p>\n<p class=\"wp-block-paragraph\">Il \u00e9tait environ 22 h 30, dimanche 30 ao\u00fbt, lorsqu\u2019un individu est mont\u00e9 \u00e0 bord d\u2019un bus de la ligne 72. Le chauffeur a alors salu\u00e9 le jeune homme, mais face au silence de ce dernier, a finalement r\u00e9p\u00e9t\u00e9 son \u00ab\u00a0bonjour\u00a0\u00bb un peu plus fort. C\u2019est \u00e0 ce moment que le passager serait devenu particuli\u00e8rement violent, assurent nos confr\u00e8res du <a href=\"https:\/\/www.leprogres.fr\/faits-divers-justice\/2026\/09\/03\/je-vais-te-crever-un-chauffeur-de-bus-menace-et-insulte-pour-un-simple-bonjour\" target=\"_blank\" rel=\"noreferrer noopener nofollow\">Progr\u00e8s<\/a>.<\/p>\n<p class=\"wp-block-paragraph\">Le jeune homme aurait cri\u00e9 et menac\u00e9 le chauffeur tout en le filmant. Il \u00e9tait visiblement sous l\u2019effet de produits stup\u00e9fiants. En sortant du bus \u00e0 l\u2019arr\u00eat Gorge de Loup, dans le 9e arrondissement de Lyon, quelques instants plus tard, l\u2019individu aurait hurl\u00e9 au chauffeur :\u00a0\u00ab\u00a0Je vais te casser la gueule, je vais te crever\u00a0\u00bb. Le conducteur du bus a port\u00e9 plainte.<\/p>\n","protected":false},"excerpt":{"rendered":"Photo d\u2019illustration \u00a9 Tim Douet Un chauffeur de bus de la ligne 72 a \u00e9t\u00e9 insult\u00e9 et menac\u00e9&hellip;\n","protected":false},"author":2,"featured_media":754475,"comment_status":"","ping_status":"","sticky":false,"template":"","format":"standard","meta":{"footnotes":"","_share_on_mastodon":"0"},"categories":[1889],"tags":[1111,11,2430,1777,674,1011,27,2428,12,25],"class_list":["post-1164618","post","type-post","status-publish","format-standard","has-post-thumbnail","category-lyon","tag-actu","tag-actualites","tag-auvergne-rhone-alpes","tag-eu","tag-europe","tag-fr","tag-france","tag-lyon","tag-news","tag-republique-francaise"],"share_on_mastodon":{"url":"https:\/\/pubeurope.com\/@fr\/117206068245964167","error":""},"_links":{"self":[{"href":"https:\/\/www.europesays.com\/fr\/wp-json\/wp\/v2\/posts\/1164618","targetHints":{"allow":["GET"]}}],"collection":[{"href":"https:\/\/www.europesays.com\/fr\/wp-json\/wp\/v2\/posts"}],"about":[{"href":"https:\/\/www.europesays.com\/fr\/wp-json\/wp\/v2\/types\/post"}],"author":[{"embeddable":true,"href":"https:\/\/www.europesays.com\/fr\/wp-json\/wp\/v2\/users\/2"}],"replies":[{"embeddable":true,"href":"https:\/\/www.europesays.com\/fr\/wp-json\/wp\/v2\/comments?post=1164618"}],"version-history":[{"count":0,"href":"https:\/\/www.europesays.com\/fr\/wp-json\/wp\/v2\/posts\/1164618\/revisions"}],"wp:featuredmedia":[{"embeddable":true,"href":"https:\/\/www.europesays.com\/fr\/wp-json\/wp\/v2\/media\/754475"}],"wp:attachment":[{"href":"https:\/\/www.europesays.com\/fr\/wp-json\/wp\/v2\/media?parent=1164618"}],"wp:term":[{"taxonomy":"category","embeddable":true,"href":"https:\/\/www.europesays.com\/fr\/wp-json\/wp\/v2\/categories?post=1164618"},{"taxonomy":"post_tag","embeddable":true,"href":"https:\/\/www.europesays.com\/fr\/wp-json\/wp\/v2\/tags?post=1164618"}],"curies":[{"name":"wp","href":"https:\/\/api.w.org\/{rel}","templated":true}]}}