{"id":1164621,"date":"2026-09-03T08:05:15","date_gmt":"2026-09-03T08:05:15","guid":{"rendered":"https:\/\/www.europesays.com\/fr\/1164621\/"},"modified":"2026-09-03T08:05:15","modified_gmt":"2026-09-03T08:05:15","slug":"meteo-ile-de-france-pic-de-chaleur-estival-attendu-ce-weekend","status":"publish","type":"post","link":"https:\/\/www.europesays.com\/fr\/1164621\/","title":{"rendered":"M\u00e9t\u00e9o \u00cele-de-France : pic de chaleur estival attendu ce weekend"},"content":{"rendered":"<p>Le weekend s\u2019annonce exceptionnellement chaud en \u00cele-de-France, avec un net redoux et des pointes proches de 32\u00b0C pr\u00e9vues dimanche, dans une atmosph\u00e8re estivale et peu agit\u00e9e. Id\u00e9al pour vos activit\u00e9s en ext\u00e9rieur, mais la chaleur risque de surprendre en fin de semaine !<\/p>\n<p>                                            Un d\u00e9but septembre sous le signe de la chaleur apr\u00e8s une pause plus fra\u00eeche<\/p>\n<p>Cette premi\u00e8re semaine de septembre marque un retour de la chaleur sur l\u2019ensemble de la r\u00e9gion. Apr\u00e8s une fin ao\u00fbt plus fra\u00eeche, les temp\u00e9ratures repartent nettement \u00e0 la hausse, rejoignant voire d\u00e9passant les normales de saison.<\/p>\n<p>Un front nuageux att\u00e9nuera le soleil samedi, avant une v\u00e9ritable pouss\u00e9e estivale dimanche. Aucune vigilance m\u00e9t\u00e9o particuli\u00e8re n\u2019est annonc\u00e9e pour l\u2019\u00cele-de-France ce weekend.<\/p>\n<p>Ce pic de chaleur s\u2019inscrit dans une nouvelle vague chaude qui touche actuellement la moiti\u00e9 nord du pays. Ce ph\u00e9nom\u00e8ne devient plus fr\u00e9quent \u00e0 la sortie de l\u2019\u00e9t\u00e9.<\/p>\n<p>    Samedi : Ambiance nuageuse puis retour du soleil, douceur constante<\/p>\n<p>    Matin\u00e9e : grisaille dominante, douceur agr\u00e9able<\/p>\n<p>Au lever du jour, le ciel se montre tr\u00e8s nuageux partout, avec quelques rares \u00e9claircies possibles sur <a href=\"https:\/\/www.meteocity.com\/france\/paris-v2988507\" rel=\"nofollow noopener\" target=\"_blank\">Paris<\/a>, <a href=\"https:\/\/www.meteocity.com\/france\/melun-v2994651\" rel=\"nofollow noopener\" target=\"_blank\">Melun<\/a> ou <a href=\"https:\/\/www.meteocity.com\/france\/versailles-v2969679\" rel=\"nofollow noopener\" target=\"_blank\">Versailles<\/a>. Les temp\u00e9ratures minimales sont quasi homog\u00e8nes : <strong>17\u00b0C \u00e0 19\u00b0C<\/strong> selon les secteurs, un ressenti doux qui pourrait vous inciter \u00e0 sortir t\u00f4t.<\/p>\n<p>La matin\u00e9e reste s\u00e8che, sans pr\u00e9cipitation \u00e0 signaler pour le moment en \u00cele-de-France. Les valeurs sont d\u00e9j\u00e0 bien au-dessus des normales pour la saison.<\/p>\n<p>Apr\u00e8s-midi : hausse des temp\u00e9ratures, ciel mitig\u00e9<\/p>\n<p>L\u2019ambiance reste changeante l\u2019apr\u00e8s-midi, avec une alternance de passages nuageux et de quelques \u00e9claircies. Les maximales grimpent franchement, atteignant <strong>26\u00b0C \u00e0 Paris<\/strong>, <strong>26\u00b0C \u00e0 Melun<\/strong>, <strong>25\u00b0C \u00e0 <\/strong><a href=\"https:\/\/www.meteocity.com\/france\/evry-v3019256\" rel=\"nofollow noopener\" target=\"_blank\"><strong>\u00c9vry<\/strong><\/a>, <strong>24\u00b0C \u00e0 Pontoise<\/strong> et <strong>24\u00b0C \u00e0 <\/strong><a href=\"https:\/\/www.meteocity.com\/france\/meaux-v2994798\" rel=\"nofollow noopener\" target=\"_blank\"><strong>Meaux<\/strong><\/a>.<\/p>\n<p>Les temp\u00e9ratures sont donc plus estivales que d\u00e9but septembre ne le laisse pr\u00e9sager, sans exc\u00e8s toutefois samedi. La chaleur se fait d\u00e9j\u00e0 ressentir dans la capitale et la petite couronne.<\/p>\n<p>Soir\u00e9e : retour franc du soleil<\/p>\n<p>En soir\u00e9e, les nuages s\u2019estompent, laissant place \u00e0 un ciel bien d\u00e9gag\u00e9 pour tous. <strong>Paris<\/strong> affiche <strong>23\u00b0C<\/strong>, <strong>Versailles<\/strong> et <strong>\u00c9vry<\/strong> <strong>22\u00b0C<\/strong>, <strong>Meaux<\/strong> <strong>21\u00b0C<\/strong>.<\/p>\n<p>Si vous pr\u00e9voyez de sortir, l\u2019ambiance sera particuli\u00e8rement douce, id\u00e9ale pour une promenade tardive ou un d\u00eener en terrasse.<\/p>\n<p>Vent : discret toute la journ\u00e9e<\/p>\n<p>Les vents restent faibles \u00e0 mod\u00e9r\u00e9s, ne d\u00e9passant pas <strong>19 km\/h<\/strong> l\u2019apr\u00e8s-midi sur Paris et la Seine-et-Marne. Le ressenti sera donc peu influenc\u00e9 par les rafales, les cyclistes et pi\u00e9tons n\u2019auront rien \u00e0 craindre c\u00f4t\u00e9 vent.<\/p>\n<p>    Dimanche : chaleur remarquable, ambiance quasi estivale<\/p>\n<p>    Matin\u00e9e : soleil et premi\u00e8res sensations de chaleur<\/p>\n<p>Le ciel s\u2019annonce bien d\u00e9gag\u00e9 sur la majorit\u00e9 de l\u2019\u00cele-de-France d\u00e8s le matin. Seuls le <strong>Val d\u2019Oise<\/strong> et la <strong>Seine-Saint-Denis<\/strong> conservent des nuages, avec <strong>14\u00b0C \u00e0 17\u00b0C<\/strong> au r\u00e9veil.<\/p>\n<p>Plus au sud, le soleil domine rapidement \u00e0 <strong>Melun<\/strong> et <strong>\u00c9vry<\/strong>, d\u00e9j\u00e0 <strong>17\u00b0C<\/strong> sous un ciel radieux.<\/p>\n<p>Apr\u00e8s-midi : coup de chaud g\u00e9n\u00e9ralis\u00e9<\/p>\n<p>C\u2019est l\u2019apr\u00e8s-midi que la chaleur s\u2019impose franchement : les thermom\u00e8tres atteignent <strong>31\u00b0C \u00e0 32\u00b0C<\/strong> partout, de <strong>Paris<\/strong> \u00e0 <strong>Versailles<\/strong>, <strong>Melun<\/strong> et <strong>\u00c9vry<\/strong>, sous un ciel voil\u00e9 ou partiellement nuageux.<\/p>\n<p>Les valeurs pr\u00e9vues sont tr\u00e8s \u00e9lev\u00e9es pour la saison, bien au-dessus des normales de septembre. Il faudra rester vigilant pour les plus fragiles face \u00e0 la chaleur.<\/p>\n<p>Soir\u00e9e : chaleur persistante, quelques nuages<\/p>\n<p>En soir\u00e9e, le mercure reste \u00e9lev\u00e9, avec <strong>28\u00b0C<\/strong> g\u00e9n\u00e9ralis\u00e9s sur la r\u00e9gion. Quelques gouttes isol\u00e9es ne sont pas \u00e0 exclure vers la <strong>Seine-et-Marne<\/strong>, mais la sensation d\u2019\u00e9t\u00e9 se maintient.<\/p>\n<p>La nuit sera tr\u00e8s douce, les temp\u00e9ratures peinant \u00e0 descendre sous les <strong>22\u00b0C \u00e0 25\u00b0C<\/strong> selon les secteurs.<\/p>\n<p>Vent : accentuation des rafales l\u2019apr\u00e8s-midi<\/p>\n<p>Les vents restent mod\u00e9r\u00e9s dans la matin\u00e9e (jusqu\u2019\u00e0 <strong>17 km\/h<\/strong>), mais montent en puissance dans l\u2019apr\u00e8s-midi, jusqu\u2019\u00e0 <strong>40 km\/h<\/strong> dans le sud et l\u2019est de la r\u00e9gion, notamment en <strong>Seine-et-Marne<\/strong> et <strong>Essonne<\/strong>.<\/p>\n<p>Ces rafales, sans repr\u00e9senter de danger, peuvent g\u00eaner les sorties en v\u00e9lo ou en deux-roues, en particulier en plaine.<\/p>\n<p>    Points marquants et conseils pour votre weekend<\/p>\n<ul>\n<li data-list-item-id=\"e0dc289ed11d04fb8e7d8b4a805ddcec0\"><strong>Chaleur exceptionnelle dimanche<\/strong> avec des temp\u00e9ratures proches de 32\u00b0C, risque de coup de chaud pour les plus sensibles.<\/li>\n<li data-list-item-id=\"e542f1a6c74dafd4b0ac4075dba29bd1d\"><strong>Vent mod\u00e9r\u00e9 dimanche apr\u00e8s-midi<\/strong> pouvant occasionner des g\u00eanes pour les activit\u00e9s en ext\u00e9rieur. Pr\u00e9voyez de l\u2019eau et privil\u00e9giez l\u2019ombre aux heures les plus chaudes.<\/li>\n<li data-list-item-id=\"eeed6659c4411cd2ec5401491d242fd08\">Soir\u00e9es agr\u00e9ables samedi et dimanche, propices au plein air.<\/li>\n<li data-list-item-id=\"ebc552037b489aa1530332a61a1758b98\">L\u2019absence de pr\u00e9cipitations favorise les balades, les activit\u00e9s sportives ou les sorties en famille.<\/li>\n<\/ul>\n","protected":false},"excerpt":{"rendered":"Le weekend s\u2019annonce exceptionnellement chaud en \u00cele-de-France, avec un net redoux et des pointes proches de 32\u00b0C pr\u00e9vues&hellip;\n","protected":false},"author":2,"featured_media":1164622,"comment_status":"","ping_status":"","sticky":false,"template":"","format":"standard","meta":{"footnotes":"","_share_on_mastodon":"0"},"categories":[1592],"tags":[1111,11,1777,674,1011,27,662,12,626,25],"class_list":["post-1164621","post","type-post","status-publish","format-standard","has-post-thumbnail","category-ile-de-france","tag-actu","tag-actualites","tag-eu","tag-europe","tag-fr","tag-france","tag-ile-de-france","tag-news","tag-paris","tag-republique-francaise"],"share_on_mastodon":{"url":"https:\/\/pubeurope.com\/@fr\/117206078536345065","error":""},"_links":{"self":[{"href":"https:\/\/www.europesays.com\/fr\/wp-json\/wp\/v2\/posts\/1164621","targetHints":{"allow":["GET"]}}],"collection":[{"href":"https:\/\/www.europesays.com\/fr\/wp-json\/wp\/v2\/posts"}],"about":[{"href":"https:\/\/www.europesays.com\/fr\/wp-json\/wp\/v2\/types\/post"}],"author":[{"embeddable":true,"href":"https:\/\/www.europesays.com\/fr\/wp-json\/wp\/v2\/users\/2"}],"replies":[{"embeddable":true,"href":"https:\/\/www.europesays.com\/fr\/wp-json\/wp\/v2\/comments?post=1164621"}],"version-history":[{"count":0,"href":"https:\/\/www.europesays.com\/fr\/wp-json\/wp\/v2\/posts\/1164621\/revisions"}],"wp:featuredmedia":[{"embeddable":true,"href":"https:\/\/www.europesays.com\/fr\/wp-json\/wp\/v2\/media\/1164622"}],"wp:attachment":[{"href":"https:\/\/www.europesays.com\/fr\/wp-json\/wp\/v2\/media?parent=1164621"}],"wp:term":[{"taxonomy":"category","embeddable":true,"href":"https:\/\/www.europesays.com\/fr\/wp-json\/wp\/v2\/categories?post=1164621"},{"taxonomy":"post_tag","embeddable":true,"href":"https:\/\/www.europesays.com\/fr\/wp-json\/wp\/v2\/tags?post=1164621"}],"curies":[{"name":"wp","href":"https:\/\/api.w.org\/{rel}","templated":true}]}}