{"id":1164630,"date":"2026-09-03T08:10:52","date_gmt":"2026-09-03T08:10:52","guid":{"rendered":"https:\/\/www.europesays.com\/fr\/1164630\/"},"modified":"2026-09-03T08:10:52","modified_gmt":"2026-09-03T08:10:52","slug":"drone-piege-a-laeroport-de-leipzig-lallemagne-accuse-la-russie-qui-nous-teste-avec-une-strategie-bien-particuliere","status":"publish","type":"post","link":"https:\/\/www.europesays.com\/fr\/1164630\/","title":{"rendered":"Drone pi\u00e9g\u00e9 \u00e0 l\u2019a\u00e9roport de Leipzig\u00a0: l\u2019Allemagne accuse la Russie, qui \u00ab\u00a0nous teste\u00a0\u00bb avec une strat\u00e9gie bien particuli\u00e8re"},"content":{"rendered":"<p>  <img decoding=\"async\" class=\"r-img lazyloaded\" src=\"https:\/\/www.europesays.com\/fr\/wp-content\/uploads\/2026\/07\/ibrahimmolough.jpg\" alt=\"Ibrahim Molough\"\/><\/p>\n<p>Par <a href=\"https:\/\/www.rtl.be\/384780\/dpi-authors\/ibrahim-molough\" rel=\"nofollow noopener\" target=\"_blank\">Ibrahim Molough<\/a><\/p>\n<p>\tPubli\u00e9 le 03 septembre \u00e0 09h07\n<\/p>\n<p>  <a href=\"https:\/\/www.google.com\/preferences\/source?q=rtl%20info\" class=\"r-link--google-favorites\" role=\"button\">Ajoutez-nous \u00e0 vos favoris Google<\/a><br \/>\n\tLe 4 ao\u00fbt, un drone charg\u00e9 d\u2019explosifs a \u00e9t\u00e9 d\u00e9couvert dans la zone s\u00e9curis\u00e9e de l\u2019a\u00e9roport de Leipzig, pr\u00e8s d\u2019avions-cargos ukrainiens. Berlin accuse d\u00e9sormais officiellement la Russie d\u2019avoir tent\u00e9 une attaque, dans un contexte de sabotages et d\u2019op\u00e9rations clandestines en Europe. Jim Nejman d\u00e9crypte cette strat\u00e9gie.<\/p>\n<p>&#13;<br \/>\n&#13;<\/p>\n<p>Le 4 ao\u00fbt au soir, un drone charg\u00e9 d\u2019explosifs est d\u00e9couvert dans la zone s\u00e9curis\u00e9e de l\u2019a\u00e9roport de Leipzig, pr\u00e8s d\u2019avions-cargos ukrainiens. L\u2019engin n\u2019explose pas et l\u2019attaque \u00e9choue.<\/p>\n<p>Depuis, l\u2019Allemagne affirme que les \u00e9l\u00e9ments mat\u00e9riels et les renseignements recueillis pointent vers des personnes ayant agi pour le compte de services russes. Moscou nie toute implication.<\/p>\n<p>&#13;<br \/>\n&#13;<\/p>\n<p>&#13;<br \/>\n&#13;<\/p>\n<p>    \u00c0 lire aussi<\/p>\n<p>  <img decoding=\"async\" data-copyright=\"Reuters\" class=\"r-img\"  typeof=\"foaf:Image\" src=\"https:\/\/www.europesays.com\/fr\/wp-content\/uploads\/2026\/09\/99819364.jpeg\" alt=\"Leizpig4.jpeg\"\/><br \/>\n      <a href=\"https:\/\/www.rtl.be\/actu\/monde\/international\/drone-explosif-laeroport-de-leipzig-nouvelles-revelations-sur-la-tentative\/2026-09-02\/article\/799063\" class=\"r-stories--link\" rel=\"nofollow noopener\" target=\"_blank\">Drone explosif \u00e0 l\u2019a\u00e9roport de Leipzig\u00a0: nouvelles r\u00e9v\u00e9lations sur la tentative d\u2019attentat<\/a><\/p>\n<p>Pour notre journaliste Jim Nejman, cette affaire d\u00e9passe le seul cas de Leipzig. Elle s\u2019inscrit dans une m\u00e9thode que Moscou est accus\u00e9 d\u2019utiliser depuis plusieurs ann\u00e9es en Europe\u00a0: sabotages, cyberattaques et op\u00e9rations clandestines.<\/p>\n<p>Des attaques difficiles \u00e0 identifier<\/p>\n<p>Le point commun entre ces op\u00e9rations\u00a0: elles perturbent et inqui\u00e8tent sans ressembler \u00e0 une attaque militaire classique. Cela rend aussi beaucoup plus difficile la d\u00e9cision sur la mani\u00e8re de riposter.<\/p>\n<p>La Russie utiliserait parfois des \u00ab\u00a0agents jetables\u00a0\u00bb, des ex\u00e9cutants de bas niveau souvent recrut\u00e9s en ligne et pay\u00e9s pour une mission ponctuelle, sans \u00eatre eux-m\u00eames des agents russes professionnels.<\/p>\n<p>&#13;<br \/>\n&#13;<\/p>\n<p>&#13;<br \/>\n&#13;<\/p>\n<p>L\u2019objectif serait notamment de perturber le soutien europ\u00e9en \u00e0 l\u2019Ukraine, en visant des infrastructures logistiques, mais aussi de d\u00e9stabiliser les soci\u00e9t\u00e9s. \u00ab\u00a0Accident ou attaque\u00a0? Et qui est derri\u00e8re\u00a0?\u00a0\u00bb\u00a0: cette incertitude ferait elle-m\u00eame partie de la strat\u00e9gie. En clair, \u00ab\u00a0la Russie nous teste\u00a0: jusqu\u2019o\u00f9 peut-elle aller avant de provoquer une r\u00e9action beaucoup plus forte\u00a0?\u00a0\u00bb<\/p>\n<p>Jusqu\u2019o\u00f9 r\u00e9pondre\u00a0?<\/p>\n<p>Malgr\u00e9 ces accusations, Berlin n\u2019a pas invoqu\u00e9 formellement l\u2019article 4 de l\u2019OTAN, qui permet de demander des consultations entre alli\u00e9s.<\/p>\n<p>Cette retenue fait d\u00e9bat. Plusieurs anciens responsables allemands jugent la r\u00e9ponse trop faible pour r\u00e9ellement dissuader Moscou. L\u2019Europe a n\u00e9anmoins durci le ton. Kaja Kallas, vice-pr\u00e9sidente de la Commission europ\u00e9enne, estime que l\u2019attaque pr\u00e9sente \u00ab\u00a0toutes les caract\u00e9ristiques d\u2019un terrorisme soutenu par un \u00c9tat\u00a0\u00bb, tandis qu\u2019Emmanuel Macron d\u00e9nonce la \u00ab\u00a0guerre hybride\u00a0\u00bb men\u00e9e par la Russie.<\/p>\n<\/p>\n<p>L\u2019Allemagne ferme aussi le dernier consulat g\u00e9n\u00e9ral russe encore ouvert dans le pays, durcit les contr\u00f4les d\u2019entr\u00e9e et veut accro\u00eetre la pression sur la flotte fant\u00f4me russe. L\u2019Union europ\u00e9enne travaille parall\u00e8lement \u00e0 de nouvelles sanctions.<\/p>\n<p>Mais le dilemme reste entier\u00a0: \u00ab\u00a0R\u00e9agir trop fort, c\u2019est risquer l\u2019escalade\u00a0; r\u00e9agir trop peu, c\u2019est laisser Moscou penser qu\u2019elle a encore de la marge.\u00a0\u00bb, conclut notre journaliste.<\/p>\n<p>&#13;<br \/>\n&#13;<\/p>\n<p>&#13;<br \/>\n&#13;<\/p>\n<p><a class=\"r-btn r-btn--tag\" href=\"https:\/\/www.rtl.be\/16576\/free-tags\/bel-rtl\" title=\"Bel RTL\" rel=\"nofollow noopener\" target=\"_blank\">Bel RTL<\/a><br \/>\n<a class=\"r-btn r-btn--tag\" href=\"https:\/\/www.rtl.be\/1641\/locations\/europe\" title=\"Europe\" rel=\"nofollow noopener\" target=\"_blank\">Europe<\/a><br \/>\n<a class=\"r-btn r-btn--tag\" href=\"https:\/\/www.rtl.be\/381194\/locations\/europe-de-louest\" title=\"Europe de l\u2019Ouest\" rel=\"nofollow noopener\" target=\"_blank\">Europe de l\u2019Ouest<\/a><br \/>\n<a class=\"r-btn r-btn--tag\" href=\"https:\/\/www.rtl.be\/333713\/locations\/allemagne\" title=\"Allemagne\" rel=\"nofollow noopener\" target=\"_blank\">Allemagne<\/a><\/p>\n","protected":false},"excerpt":{"rendered":"Par Ibrahim Molough Publi\u00e9 le 03 septembre \u00e0 09h07 Ajoutez-nous \u00e0 vos favoris Google Le 4 ao\u00fbt, un&hellip;\n","protected":false},"author":2,"featured_media":1164631,"comment_status":"","ping_status":"","sticky":false,"template":"","format":"standard","meta":{"footnotes":"","_share_on_mastodon":"0"},"categories":[1591],"tags":[11,672,120051,120050,1887,49442,12,103666,136,1885,1886,132,12999,120052,220],"class_list":["post-1164630","post","type-post","status-publish","format-standard","has-post-thumbnail","category-russie","tag-actualites","tag-allemagne","tag-attaque-aeroport","tag-drone-piege-leipzig","tag-federation-de-russie","tag-guerre-hybride","tag-news","tag-operations-clandestines","tag-otan","tag-russia","tag-russian-federation","tag-russie","tag-sabotage","tag-sanctions-europeennes","tag-ukraine"],"share_on_mastodon":{"url":"https:\/\/pubeurope.com\/@fr\/117206104217708492","error":""},"_links":{"self":[{"href":"https:\/\/www.europesays.com\/fr\/wp-json\/wp\/v2\/posts\/1164630","targetHints":{"allow":["GET"]}}],"collection":[{"href":"https:\/\/www.europesays.com\/fr\/wp-json\/wp\/v2\/posts"}],"about":[{"href":"https:\/\/www.europesays.com\/fr\/wp-json\/wp\/v2\/types\/post"}],"author":[{"embeddable":true,"href":"https:\/\/www.europesays.com\/fr\/wp-json\/wp\/v2\/users\/2"}],"replies":[{"embeddable":true,"href":"https:\/\/www.europesays.com\/fr\/wp-json\/wp\/v2\/comments?post=1164630"}],"version-history":[{"count":0,"href":"https:\/\/www.europesays.com\/fr\/wp-json\/wp\/v2\/posts\/1164630\/revisions"}],"wp:featuredmedia":[{"embeddable":true,"href":"https:\/\/www.europesays.com\/fr\/wp-json\/wp\/v2\/media\/1164631"}],"wp:attachment":[{"href":"https:\/\/www.europesays.com\/fr\/wp-json\/wp\/v2\/media?parent=1164630"}],"wp:term":[{"taxonomy":"category","embeddable":true,"href":"https:\/\/www.europesays.com\/fr\/wp-json\/wp\/v2\/categories?post=1164630"},{"taxonomy":"post_tag","embeddable":true,"href":"https:\/\/www.europesays.com\/fr\/wp-json\/wp\/v2\/tags?post=1164630"}],"curies":[{"name":"wp","href":"https:\/\/api.w.org\/{rel}","templated":true}]}}