{"id":1164638,"date":"2026-09-03T08:16:24","date_gmt":"2026-09-03T08:16:24","guid":{"rendered":"https:\/\/www.europesays.com\/fr\/1164638\/"},"modified":"2026-09-03T08:16:24","modified_gmt":"2026-09-03T08:16:24","slug":"les-elections-regionales-en-allemagne-de-lest-lafd-aux-portes-du-pouvoir","status":"publish","type":"post","link":"https:\/\/www.europesays.com\/fr\/1164638\/","title":{"rendered":"Les \u00e9lections r\u00e9gionales en Allemagne de l\u2019Est \u2013 l\u2019AfD aux portes du pouvoir ?"},"content":{"rendered":"<p>Ces \u00e9lections interviennent dans un contexte de profonde recomposition du paysage politique allemand, marqu\u00e9 par une polarisation croissante ainsi qu\u2019une insatisfaction et une impopularit\u00e9 in\u00e9dites envers le chancelier Friedrich Merz et sa coalition. L\u2019AfD s\u2019impose comme une force durablement \u00e9tablie dans le syst\u00e8me politique allemand et aspire \u00e0 gouverner. Longtemps concentr\u00e9e \u00e0 l\u2019Est, elle progresse aussi \u00e0 l\u2019Ouest, et ambitionne de faire des r\u00e9gions de l\u2019ex-RDA un possible laboratoire pour l\u2019ensemble du pays.<\/p>\n<p>Comment la mont\u00e9e de l\u2019AfD et la fragmentation croissante du paysage politique allemand compliquent-elles la formation de coalitions stables ? Quelles cons\u00e9quences ces \u00e9lections pourraient-elles avoir sur l\u2019avenir de la vie politique allemande ?<\/p>\n<p>\u00a0<\/p>\n<p>Intervenants<\/p>\n<p><strong>\u00c9lisa Goudin-Steinmann<\/strong>, professeure d\u2019\u00e9tudes germaniques, Universit\u00e9 Paris 3-Sorbonne-Nouvelle<\/p>\n<p><strong>Paul Maurice<\/strong>, secr\u00e9taire g\u00e9n\u00e9ral, Comit\u00e9 d\u2019\u00e9tudes des relations franco-allemandes (Cerfa), Ifri<\/p>\n<p>Mod\u00e9ratrice : <strong>Jeanette S\u00fc\u00df<\/strong>, chercheuse au Comit\u00e9 d\u2019\u00e9tudes des relations franco-allemandes (Cerfa), Ifri<\/p>\n<p>\u00a0<\/p>\n<p>Cycle de petits-d\u00e9jeuners d\u00e9bats organis\u00e9s par le <strong>Comit\u00e9 d\u2019\u00e9tudes des relations franco-allemandes<\/strong> (Cerfa), Ifri en coop\u00e9ration avec la <strong>Maison Heinrich Heine<\/strong>, le laboratoire de recherche <strong>SIRICE (Sorbonne-Identit\u00e9s, relations internationales et civilisations de l\u2019Europe)<\/strong>, la revue <strong>Allemagne d\u2019aujourd\u2019hui<\/strong> et <strong>Hub Culturel Europ\u00e9en<\/strong>.<\/p>\n<p>Ce cycle vise \u00e0 questionner les grands enjeux politiques qui se posent pour l\u2019Allemagne, qui fait face \u00e0 plusieurs bouleversements sur les plans g\u00e9opolitique, s\u00e9curitaire, \u00e9conomique et de politique int\u00e9rieure.<\/p>\n<p><strong>Conf\u00e9rence en pr\u00e9sentiel<\/strong> \u00e0 la <a href=\"https:\/\/www.maison-heinrich-heine.org\/culture\/agenda\/ce-qui-fait-bouger-lallemagne-2\/\" rel=\"nofollow noopener\" target=\"_blank\">Fondation de l\u2019Allemagne &#8211; Maison Heinrich Heine<\/a>, Cit\u00e9 internationale universitaire de Paris, 27 C, boulevard Jourdan, 75014 Paris<\/p>\n","protected":false},"excerpt":{"rendered":"Ces \u00e9lections interviennent dans un contexte de profonde recomposition du paysage politique allemand, marqu\u00e9 par une polarisation croissante&hellip;\n","protected":false},"author":2,"featured_media":1164639,"comment_status":"","ping_status":"","sticky":false,"template":"","format":"standard","meta":{"footnotes":"","_share_on_mastodon":"0"},"categories":[1587],"tags":[11,672,1804,1805,1803,1777,674,1801,12,1802],"class_list":["post-1164638","post","type-post","status-publish","format-standard","has-post-thumbnail","category-allemagne","tag-actualites","tag-allemagne","tag-bundesrepublik-deutschland","tag-de","tag-deutschland","tag-eu","tag-europe","tag-germany","tag-news","tag-republique-federale-dallemagne"],"share_on_mastodon":{"url":"https:\/\/pubeurope.com\/@fr\/117206121511448303","error":""},"_links":{"self":[{"href":"https:\/\/www.europesays.com\/fr\/wp-json\/wp\/v2\/posts\/1164638","targetHints":{"allow":["GET"]}}],"collection":[{"href":"https:\/\/www.europesays.com\/fr\/wp-json\/wp\/v2\/posts"}],"about":[{"href":"https:\/\/www.europesays.com\/fr\/wp-json\/wp\/v2\/types\/post"}],"author":[{"embeddable":true,"href":"https:\/\/www.europesays.com\/fr\/wp-json\/wp\/v2\/users\/2"}],"replies":[{"embeddable":true,"href":"https:\/\/www.europesays.com\/fr\/wp-json\/wp\/v2\/comments?post=1164638"}],"version-history":[{"count":0,"href":"https:\/\/www.europesays.com\/fr\/wp-json\/wp\/v2\/posts\/1164638\/revisions"}],"wp:featuredmedia":[{"embeddable":true,"href":"https:\/\/www.europesays.com\/fr\/wp-json\/wp\/v2\/media\/1164639"}],"wp:attachment":[{"href":"https:\/\/www.europesays.com\/fr\/wp-json\/wp\/v2\/media?parent=1164638"}],"wp:term":[{"taxonomy":"category","embeddable":true,"href":"https:\/\/www.europesays.com\/fr\/wp-json\/wp\/v2\/categories?post=1164638"},{"taxonomy":"post_tag","embeddable":true,"href":"https:\/\/www.europesays.com\/fr\/wp-json\/wp\/v2\/tags?post=1164638"}],"curies":[{"name":"wp","href":"https:\/\/api.w.org\/{rel}","templated":true}]}}