{"id":1164645,"date":"2026-09-03T08:21:18","date_gmt":"2026-09-03T08:21:18","guid":{"rendered":"https:\/\/www.europesays.com\/fr\/1164645\/"},"modified":"2026-09-03T08:21:18","modified_gmt":"2026-09-03T08:21:18","slug":"ligue-1-lille-et-ancelotti-veulent-confirmer-leurs-promesses-avant-la-ligue-des-champions","status":"publish","type":"post","link":"https:\/\/www.europesays.com\/fr\/1164645\/","title":{"rendered":"Ligue 1 : Lille et Ancelotti veulent confirmer leurs promesses avant la Ligue des champions"},"content":{"rendered":"<p>\n    Frustr\u00e9s par le Paris Saint-Germain vendredi dernier, les Dogues de Davide Ancelotti sont attendus \u00e0 Toulouse, ce jeudi, en ouverture de la troisi\u00e8me journ\u00e9e. Un dernier test avant de retrouver la Ligue des champions.<\/p>\n<p class=\"fig-paragraph\">Lille se met d\u00e9j\u00e0 \u00e0 l\u2019heure europ\u00e9enne. Une fois n\u2019est pas coutume, la troisi\u00e8me journ\u00e9e de Ligue 1 d\u00e9bute d\u00e8s ce jeudi (20h45) par le d\u00e9placement du\u00a0<a href=\"http:\/\/www.lefigaro.fr\/sports\/football\/ligue-1\/ligue-1-miracule-le-psg-arrache-le-nul-a-toute-derniere-seconde-a-lille-20260828\" data-fig-type=\"NewsFlash\" data-gtm-custom-categorie=\"navigation\" data-gtm-custom-action=\"crossclick\" data-gtm-custom-label=\"Contextuel\" data-gtm-event=\"customEventSPE\" data-fig-domain=\"LEFIGARO\" rel=\"nofollow noopener\" target=\"_blank\">Losc<\/a>\u00a0sur la pelouse de Toulouse. Cette affiche a \u00e9t\u00e9 avanc\u00e9e par la Ligue de football professionnel qui souhaitait \u00e9taler la diffusion des matchs de ce week-end sur sa cha\u00eene Ligue 1+ en pr\u00e9vision d\u2019une qualification de l\u2019Olympique Lyonnais pour la Ligue des champions.\u00a0<a href=\"http:\/\/www.lefigaro.fr\/sports\/football\/ligue-des-champions\/lyon-fenerbahce-la-furie-du-fener-la-catastrophe-de-l-ol-l-arbitrage-siderant-de-m-mariani-guendouzi-honteux-les-tops-et-flops-20260826\" data-fig-type=\"NewsFlash\" data-gtm-custom-categorie=\"navigation\" data-gtm-custom-action=\"crossclick\" data-gtm-custom-label=\"Contextuel\" data-gtm-event=\"customEventSPE\" data-fig-domain=\"LEFIGARO\" rel=\"nofollow noopener\" target=\"_blank\">S\u2019il avait \u00e9limin\u00e9 le Fenerbah\u00e7e<\/a>, l\u2019OL aurait entam\u00e9 sa campagne de C1 mardi prochain, le m\u00eame jour que les Dogues. Il n\u2019en sera rien mais ce n\u2019est pas le probl\u00e8me de l\u2019\u00e9quipe de\u00a0<a href=\"http:\/\/www.lefigaro.fr\/sports\/football\/ligue-1\/ligue-1-davide-ancelotti-a-apprecie-la-maturite-et-la-solidarite-des-lillois-vainqueurs-d-angers-20260823\" data-fig-type=\"NewsFlash\" data-gtm-custom-categorie=\"navigation\" data-gtm-custom-action=\"crossclick\" data-gtm-custom-label=\"Contextuel\" data-gtm-event=\"customEventSPE\" data-fig-domain=\"LEFIGARO\" rel=\"nofollow noopener\" target=\"_blank\">Davide Ancelotti<\/a>\u00a0qui, elle, va profiter d\u2019un jour de r\u00e9cup\u00e9ration suppl\u00e9mentaire gr\u00e2ce \u00e0 l\u2019aide de la LFP.<\/p>\n<p class=\"fig-paragraph\">Avant la r\u00e9ception du Betis S\u00e9ville, mardi prochain (21h), \u00e0 la Decathlon Arena, place donc \u00e0 un duel face au T\u00e9f\u00e9c\u00e9, au Stadium. L\u2019occasion pour les Lillois de confirmer leur mois d\u2019ao\u00fbt prometteur, ponctu\u00e9 par une victoire autoritaire \u00e0 Angers (0-2) puis le partage des points, certes frustrant,\u00a0<a href=\"http:\/\/www.lefigaro.fr\/sports\/football\/ligue-1\/lille-psg-un-miracle-signe-vitinha-giroud-insubmersible-pacho-meconnaissable-les-tops-et-flops-20260829\" data-fig-type=\"NewsFlash\" data-gtm-custom-categorie=\"navigation\" data-gtm-custom-action=\"crossclick\" data-gtm-custom-label=\"Contextuel\" data-gtm-event=\"customEventSPE\" data-fig-domain=\"LEFIGARO\" rel=\"nofollow noopener\" target=\"_blank\">avec le Paris Saint-Germain (2-2) dans les derni\u00e8res secondes.\u00a0<\/a>Depuis, on s\u2019est surtout activ\u00e9 dans les bureaux lors d\u2019une fin de mercato estival mouvement\u00e9.<\/p>\n<p>                                            <a class=\"fig-a11y-skip\" href=\"#fig-a11y-skip-main-inarticle\" is=\"fig-a11y-skip\" data-trigger-mode=\"visible-once\"><br \/>\n    Passer la publicit\u00e9<br \/>\n<\/a>            <\/p>\n<p>                                            Giroud m\u00e8ne un groupe quasiment au complet<\/p>\n<p class=\"fig-paragraph\">Vendu en Angleterre dans la foul\u00e9e d\u2019<a href=\"http:\/\/www.lefigaro.fr\/sports\/football\/transferts\/mercato-vente-record-pour-lille-qui-cede-ayyoub-bouaddi-a-manchester-city-contre-100-millions-d-euros-20260826\" data-fig-type=\"NewsFlash\" data-gtm-custom-categorie=\"navigation\" data-gtm-custom-action=\"crossclick\" data-gtm-custom-label=\"Contextuel\" data-gtm-event=\"customEventSPE\" data-fig-domain=\"LEFIGARO\" rel=\"nofollow noopener\" target=\"_blank\">Ayyoub Bouaddi<\/a>\u00a0(Manchester City), Matias Fernandez-Pardo (Newcastle) a rapport\u00e9 60 millions d\u2019euros suppl\u00e9mentaires au Losc tandis que les attaquants Noah Edjouma et F\u00e9lix Correia ont \u00e9t\u00e9 pr\u00eat\u00e9s respectivement \u00e0 Brest et S\u00e9ville. Dans le sens des arriv\u00e9es, le buteur japonais Ayase Ueda (ex-Feyenoord) et le milieu danois Maurits Kjaergaard (ex-Salzbourg) sont venus renforcer des postes cl\u00e9s pour une somme totale d\u2019environ 23 millions d\u2019euros.<\/p>\n<p class=\"fig-body-link\">\n            \u00c0 lire aussi<br \/>\n        <a class=\"fig-body-link__link fig-premium-mark\" href=\"http:\/\/www.lefigaro.fr\/sports\/football\/ligue-1\/je-suis-la-pour-ecrire-mon-histoire-les-ambitions-de-davide-ancelotti-l-entraineur-du-losc-qui-veut-se-faire-un-prenom-20260827\" data-fig-type=\"NewsFlash\" data-gtm-custom-categorie=\"navigation\" data-gtm-custom-action=\"crossclick\" data-gtm-custom-label=\"Contextuel\" data-gtm-event=\"customEventSPE\" data-fig-domain=\"LEFIGARO\" rel=\"nofollow noopener\" target=\"_blank\"><br \/>\n                \u00abJe suis l\u00e0 pour \u00e9crire mon histoire\u00bb\u00a0: les ambitions de Davide Ancelotti, l\u2019entra\u00eeneur du LOSC qui veut se faire un pr\u00e9nom<br \/>\n    <\/a>\n<\/p>\n<p class=\"fig-paragraph\">Les affaires fructueuses sont d\u00e9sormais termin\u00e9es &#8211; la balance positive de Lille s\u2019\u00e9l\u00e8ve \u00e0 120 millions d\u2019euros cet \u00e9t\u00e9 &#8211; le football peut reprendre totalement ses droits chez les Rouge et Blanc. Une tr\u00e8s bonne nouvelle pour Davide Ancelotti qui s\u2019appuie sur un groupe quasiment au complet, seul Hamza Igamane manquant \u00e0 l\u2019appel. Tr\u00e8s pr\u00e9cieux face au PSG, le v\u00e9t\u00e9ran Olivier Giroud est bien l\u00e0.<\/p>\n<p class=\"fig-paragraph\">\u00abOlivier est quelqu\u2019un de tr\u00e8s respectueux. Il ne veut pas me tutoyer m\u00eame si je suis plus jeune. Il travaille beaucoup et est tr\u00e8s important pour moi, confiait l\u2019entra\u00eeneur italien, vendredi dernier en conf\u00e9rence de presse (propos rapport\u00e9s par\u00a0<a href=\"https:\/\/x.com\/LePetitLillois\" target=\"_blank\" rel=\"nofollow noopener\" data-gtm-custom-categorie=\"navigation\" data-gtm-custom-action=\"crossclick\" data-gtm-custom-label=\"Contextuel\" data-gtm-event=\"customEventSPE\">Le Petit Lillois<\/a>), au sujet du champion du monde 2018, de trois ans son a\u00een\u00e9. C\u2019est un joueur qui conna\u00eet la Ligue 1 et qui a beaucoup de qualit\u00e9s. Il m\u2019aide beaucoup dans le leadership, il est tr\u00e8s curieux, pose beaucoup de questions. Il est tr\u00e8s intelligent. Je pense que pour le club, c\u2019est un atout d\u2019avoir des joueurs comme Olivier Giroud (39 ans), Nabil Bentaleb (31 ans), Benjamin Andr\u00e9 (36 ans)&#8230; Ils me rendent le travail tr\u00e8s, tr\u00e8s facile.\u00bb<\/p>\n<p>                                            Mbapp\u00e9-Bakwa, probl\u00e8me de riche<\/p>\n<p class=\"fig-paragraph\">En vue de la Ligue des champions et des chocs qui l\u2019attendent (Arsenal, le Bayern Munich, l\u2019AS Roma&#8230;), la direction sportive lilloise a construit un effectif \u00e9quilibr\u00e9. M\u00ealant exp\u00e9rience, jeunesse et vari\u00e9t\u00e9 de profils. En t\u00e9moigne l\u2019aile droite de l\u2019attaque que se partageront Ethan Mbapp\u00e9 (19 ans) et Dilane Bakwa (24 ans), buteur lors de son entr\u00e9e en jeu face au PSG. \u00abIl va y avoir une belle concurrence, s\u2019est r\u00e9joui Ancelotti. Dilane va beaucoup nous aider \u00e0 ce poste. Ethan est un joueur qui a des caract\u00e9ristiques un peu diff\u00e9rentes mais c\u2019est aussi un tr\u00e8s bon joueur. Les deux vont s\u2019aider, se pousser. On a beaucoup de matchs et les deux vont \u00eatre tr\u00e8s importants pour nous.\u00bb<\/p>\n<p class=\"fig-paragraph\">L\u2019abondance de biens ne nuit pas. Surtout dans\u00a0<a href=\"http:\/\/www.lefigaro.fr\/sports\/football\/transferts\/mercato-sous-perfusion-anglaise-la-ligue-1-a-encore-bricole-cet-ete-20260901\" data-fig-type=\"NewsFlash\" data-gtm-custom-categorie=\"navigation\" data-gtm-custom-action=\"crossclick\" data-gtm-custom-label=\"Contextuel\" data-gtm-event=\"customEventSPE\" data-fig-domain=\"LEFIGARO\" rel=\"nofollow noopener\" target=\"_blank\">une Ligue 1 d\u00e9pouill\u00e9e chaque ann\u00e9e par le march\u00e9 anglais.<\/a>\u00a0Le Losc n\u2019\u00e9chappe pas \u00e0 la r\u00e8gle mais il brille, ces derni\u00e8res saisons, par sa r\u00e9gularit\u00e9 et sa capacit\u00e9 \u00e0 se r\u00e9inventer, tout en gardant les pieds sur terre \u00e9conomiquement. Sur le papier, tous les voyants sont au vert \u00e0 quelques jours du d\u00e9but de la Coupe d\u2019Europe, synonyme de calendrier surcharg\u00e9.<\/p>\n<p>                                            <a class=\"fig-a11y-skip\" href=\"#fig-a11y-skip-main-inarticle_mtf\" is=\"fig-a11y-skip\" data-trigger-mode=\"visible-once\"><br \/>\n    Passer la publicit\u00e9<br \/>\n<\/a>            <\/p>\n<p>                                            \u00abFocus total\u00bb sur Toulouse<\/p>\n<p class=\"fig-paragraph\">\u00abLe club a l\u2019habitude, il joue l\u2019Europe presque tous les ans et on sait qu\u2019il faut toujours recommencer de z\u00e9ro. On n\u2019a encore rien fait, le match de vendredi (contre Paris), c\u2019est fini. Le focus est total sur le match de demain, c\u2019est le match le plus important pour nous pour le moment, a insist\u00e9 Davide Ancelotti, pr\u00eat \u00e0 jouer sur tous les tableaux. On est couvert sur tous les postes et on est pr\u00eat pour une saison tr\u00e8s difficile, avec beaucoup de matches. Je dois faire des choix, mais c\u2019est un bon probl\u00e8me pour moi.\u00bb<\/p>\n<p class=\"fig-paragraph\">En attendant la C1, les Dogues se m\u00e9fient des Violets, sans doute revanchards apr\u00e8s avoir \u00e9t\u00e9 mal pay\u00e9s au tableau d\u2019affichage contre Lyon (0-2) puis<a href=\"https:\/\/www.lefigaro.fr\/sports\/football\/ligue-1\/en-direct-multiplex-ligue-1-lyon-veut-se-racheter-brest-en-hommage-a-eric-roy-auxerre-et-angers-revanchards-20260829\" data-fig-type=\"Live\" data-gtm-custom-categorie=\"navigation\" data-gtm-custom-action=\"crossclick\" data-gtm-custom-label=\"Contextuel\" data-gtm-event=\"customEventSPE\" data-fig-domain=\"LEFIGARO\" rel=\"nofollow noopener\" target=\"_blank\">\u00a0Brest (2-2).<\/a>\u00a0Un point sur six possibles, un bilan qui ne refl\u00e8te pas le visage int\u00e9ressant montr\u00e9 par la formation entra\u00een\u00e9e par le danois Jens Berthel Askou (43 ans), lui aussi novice en Ligue 1. Est-ce l\u2019heure de son premier coup d\u2019\u00e9clat face \u00e0 un adversaire de niveau Ligue des champions\u00a0?<\/p>\n","protected":false},"excerpt":{"rendered":"Frustr\u00e9s par le Paris Saint-Germain vendredi dernier, les Dogues de Davide Ancelotti sont attendus \u00e0 Toulouse, ce jeudi,&hellip;\n","protected":false},"author":2,"featured_media":1164646,"comment_status":"","ping_status":"","sticky":false,"template":"","format":"standard","meta":{"footnotes":"","_share_on_mastodon":"0"},"categories":[2],"tags":[11,1011,27,2267,12,25,8512],"class_list":["post-1164645","post","type-post","status-publish","format-standard","has-post-thumbnail","category-actualites","tag-actualites","tag-fr","tag-france","tag-losc","tag-news","tag-republique-francaise","tag-toulouse-fc"],"share_on_mastodon":{"url":"https:\/\/pubeurope.com\/@fr\/117206141332028767","error":""},"_links":{"self":[{"href":"https:\/\/www.europesays.com\/fr\/wp-json\/wp\/v2\/posts\/1164645","targetHints":{"allow":["GET"]}}],"collection":[{"href":"https:\/\/www.europesays.com\/fr\/wp-json\/wp\/v2\/posts"}],"about":[{"href":"https:\/\/www.europesays.com\/fr\/wp-json\/wp\/v2\/types\/post"}],"author":[{"embeddable":true,"href":"https:\/\/www.europesays.com\/fr\/wp-json\/wp\/v2\/users\/2"}],"replies":[{"embeddable":true,"href":"https:\/\/www.europesays.com\/fr\/wp-json\/wp\/v2\/comments?post=1164645"}],"version-history":[{"count":0,"href":"https:\/\/www.europesays.com\/fr\/wp-json\/wp\/v2\/posts\/1164645\/revisions"}],"wp:featuredmedia":[{"embeddable":true,"href":"https:\/\/www.europesays.com\/fr\/wp-json\/wp\/v2\/media\/1164646"}],"wp:attachment":[{"href":"https:\/\/www.europesays.com\/fr\/wp-json\/wp\/v2\/media?parent=1164645"}],"wp:term":[{"taxonomy":"category","embeddable":true,"href":"https:\/\/www.europesays.com\/fr\/wp-json\/wp\/v2\/categories?post=1164645"},{"taxonomy":"post_tag","embeddable":true,"href":"https:\/\/www.europesays.com\/fr\/wp-json\/wp\/v2\/tags?post=1164645"}],"curies":[{"name":"wp","href":"https:\/\/api.w.org\/{rel}","templated":true}]}}