{"id":1164647,"date":"2026-09-03T08:22:22","date_gmt":"2026-09-03T08:22:22","guid":{"rendered":"https:\/\/www.europesays.com\/fr\/1164647\/"},"modified":"2026-09-03T08:22:22","modified_gmt":"2026-09-03T08:22:22","slug":"coca-cola-france-claire-revenu-prend-les-commandes-du-marketing","status":"publish","type":"post","link":"https:\/\/www.europesays.com\/fr\/1164647\/","title":{"rendered":"Coca-Cola France : Claire Revenu prend les commandes du marketing"},"content":{"rendered":"<p>Retour au bercail pour Claire Revenu. Apr\u00e8s avoir dirig\u00e9 pendant plus d\u2019un an les activit\u00e9s de The Coca-Cola Company aux Pays-Bas, la dirigeante retrouve la France pour prendre les r\u00eanes du marketing de Coca-Cola France. Depuis le 1er septembre 2026, elle occupe le poste de Directrice Marketing, Marques, Media et Cr\u00e9ation France, avec la responsabilit\u00e9 de la strat\u00e9gie marketing du portefeuille de marques du groupe, mais aussi des volets cr\u00e9atif et m\u00e9dia. Un nouveau chapitre pour une dirigeante qui conna\u00eet d\u00e9j\u00e0 particuli\u00e8rement bien la maison\u2026 et les grands rendez-vous sportifs.<\/p>\n<p><img loading=\"lazy\" decoding=\"async\" class=\"wp-image-149343 size-full perfmatters-lazy\" alt=\"jupdlc-claire-revenu-nomination-coca\" width=\"1200\" height=\"628\" src=\"https:\/\/www.europesays.com\/fr\/wp-content\/uploads\/2026\/09\/jupdlc-claire-revenu-nomination-coca-cola-france.jpg\"  data-\/>Cr\u00e9dit photo : Coca-Cola France<\/p>\n<p>\u00a0<\/p>\n<p>Douze ans chez Coca-Cola, de Fuze Tea \u00e0 Paris 2024<\/p>\n<p>Claire Revenu \u00e9volue au sein de The <a href=\"https:\/\/www.coca-cola.com\/fr\/fr\" target=\"_blank\" rel=\"noopener nofollow\">Coca-Cola<\/a> Company depuis plus de douze ans. Arriv\u00e9e dans le groupe en 2014 apr\u00e8s huit ann\u00e9es pass\u00e9es chez Kraft Foods \u2013 Mondel\u0113z, elle y a progressivement occup\u00e9 des fonctions en France et \u00e0 l\u2019\u00e9chelle europ\u00e9enne.<\/p>\n<p>Son parcours l\u2019a notamment amen\u00e9e \u00e0 piloter le lancement de Fuze Tea sur plusieurs march\u00e9s europ\u00e9ens, avant d\u2019accompagner son d\u00e9veloppement en France. Elle s\u2019est ensuite tourn\u00e9e vers le d\u00e9veloppement commercial, avec notamment la gestion du partenariat avec McDonald\u2019s France, les relations avec les embouteilleurs et les enjeux de croissance et de cr\u00e9ation de valeur des marques.<\/p>\n<p>Un parcours qui lui a permis de naviguer entre marketing, business et strat\u00e9gie de marque, avant de prendre en charge l\u2019un des plus gros rendez-vous de l\u2019histoire r\u00e9cente de Coca-Cola en France.<\/p>\n<p><\/p>\n<p style=\"text-align: center;\">\u00c0 d\u00e9couvrir sur JUPDLC<\/p>\n<p><a data-no-instant=\"1\" href=\"https:\/\/event.go-entrepreneurs.com\/e\/lyon2026\/registration\/inscription?iw_exhibitorid=97ddcbdd-164d-f111-8ef3-6045bd9548dc\" rel=\"noopener nofollow\" class=\"a2t-link\" target=\"_blank\" aria-label=\"JUPLC (970 x 250 px)\"><img loading=\"lazy\" decoding=\"async\" alt=\"\" width=\"970\" height=\"250\" class=\"perfmatters-lazy\" src=\"https:\/\/www.europesays.com\/fr\/wp-content\/uploads\/2026\/09\/JUPLC-970-x-250-px.webp\"\/><\/a><\/p>\n<p>\u00a0<\/p>\n<p>Dans les coulisses de Paris 2024<\/p>\n<p>En 2021, Claire Revenu est nomm\u00e9e Directrice G\u00e9n\u00e9rale des Jeux Olympiques et Paralympiques de Paris 2024 pour <a href=\"https:\/\/jai-un-pote-dans-la.com\/coca-cola-et-la-coupe-du-monde-une-longue-histoire-damour\/\" target=\"_blank\" rel=\"noopener nofollow\">Coca-Cola<\/a>.<\/p>\n<p>Pendant pr\u00e8s de quatre ans, elle pilote le partenariat du groupe avec les Jeux en France et son d\u00e9ploiement op\u00e9rationnel. Un dispositif d\u2019envergure, men\u00e9 avec une \u00e9quipe d\u2019une cinquantaine de personnes, qui place Coca-Cola au c\u0153ur de l\u2019un des \u00e9v\u00e9nements les plus visibles de ces derni\u00e8res ann\u00e9es. Une exp\u00e9rience qui pourrait peser dans son nouveau r\u00f4le, alors que la marque se pr\u00e9pare d\u00e9j\u00e0 \u00e0 un autre grand rendez-vous sportif organis\u00e9 en France : les Jeux Olympiques et Paralympiques d\u2019hiver des Alpes fran\u00e7aises 2030.<\/p>\n<p>\u00a0<\/p>\n<p>Un retour en France avec les Jeux de 2030 dans le viseur<\/p>\n<p>Depuis f\u00e9vrier 2025, Claire Revenu dirigeait les activit\u00e9s de The Coca-Cola Company aux Pays-Bas. Elle quitte donc cette fonction pour retrouver le march\u00e9 fran\u00e7ais, qu\u2019elle d\u00e9crit comme strat\u00e9gique pour le groupe.<\/p>\n<p>\u00ab <strong>Je suis tr\u00e8s fi\u00e8re de retrouver la France, un march\u00e9 strat\u00e9gique pour The Coca-Cola Company<\/strong> \u00bb, d\u00e9clare-t-elle, en mettant notamment en avant l\u2019enjeu de croissance des marques et le d\u00e9veloppement des boissons sans sucres. Son retour intervient \u00e9galement \u00e0 l\u2019approche des Alpes 2030, que la nouvelle directrice marketing cite parmi les grands rendez-vous \u00e0 venir. Apr\u00e8s avoir v\u00e9cu de l\u2019int\u00e9rieur la m\u00e9canique de Paris 2024, Claire Revenu retrouvera donc bient\u00f4t un terrain qu\u2019elle conna\u00eet d\u00e9j\u00e0 : celui du marketing sportif et des activations \u00e0 grande \u00e9chelle<\/p>\n<p>\u00a0<\/p>\n<p>Marques, m\u00e9dia et cr\u00e9ation au programme<\/p>\n<p>Avec cette nomination, Coca-Cola France confie \u00e0 une m\u00eame dirigeante trois dimensions centrales de sa strat\u00e9gie : les marques, le m\u00e9dia et la cr\u00e9ation.<\/p>\n<p>Le p\u00e9rim\u00e8tre couvre l\u2019ensemble de la strat\u00e9gie marketing du portefeuille de The Coca-Cola Company en France, avec notamment les enjeux cr\u00e9atifs et media. Une fonction particuli\u00e8rement expos\u00e9e alors que les marques du groupe doivent continuer \u00e0 travailler leur d\u00e9sirabilit\u00e9 tout en accompagnant l\u2019\u00e9volution des habitudes de consommation.<\/p>\n<p>Claire Revenu arrive ainsi avec une exp\u00e9rience qui d\u00e9passe largement le seul marketing traditionnel : d\u00e9veloppement commercial, gestion de partenariats, strat\u00e9gie de croissance, management international et grands \u00e9v\u00e9nements figurent d\u00e9j\u00e0 sur son CV. Son prochain d\u00e9fi sera d\u00e9sormais de mettre cette exp\u00e9rience au service du march\u00e9 fran\u00e7ais. Avec, en ligne de mire, les boissons sans sucres et un nouveau rendez-vous olympique qui se profile \u00e0 l\u2019horizon.<\/p>\n","protected":false},"excerpt":{"rendered":"Retour au bercail pour Claire Revenu. Apr\u00e8s avoir dirig\u00e9 pendant plus d\u2019un an les activit\u00e9s de The Coca-Cola&hellip;\n","protected":false},"author":2,"featured_media":1164648,"comment_status":"","ping_status":"","sticky":false,"template":"","format":"standard","meta":{"footnotes":"","_share_on_mastodon":"0"},"categories":[4],"tags":[11,307,120053,1011,27,1434,15777,49737,12,8145,7099,25,5384],"class_list":["post-1164647","post","type-post","status-publish","format-standard","has-post-thumbnail","category-france","tag-actualites","tag-coca-cola","tag-coca-cola-france","tag-fr","tag-france","tag-mercato","tag-mouvement","tag-mouvements","tag-news","tag-nomination","tag-recrutement","tag-republique-francaise","tag-strategie"],"share_on_mastodon":{"url":"https:\/\/pubeurope.com\/@fr\/117206147953947072","error":""},"_links":{"self":[{"href":"https:\/\/www.europesays.com\/fr\/wp-json\/wp\/v2\/posts\/1164647","targetHints":{"allow":["GET"]}}],"collection":[{"href":"https:\/\/www.europesays.com\/fr\/wp-json\/wp\/v2\/posts"}],"about":[{"href":"https:\/\/www.europesays.com\/fr\/wp-json\/wp\/v2\/types\/post"}],"author":[{"embeddable":true,"href":"https:\/\/www.europesays.com\/fr\/wp-json\/wp\/v2\/users\/2"}],"replies":[{"embeddable":true,"href":"https:\/\/www.europesays.com\/fr\/wp-json\/wp\/v2\/comments?post=1164647"}],"version-history":[{"count":0,"href":"https:\/\/www.europesays.com\/fr\/wp-json\/wp\/v2\/posts\/1164647\/revisions"}],"wp:featuredmedia":[{"embeddable":true,"href":"https:\/\/www.europesays.com\/fr\/wp-json\/wp\/v2\/media\/1164648"}],"wp:attachment":[{"href":"https:\/\/www.europesays.com\/fr\/wp-json\/wp\/v2\/media?parent=1164647"}],"wp:term":[{"taxonomy":"category","embeddable":true,"href":"https:\/\/www.europesays.com\/fr\/wp-json\/wp\/v2\/categories?post=1164647"},{"taxonomy":"post_tag","embeddable":true,"href":"https:\/\/www.europesays.com\/fr\/wp-json\/wp\/v2\/tags?post=1164647"}],"curies":[{"name":"wp","href":"https:\/\/api.w.org\/{rel}","templated":true}]}}