{"id":116465,"date":"2025-05-21T09:04:08","date_gmt":"2025-05-21T09:04:08","guid":{"rendered":"https:\/\/www.europesays.com\/fr\/116465\/"},"modified":"2025-05-21T09:04:08","modified_gmt":"2025-05-21T09:04:08","slug":"a-auvers-sur-oise-le-tableau-de-cette-peintre-oubliee-ressemble-au-van-gogh-cela-ne-peut-etre-un-hasard","status":"publish","type":"post","link":"https:\/\/www.europesays.com\/fr\/116465\/","title":{"rendered":"\u00c0 Auvers-sur-Oise, le tableau de cette peintre oubli\u00e9e ressemble au Van Gogh : \u00ab Cela ne peut \u00eatre un hasard \u00bb"},"content":{"rendered":"<p class=\"paragraph text_align_left\">Au premier regard, la ressemblance est frappante. L\u2018angle choisi pour repr\u00e9senter le monument, la silhouette sur la gauche, l\u2018utilisation du ciel\u2026 Un \u00e9tonnant tableau du XIXe si\u00e8cle, sign\u00e9 L\u00e9onide Bourges (1838-1909), vient de refaire surface et frappe par ses similitudes avec un (tr\u00e8s) c\u00e9l\u00e8bre <a href=\"https:\/\/www.leparisien.fr\/val-d-oise-95\/van-gogh-a-auvers-sur-oise-les-secrets-de-ces-70-jours-qui-ont-change-lhistoire-de-la-peinture-06-08-2021-2MHY4IK3UNHMNKKKIQ2KYX5YCM.php\" target=\"_self\" rel=\"nofollow noopener\">tableau de Vincent Van Gogh<\/a> (1853-1890) : \u00ab L\u2018\u00e9glise d\u2019Auvers-sur-Oise, vue du chevet \u00bb.<\/p>\n<p class=\"paragraph text_align_left\">\u00ab Cela ne peut pas \u00eatre un hasard \u00bb, souffle Wouter van der Veen, le sp\u00e9cialiste du peintre hollandais qui est aussi \u00e0 l\u2018origine de cette d\u00e9couverte. \u00ab Van Gogh a-t-il vu le tableau de L\u00e9onide ? Ou L\u00e9onide a-t-elle vu celui de Van Gogh chez le Dr Gachet, puisque l\u2018on sait qu\u2019il y \u00e9tait ? On ne sait pas qui a observ\u00e9 le tableau de l\u2018autre, mais dans les deux cas l\u2018histoire est belle. \u00bb<\/p>\n","protected":false},"excerpt":{"rendered":"Au premier regard, la ressemblance est frappante. L\u2018angle choisi pour repr\u00e9senter le monument, la silhouette sur la gauche,&hellip;\n","protected":false},"author":2,"featured_media":116466,"comment_status":"","ping_status":"","sticky":false,"template":"","format":"standard","meta":{"footnotes":""},"categories":[1358],"tags":[1348,1384,1385,1386,58,59,1011,27,1944,6601],"class_list":{"0":"post-116465","1":"post","2":"type-post","3":"status-publish","4":"format-standard","5":"has-post-thumbnail","7":"category-arts-et-design","8":"tag-arts","9":"tag-arts-and-design","10":"tag-arts-et-design","11":"tag-design","12":"tag-divertissement","13":"tag-entertainment","14":"tag-fr","15":"tag-france","16":"tag-ma-ville","17":"tag-val-d-oise"},"share_on_mastodon":{"url":"https:\/\/pubeurope.com\/@fr\/114545024276684370","error":""},"_links":{"self":[{"href":"https:\/\/www.europesays.com\/fr\/wp-json\/wp\/v2\/posts\/116465","targetHints":{"allow":["GET"]}}],"collection":[{"href":"https:\/\/www.europesays.com\/fr\/wp-json\/wp\/v2\/posts"}],"about":[{"href":"https:\/\/www.europesays.com\/fr\/wp-json\/wp\/v2\/types\/post"}],"author":[{"embeddable":true,"href":"https:\/\/www.europesays.com\/fr\/wp-json\/wp\/v2\/users\/2"}],"replies":[{"embeddable":true,"href":"https:\/\/www.europesays.com\/fr\/wp-json\/wp\/v2\/comments?post=116465"}],"version-history":[{"count":0,"href":"https:\/\/www.europesays.com\/fr\/wp-json\/wp\/v2\/posts\/116465\/revisions"}],"wp:featuredmedia":[{"embeddable":true,"href":"https:\/\/www.europesays.com\/fr\/wp-json\/wp\/v2\/media\/116466"}],"wp:attachment":[{"href":"https:\/\/www.europesays.com\/fr\/wp-json\/wp\/v2\/media?parent=116465"}],"wp:term":[{"taxonomy":"category","embeddable":true,"href":"https:\/\/www.europesays.com\/fr\/wp-json\/wp\/v2\/categories?post=116465"},{"taxonomy":"post_tag","embeddable":true,"href":"https:\/\/www.europesays.com\/fr\/wp-json\/wp\/v2\/tags?post=116465"}],"curies":[{"name":"wp","href":"https:\/\/api.w.org\/{rel}","templated":true}]}}