{"id":1164653,"date":"2026-09-03T08:34:39","date_gmt":"2026-09-03T08:34:39","guid":{"rendered":"https:\/\/www.europesays.com\/fr\/1164653\/"},"modified":"2026-09-03T08:34:39","modified_gmt":"2026-09-03T08:34:39","slug":"lyon-reouverture-du-chalet-du-parc-vous-pourrez-vous-faire-photographier-par-yann-arthus-bertrand","status":"publish","type":"post","link":"https:\/\/www.europesays.com\/fr\/1164653\/","title":{"rendered":"Lyon. R\u00e9ouverture du Chalet du Parc\u00a0: vous pourrez vous faire photographier par Yann Arthus-Bertrand"},"content":{"rendered":"<p>Nich\u00e9 au c\u0153ur du poumon vert lyonnais, le Chalet du Parc f\u00eate sa r\u00e9ouverture avec l\u2019exposition \u00ab\u00a0Vivre ensemble\u00a0\u00bb. Les photographies pr\u00e9sent\u00e9es seront celles d\u2019Herv\u00e9 Le Bras et <a href=\"https:\/\/www.leprogres.fr\/p\/yann-arthus-bertrand\" target=\"_blank\" rel=\"nofollow noopener\">Yann Arthus-Bertrand<\/a> et.\u00a0Pour l\u2019accompagner, ce dernier y installe son studio en plein air pendant deux jours. Objectif\u00a0: prendre en photo les Lyonnais. Les clich\u00e9s captur\u00e9s viendront nourrir l\u2019\u0153uvre collective c\u00e9l\u00e9brant la diversit\u00e9.<\/p>\n<p>Cette mise en place accompagnera le week-end d\u2019inauguration, qui rouvre apr\u00e8s pr\u00e8s de treize ans de fermeture. D\u00e9sign\u00e9s par la Ville de Lyon aux c\u00f4t\u00e9s de Youse (ma\u00eetrise d\u2019ouvrage) et de la Maison Gutenberg, <a href=\"https:\/\/www.leprogres.fr\/environnement\/2022\/11\/09\/yann-arthus-bertrand-fera-revivre-le-chalet-du-parc-a-la-tete-d-or\" target=\"_blank\" rel=\"nofollow noopener\">Yann Arthus Bertrand<\/a> (Fondation GoodPlanet), Eric Petrotto (La Fabuleuse Cantine) et Antoine Trollat (Looking For Architecture) sont charg\u00e9s d\u2019orchestrer la renaissance de ce b\u00e2timent.<\/p>\n<p>  Deux jours de photographies<\/p>\n<p>Les Lyonnais souhaitant participer sont invit\u00e9s \u00e0 s\u2019y rendre gratuitement du 18 au 20\u00a0septembre. Il est \u00e9galement possible de r\u00e9server un pass annuel \u00e0 10\u00a0euros pour s\u00e9lectionner un cr\u00e9neau et \u00e9viter l\u2019attente. Celui-ci donne acc\u00e8s \u00e0 toutes les expositions et activit\u00e9s culturelles du futur <a href=\"https:\/\/www.leprogres.fr\/economie\/2026\/07\/07\/un-an-et-demi-de-travaux-et-beaucoup-de-defis-a-relever-le-chalet-du-parc-de-la-tete-d-or-rouvre-en-septembre\" target=\"_blank\" rel=\"nofollow noopener\">Chalet du lac<\/a> de mani\u00e8re illimit\u00e9e pendant un an. Les animaux de compagnie seront aussi accept\u00e9s.<\/p>\n","protected":false},"excerpt":{"rendered":"Nich\u00e9 au c\u0153ur du poumon vert lyonnais, le Chalet du Parc f\u00eate sa r\u00e9ouverture avec l\u2019exposition \u00ab\u00a0Vivre ensemble\u00a0\u00bb.&hellip;\n","protected":false},"author":2,"featured_media":1164654,"comment_status":"","ping_status":"","sticky":false,"template":"","format":"standard","meta":{"footnotes":"","_share_on_mastodon":"0"},"categories":[1358],"tags":[1348,1384,1385,1687,1386,9771,58,2757,59,436,107,1011,27,9588,14926,2802,2661,2429,104],"class_list":["post-1164653","post","type-post","status-publish","format-standard","has-post-thumbnail","category-arts-et-design","tag-arts","tag-arts-and-design","tag-arts-et-design","tag-culture-loisirs","tag-design","tag-desinfox","tag-divertissement","tag-edition-lyon-villeurbanne","tag-entertainment","tag-environnement","tag-fil-info","tag-fr","tag-france","tag-ici-on-agit","tag-lyon-6e","tag-lyon-6e-arrondissement","tag-patrimoine-culturel","tag-rhone","tag-societe"],"share_on_mastodon":{"url":"https:\/\/pubeurope.com\/@fr\/117206192181167449","error":""},"_links":{"self":[{"href":"https:\/\/www.europesays.com\/fr\/wp-json\/wp\/v2\/posts\/1164653","targetHints":{"allow":["GET"]}}],"collection":[{"href":"https:\/\/www.europesays.com\/fr\/wp-json\/wp\/v2\/posts"}],"about":[{"href":"https:\/\/www.europesays.com\/fr\/wp-json\/wp\/v2\/types\/post"}],"author":[{"embeddable":true,"href":"https:\/\/www.europesays.com\/fr\/wp-json\/wp\/v2\/users\/2"}],"replies":[{"embeddable":true,"href":"https:\/\/www.europesays.com\/fr\/wp-json\/wp\/v2\/comments?post=1164653"}],"version-history":[{"count":0,"href":"https:\/\/www.europesays.com\/fr\/wp-json\/wp\/v2\/posts\/1164653\/revisions"}],"wp:featuredmedia":[{"embeddable":true,"href":"https:\/\/www.europesays.com\/fr\/wp-json\/wp\/v2\/media\/1164654"}],"wp:attachment":[{"href":"https:\/\/www.europesays.com\/fr\/wp-json\/wp\/v2\/media?parent=1164653"}],"wp:term":[{"taxonomy":"category","embeddable":true,"href":"https:\/\/www.europesays.com\/fr\/wp-json\/wp\/v2\/categories?post=1164653"},{"taxonomy":"post_tag","embeddable":true,"href":"https:\/\/www.europesays.com\/fr\/wp-json\/wp\/v2\/tags?post=1164653"}],"curies":[{"name":"wp","href":"https:\/\/api.w.org\/{rel}","templated":true}]}}