{"id":1164655,"date":"2026-09-03T08:38:26","date_gmt":"2026-09-03T08:38:26","guid":{"rendered":"https:\/\/www.europesays.com\/fr\/1164655\/"},"modified":"2026-09-03T08:38:26","modified_gmt":"2026-09-03T08:38:26","slug":"photos-video-justin-timberlake-humour-et-diabolo-revivez-le-festival-de-spectacles-de-rue-dhouldizy","status":"publish","type":"post","link":"https:\/\/www.europesays.com\/fr\/1164655\/","title":{"rendered":"PHOTOS-VIDEO. Justin Timberlake, humour et diabolo\u2026 Revivez le Festival de spectacles de rue d\u2019Houldizy"},"content":{"rendered":"\n<p>Des spectacles litt\u00e9ralement \u00e0 chaque coin de rue. Ce dimanche 30 ao\u00fbt, la commune d\u2019Houldizy a pris des allures de cirque \u00e0 ciel ouvert avec <strong>plusieurs repr\u00e9sentations en plein c\u0153ur du village<\/strong>.<\/p>\n<p>&#13;<br \/>\n&#13;<\/p>\n<p>&#13;<br \/>\n&#13;<\/p>\n<p>\n  <img decoding=\"async\" class=\"r-img\"  typeof=\"foaf:Image\" src=\"https:\/\/www.europesays.com\/fr\/wp-content\/uploads\/2026\/09\/99294870.jpeg\" alt=\"Le spectacle L\u2019actitud a conquis le public.\"\/>Le spectacle L\u2019actitud a conquis le public.\n<\/p>\n<p>Peu avant 14 heures et le d\u00e9but <a href=\"https:\/\/www.lardennais.fr\/id824266\/article\/2026-08-26\/animation-cirque-acrobaties-ce-quil-faut-savoir-sur-le-festival-de-spectacles-de\" target=\"_blank\" rel=\"nofollow noopener\">des spectacles<\/a>, le Funky Jazz Gang lance les hostilit\u00e9s avec notamment, un medley de certains tubes du chanteur Justin Timberlake. Si le public devine une ou plusieurs chansons, il remporte le nombre de bracelets \u00e9quivalents. De quoi mettre le pied de chacun \u00e0 l\u2019\u00e9trier avant d\u2019assister aux <strong>shows de rue<\/strong>.<\/p>\n<p>&#13;<br \/>\n&#13;<\/p>\n<p>\n  <img decoding=\"async\" class=\"r-img\"  typeof=\"foaf:Image\" src=\"https:\/\/www.europesays.com\/fr\/wp-content\/uploads\/2026\/09\/99294907.jpeg\" alt=\"La fanfare a lanc\u00e9 en beaut\u00e9 le festival.\"\/>La fanfare a lanc\u00e9 en beaut\u00e9 le festival.\n<\/p>\n<p>Un alpiniste d\u00e9jant\u00e9 et un expert du diabolo<\/p>\n<p>Le premier est men\u00e9 par la compagnie L\u00e8ve un peu les bras de La Rochelle. Petit \u00e0 petit, les deux com\u00e9diens encha\u00eenent les <strong>figures acrobatiques et les blagues<\/strong> sur la place du village. Le public est conquis et se laisse embarquer dans une aventure o\u00f9 il finit par \u00eatre, lui aussi, acteur.<\/p>\n<p>&#13;<br \/>\n&#13;<\/p>\n<p>&#13;<br \/>\n&#13;<\/p>\n<p>&#13;<br \/>\n&#13;<\/p>\n<p>&#13;<br \/>\n&#13;<\/p>\n<p>\n  <img decoding=\"async\" class=\"r-img\"  typeof=\"foaf:Image\" src=\"https:\/\/www.europesays.com\/fr\/wp-content\/uploads\/2026\/09\/99294887.jpeg\" alt=\"Kibi de \u00ab\u00a0L\u00e8ve un peu les bras\u00a0\u00bb a entra\u00een\u00e9 les spectateurs faisant d\u2019eux des acteurs \u00e0 part enti\u00e8re.\"\/>Kibi de \u00ab\u00a0L\u00e8ve un peu les bras\u00a0\u00bb a entra\u00een\u00e9 les spectateurs faisant d\u2019eux des acteurs \u00e0 part enti\u00e8re.\n<\/p>\n<p>Les spectateurs d\u00e9ambulent entre les <strong>neuf sc\u00e8nes ouvertes<\/strong> pour voir un dr\u00f4le d\u2019alpiniste escalader des valises avec un sens de l\u2019humour aiguis\u00e9 ou encore un homme jouant du diabolo comme personne. Certains venus assister au spectacle de Nico Pires s\u2019essaient \u00e0 cette discipline si complexe avec plus ou moins de succ\u00e8s. L\u2019artiste combine m\u00eame son jouet f\u00e9tiche et le funambulisme sur une slackline, une bande que l\u2019on tend entre deux arbres et sur laquelle on marche en \u00e9quilibre.<\/p>\n<p>\n  <img decoding=\"async\" class=\"r-img\"  typeof=\"foaf:Image\" src=\"https:\/\/www.europesays.com\/fr\/wp-content\/uploads\/2026\/09\/99294884.jpeg\" alt=\"Nico Pires a \u00e9merveill\u00e9 la foule avec son diabolo pendant son show de 45 minutes.\"\/>Nico Pires a \u00e9merveill\u00e9 la foule avec son diabolo pendant son show de 45 minutes.\n<\/p>\n<p>Dans la foule, il y a <strong>tous les \u00e2ges<\/strong>. Des familles \u00e9videmment avec des petits enfants, mais aussi des ados et des grands enfants \u00e9quip\u00e9s de leur chaise de camping pour \u00eatre bien install\u00e9s. Quand d\u2019autres optent plut\u00f4t pour les gradins ou encore le sol.<\/p>\n<p>&#13;<br \/>\n&#13;<\/p>\n<p>&#13;<br \/>\n&#13;<\/p>\n<p>&#13;<br \/>\n&#13;<\/p>\n<p>\n  <img decoding=\"async\" class=\"r-img\"  typeof=\"foaf:Image\" src=\"https:\/\/www.europesays.com\/fr\/wp-content\/uploads\/2026\/09\/99294882.jpeg\" alt=\"Jean-Claude et Carole ont pr\u00e9vu le coup. Comme beaucoup, ils sont venus avec leurs chaises de camping.\"\/>Jean-Claude et Carole ont pr\u00e9vu le coup. Comme beaucoup, ils sont venus avec leurs chaises de camping.\n<\/p>\n<p>Et comme sans eux, pas de festival, <a href=\"https:\/\/www.lardennais.fr\/id740986\/article\/2025-08-20\/theatre-de-rue-un-afflux-de-benevoles-pour-le-25e-festival-de-houldizy\" target=\"_blank\" rel=\"nofollow noopener\">les b\u00e9n\u00e9voles<\/a> sont bien entendus sur tous les fronts. Quelques-uns servent des frites, des cr\u00eapes, quand d\u2019autres s\u2019occupent de la logistique et du stationnement \u00e0 l\u2019entr\u00e9e du village.<\/p>\n<p>\n  <img decoding=\"async\" class=\"r-img\"  typeof=\"foaf:Image\" src=\"https:\/\/www.europesays.com\/fr\/wp-content\/uploads\/2026\/09\/99294896.jpeg\" alt=\"Ces b\u00e9n\u00e9voles du stand de la restauration viennent depuis plusieurs ann\u00e9es. Pour cause, la bonne ambiance qui r\u00e8gne sur le festival.\"\/>Ces b\u00e9n\u00e9voles du stand de la restauration viennent depuis plusieurs ann\u00e9es. Pour cause, la bonne ambiance qui r\u00e8gne sur le festival.<\/p>\n","protected":false},"excerpt":{"rendered":"Des spectacles litt\u00e9ralement \u00e0 chaque coin de rue. Ce dimanche 30 ao\u00fbt, la commune d\u2019Houldizy a pris des&hellip;\n","protected":false},"author":2,"featured_media":1164656,"comment_status":"","ping_status":"","sticky":false,"template":"","format":"standard","meta":{"footnotes":"","_share_on_mastodon":"0"},"categories":[1355],"tags":[58,59,1011,27,120054,1361,873],"class_list":["post-1164655","post","type-post","status-publish","format-standard","has-post-thumbnail","category-musique","tag-divertissement","tag-entertainment","tag-fr","tag-france","tag-houldizy-ardennes","tag-music","tag-musique"],"share_on_mastodon":{"url":"https:\/\/pubeurope.com\/@fr\/117206211523869263","error":""},"_links":{"self":[{"href":"https:\/\/www.europesays.com\/fr\/wp-json\/wp\/v2\/posts\/1164655","targetHints":{"allow":["GET"]}}],"collection":[{"href":"https:\/\/www.europesays.com\/fr\/wp-json\/wp\/v2\/posts"}],"about":[{"href":"https:\/\/www.europesays.com\/fr\/wp-json\/wp\/v2\/types\/post"}],"author":[{"embeddable":true,"href":"https:\/\/www.europesays.com\/fr\/wp-json\/wp\/v2\/users\/2"}],"replies":[{"embeddable":true,"href":"https:\/\/www.europesays.com\/fr\/wp-json\/wp\/v2\/comments?post=1164655"}],"version-history":[{"count":0,"href":"https:\/\/www.europesays.com\/fr\/wp-json\/wp\/v2\/posts\/1164655\/revisions"}],"wp:featuredmedia":[{"embeddable":true,"href":"https:\/\/www.europesays.com\/fr\/wp-json\/wp\/v2\/media\/1164656"}],"wp:attachment":[{"href":"https:\/\/www.europesays.com\/fr\/wp-json\/wp\/v2\/media?parent=1164655"}],"wp:term":[{"taxonomy":"category","embeddable":true,"href":"https:\/\/www.europesays.com\/fr\/wp-json\/wp\/v2\/categories?post=1164655"},{"taxonomy":"post_tag","embeddable":true,"href":"https:\/\/www.europesays.com\/fr\/wp-json\/wp\/v2\/tags?post=1164655"}],"curies":[{"name":"wp","href":"https:\/\/api.w.org\/{rel}","templated":true}]}}