{"id":1164659,"date":"2026-09-03T08:40:18","date_gmt":"2026-09-03T08:40:18","guid":{"rendered":"https:\/\/www.europesays.com\/fr\/1164659\/"},"modified":"2026-09-03T08:40:18","modified_gmt":"2026-09-03T08:40:18","slug":"une-piste-prometteuse-pour-developper-un-vaccin-contre-les-virus-transmis-par-les-moustiques-franceinfo","status":"publish","type":"post","link":"https:\/\/www.europesays.com\/fr\/1164659\/","title":{"rendered":"Une piste prometteuse pour d\u00e9velopper un vaccin contre les virus transmis par les moustiques \u2013 franceinfo"},"content":{"rendered":"<p class=\"shuffle-header__chapo\">La salive des moustiques aiderait les virus \u00e0 mieux nous infecter : des scientifiques ont d\u00e9couvert un m\u00e9canisme qui permettrait \u00e0 certains d&rsquo;entre eux, comme Zika ou celui du Nil occidental, de contourner nos premi\u00e8res d\u00e9fenses immunitaires d\u00e8s la piq\u00fbre. Une avanc\u00e9e qui ouvre de nouvelles pistes pour \u00e9laborer des vaccins.<\/p>\n<p>    <img loading=\"lazy\" decoding=\"async\" class=\"signature__image lazyload\" width=\"100\" height=\"100\" data- alt=\"\" src=\"https:\/\/www.europesays.com\/fr\/wp-content\/uploads\/2025\/11\/anne-laure-dagnet-65e6018aa817f670261512.png\"\/><\/p>\n<p>    Publi\u00e9 le 03\/09\/2026 06:00<\/p>\n","protected":false},"excerpt":{"rendered":"La salive des moustiques aiderait les virus \u00e0 mieux nous infecter : des scientifiques ont d\u00e9couvert un m\u00e9canisme&hellip;\n","protected":false},"author":2,"featured_media":1164660,"comment_status":"","ping_status":"","sticky":false,"template":"","format":"standard","meta":{"footnotes":"","_share_on_mastodon":"0"},"categories":[10],"tags":[1011,27,72,71],"class_list":["post-1164659","post","type-post","status-publish","format-standard","has-post-thumbnail","category-sante","tag-fr","tag-france","tag-health","tag-sante"],"share_on_mastodon":{"url":"https:\/\/pubeurope.com\/@fr\/117206218039649107","error":""},"_links":{"self":[{"href":"https:\/\/www.europesays.com\/fr\/wp-json\/wp\/v2\/posts\/1164659","targetHints":{"allow":["GET"]}}],"collection":[{"href":"https:\/\/www.europesays.com\/fr\/wp-json\/wp\/v2\/posts"}],"about":[{"href":"https:\/\/www.europesays.com\/fr\/wp-json\/wp\/v2\/types\/post"}],"author":[{"embeddable":true,"href":"https:\/\/www.europesays.com\/fr\/wp-json\/wp\/v2\/users\/2"}],"replies":[{"embeddable":true,"href":"https:\/\/www.europesays.com\/fr\/wp-json\/wp\/v2\/comments?post=1164659"}],"version-history":[{"count":0,"href":"https:\/\/www.europesays.com\/fr\/wp-json\/wp\/v2\/posts\/1164659\/revisions"}],"wp:featuredmedia":[{"embeddable":true,"href":"https:\/\/www.europesays.com\/fr\/wp-json\/wp\/v2\/media\/1164660"}],"wp:attachment":[{"href":"https:\/\/www.europesays.com\/fr\/wp-json\/wp\/v2\/media?parent=1164659"}],"wp:term":[{"taxonomy":"category","embeddable":true,"href":"https:\/\/www.europesays.com\/fr\/wp-json\/wp\/v2\/categories?post=1164659"},{"taxonomy":"post_tag","embeddable":true,"href":"https:\/\/www.europesays.com\/fr\/wp-json\/wp\/v2\/tags?post=1164659"}],"curies":[{"name":"wp","href":"https:\/\/api.w.org\/{rel}","templated":true}]}}