{"id":1164671,"date":"2026-09-03T08:47:19","date_gmt":"2026-09-03T08:47:19","guid":{"rendered":"https:\/\/www.europesays.com\/fr\/1164671\/"},"modified":"2026-09-03T08:47:19","modified_gmt":"2026-09-03T08:47:19","slug":"quatre-corps-dune-meme-famille-dont-deux-enfants-de-six-et-neuf-ans-decouverts-en-haute-saone","status":"publish","type":"post","link":"https:\/\/www.europesays.com\/fr\/1164671\/","title":{"rendered":"Quatre corps d\u2019une m\u00eame famille, dont deux enfants de six et neuf ans, d\u00e9couverts en Haute-Sa\u00f4ne"},"content":{"rendered":"<p>\n    Les cadavres ont \u00e9t\u00e9 d\u00e9couverts mercredi soir sur un terrain abritant des caravanes. Le maire de Gy, commune d\u2019un millier d\u2019habitants, s\u2019est rendu sur les lieux avant de r\u00e9unir un conseil municipal extraordinaire.<\/p>\n<p class=\"fig-paragraph\">l a film\u00e9 la sc\u00e8ne et envoy\u00e9 les images \u00e0 sa compagne, avec qui il \u00e9tait en instance de s\u00e9paration, selon ses proches\u00a0: un homme a tu\u00e9 ses deux enfants et sa belle-m\u00e8re avant de retourner l\u2019arme contre lui dans un village de\u00a0<a href=\"http:\/\/sante.lefigaro.fr\/haute-saone-deux-cas-de-legionellose-dont-un-mortel-identifies-pres-de-vesoul-20260901\" data-fig-type=\"NewsFlash\" data-gtm-custom-categorie=\"navigation\" data-gtm-custom-action=\"crossclick\" data-gtm-custom-label=\"Contextuel\" data-gtm-event=\"customEventSPE\" data-fig-domain=\"SANTE\" rel=\"nofollow noopener\" target=\"_blank\">Haute-Sa\u00f4ne<\/a>. Le drame s\u2019est d\u00e9roul\u00e9 mercredi soir sur un terrain entour\u00e9 d\u2019un mur en pierre s\u00e8che, situ\u00e9 entre les vignes et les bois sur les hauteurs de Gy, commune de 1000 habitants \u00e0 30 kilom\u00e8tres au nord de\u00a0<a href=\"http:\/\/www.lefigaro.fr\/faits-divers\/besancon-trois-hommes-gravement-blesses-par-arme-a-feu-20260813\" data-fig-type=\"NewsFlash\" data-gtm-custom-categorie=\"navigation\" data-gtm-custom-action=\"crossclick\" data-gtm-custom-label=\"Contextuel\" data-gtm-event=\"customEventSPE\" data-fig-domain=\"LEFIGARO\" rel=\"nofollow noopener\" target=\"_blank\">Besan\u00e7on<\/a>.<\/p>\n<p class=\"fig-paragraph\">La famille habitait un mobil-home stationn\u00e9 sur la parcelle, \u00e0 c\u00f4t\u00e9 de sa maison en cours de construction. Une piscine hors-sol et une balan\u00e7oire sont dispos\u00e9es sur le terrain, a constat\u00e9 jeudi matin une journaliste de l\u2019AFP. Quatre corps de membres de la m\u00eame famille y ont \u00e9t\u00e9 retrouv\u00e9s mercredi soir, dont ceux de deux enfants, a indiqu\u00e9 une source officielle qui a requis l\u2019anonymat.<\/p>\n<p>                                            <a class=\"fig-a11y-skip\" href=\"#fig-a11y-skip-main-inarticle\" is=\"fig-a11y-skip\" data-trigger-mode=\"visible-once\"><br \/>\n    Passer la publicit\u00e9<br \/>\n<\/a>            <\/p>\n<p class=\"fig-paragraph\">\u00abIl s\u2019agit d\u2019un couple en instance de divorce qui \u00e9tait en train de construire une maison\u00bb, selon la source officielle, pr\u00e9cisant que le p\u00e8re de famille appartenait \u00e0 la communaut\u00e9 des gens du voyage.<\/p>\n<p>                                            Un des corps a \u00e9t\u00e9 retrouv\u00e9 \u00e0 bord d\u2019un v\u00e9hicule utilitaire<\/p>\n<p class=\"fig-paragraph\">\u00abIl s\u2019agit d\u2019un couple en instance de divorce, qui \u00e9tait en train de construire une maison\u00bb, selon la source officielle, pr\u00e9cisant que le p\u00e8re de famille appartenait \u00e0 la communaut\u00e9 des gens du voyage. Un des corps a \u00e9t\u00e9 retrouv\u00e9 \u00e0 bord d\u2019un v\u00e9hicule utilitaire et les trois autres dans un mobil-home, selon L\u2019Est r\u00e9publicain. \u00abCe drame, qui a co\u00fbt\u00e9 la vie \u00e0 quatre personnes, dont deux enfants, plonge notre commune dans une profonde tristesse et suscite naturellement beaucoup d\u2019\u00e9motion parmi nous tous\u00bb, a d\u00e9clar\u00e9 dans un communiqu\u00e9 le maire, Alexandre Lacroix.<\/p>\n<p class=\"fig-paragraph\">Selon un homme crois\u00e9 par l\u2019AFP pr\u00e8s des lieux du drame et qui s\u2019est pr\u00e9sent\u00e9 comme son cousin, le p\u00e8re de famille, quadrag\u00e9naire, a commis le crime alors que sa belle-m\u00e8re venait chercher les enfants. \u00abIl a film\u00e9 la sc\u00e8ne et l\u2019a envoy\u00e9e \u00e0 sa femme en lui disant\u00a0: voil\u00e0 ce que tu m\u00e9rites\u00bb, avant de faire suivre les images \u00e0 ses fr\u00e8res, a racont\u00e9 le cousin, qui n\u2019a pas souhait\u00e9 donner son nom.<\/p>\n<p class=\"fig-paragraph\">Sa compagne voulait le quitter depuis une infid\u00e9lit\u00e9 qu\u2019il lui avait faite il y a plusieurs mois, a-t-il rapport\u00e9. Ils semblaient s\u2019\u00eatre r\u00e9concili\u00e9s, partant ensemble en vacances en Gr\u00e8ce cet \u00e9t\u00e9, mais mercredi, elle avait demand\u00e9 \u00e0 sa m\u00e8re d\u2019aller chercher les enfants en lui disant \u00abJe n\u2019ai plus envie d\u2019y retourner\u00bb, selon le r\u00e9cit du cousin. L\u2019homme travaillait dans le b\u00e2timent, selon un de ses voisins, qui dit avoir entendu \u00abdeux coups de fusil\u00bb.<\/p>\n","protected":false},"excerpt":{"rendered":"Les cadavres ont \u00e9t\u00e9 d\u00e9couverts mercredi soir sur un terrain abritant des caravanes. Le maire de Gy, commune&hellip;\n","protected":false},"author":2,"featured_media":1164672,"comment_status":"","ping_status":"","sticky":false,"template":"","format":"standard","meta":{"footnotes":"","_share_on_mastodon":"0"},"categories":[4],"tags":[11,6725,1011,27,3671,12,25],"class_list":["post-1164671","post","type-post","status-publish","format-standard","has-post-thumbnail","category-france","tag-actualites","tag-corps","tag-fr","tag-france","tag-haute-saone","tag-news","tag-republique-francaise"],"share_on_mastodon":{"url":"https:\/\/pubeurope.com\/@fr\/117206243579884242","error":""},"_links":{"self":[{"href":"https:\/\/www.europesays.com\/fr\/wp-json\/wp\/v2\/posts\/1164671","targetHints":{"allow":["GET"]}}],"collection":[{"href":"https:\/\/www.europesays.com\/fr\/wp-json\/wp\/v2\/posts"}],"about":[{"href":"https:\/\/www.europesays.com\/fr\/wp-json\/wp\/v2\/types\/post"}],"author":[{"embeddable":true,"href":"https:\/\/www.europesays.com\/fr\/wp-json\/wp\/v2\/users\/2"}],"replies":[{"embeddable":true,"href":"https:\/\/www.europesays.com\/fr\/wp-json\/wp\/v2\/comments?post=1164671"}],"version-history":[{"count":0,"href":"https:\/\/www.europesays.com\/fr\/wp-json\/wp\/v2\/posts\/1164671\/revisions"}],"wp:featuredmedia":[{"embeddable":true,"href":"https:\/\/www.europesays.com\/fr\/wp-json\/wp\/v2\/media\/1164672"}],"wp:attachment":[{"href":"https:\/\/www.europesays.com\/fr\/wp-json\/wp\/v2\/media?parent=1164671"}],"wp:term":[{"taxonomy":"category","embeddable":true,"href":"https:\/\/www.europesays.com\/fr\/wp-json\/wp\/v2\/categories?post=1164671"},{"taxonomy":"post_tag","embeddable":true,"href":"https:\/\/www.europesays.com\/fr\/wp-json\/wp\/v2\/tags?post=1164671"}],"curies":[{"name":"wp","href":"https:\/\/api.w.org\/{rel}","templated":true}]}}