{"id":1164673,"date":"2026-09-03T08:48:31","date_gmt":"2026-09-03T08:48:31","guid":{"rendered":"https:\/\/www.europesays.com\/fr\/1164673\/"},"modified":"2026-09-03T08:48:31","modified_gmt":"2026-09-03T08:48:31","slug":"quelle-equipe-type-pour-les-clubs-de-ligue-1-a-la-sortie-du-mercato","status":"publish","type":"post","link":"https:\/\/www.europesays.com\/fr\/1164673\/","title":{"rendered":"Quelle \u00e9quipe type pour les clubs de Ligue 1 \u00e0 la sortie du mercato ?"},"content":{"rendered":"<p class=\"Paragraph__content\" data-v-fefe221a=\"\">Apr\u00e8s deux mois et demi de n\u00e9gociations, le mercato s&rsquo;est termin\u00e9 ce mardi soir en France. Quelques march\u00e9s (Turquie, Arabie saoudite) ont beau rester ouverts pour plusieurs jours, voire semaines (le march\u00e9 saoudien ferme le 12 octobre), permettant quelques d\u00e9parts \u00e9ventuels, on en sait beaucoup plus sur les onze types des 18 \u00e9quipes de Ligue 1.<\/p>\n<p class=\"Paragraph__content\" data-v-fefe221a=\"\">Entre celles, comme Strasbourg, qui ont pratiquement tout chang\u00e9, et celles qui ont mis\u00e9 &#8211; ou \u00e9t\u00e9 contraintes &#8211; \u00e0 une certaine stabilit\u00e9 dans le sens des arriv\u00e9es, comme Brest ou Marseille, \u00e0 quoi ressembleront les \u00e9quipes type pour cette saison 2025-2026 ?<\/p>\n<p>Angers<\/p>\n<p class=\"Paragraph__content\" data-v-fefe221a=\"\">Avec des ressources tr\u00e8s limit\u00e9es, Angers a r\u00e9ussi quelques coups comme Amine El-Ouazzani (Braga, pr\u00eat), Anthony Lopes (Nantes, libre) ou Joseph Kalulu (Pau, 2 M\u20ac). Malgr\u00e9 <a href=\"https:\/\/www.lequipe.fr\/Football\/Actualites\/Mercato-jacques-ekomie-rejoint-officiellement-wrexham-en-provenance-d-angers\/1713890\" target=\"_blank\" rel=\"nofollow noopener\">la belle vente de Jacques Ekomi\u00e9<\/a> (8 M\u20ac \u00e0 Wrexham) et le d\u00e9part de plusieurs historiques (Capelle, Hanin, Bamba), le SCO se pr\u00e9sente avec huit titulaires d\u00e9j\u00e0 pr\u00e9sents l&rsquo;an dernier, en comptant le retour libre de Branco Van den Boomen (Ajax, d\u00e9j\u00e0 pr\u00eat\u00e9 de janvier \u00e0 juin).<\/p>\n<p>Auxerre<\/p>\n<p class=\"Paragraph__content\" data-v-fefe221a=\"\">L&rsquo;AJA a chang\u00e9 de gardien, Mamadou Diop (Grenoble, 2 M\u20ac) rempla\u00e7ant Donovan L\u00e9on, parti en Arabie saoudite. Mais outre la belle pioche Arthur Piedfort (Westerlo, 5 M\u20ac), le pari Axel Tuanzebe (Burnley, libre) et le pr\u00eat avec option d&rsquo;achat de R\u00e9my Labeau-Lascary (Lens), Auxerre conserve une base de l&rsquo;an pass\u00e9. Et si des cadres comme Lassine Sinayoko (Paris FC, 7,5 M\u20ac), Gideon Mensah (Cologne, libre) ou Elisha Owusu (Erzurumspor, 1 M\u20ac) sont partis, le club bourguignon a r\u00e9ussi <a href=\"https:\/\/www.lequipe.fr\/Football\/Actualites\/Mercato-a-auxerre-une-fin-de-mercato-suspendue-a-l-avenir-de-kevin-danois\/1713271\" target=\"_blank\" rel=\"nofollow noopener\">\u00e0 conserver son nouveau capitaine K\u00e9vin Danois<\/a>.<\/p>\n<p>Brest<\/p>\n<p class=\"Paragraph__content\" data-v-fefe221a=\"\">Brest est une des \u00e9quipes dont le onze type a le moins boug\u00e9, avec seulement deux changements : dans le but, o\u00f9 le Norv\u00e9gien Egil Selvik (pr\u00eat\u00e9 avec option d&rsquo;achat \u00e0 Watford) a remplac\u00e9 Gr\u00e9goire Coudert (Burnley, 2,9 M\u20ac) et, sur l&rsquo;aile droite, o\u00f9 <a href=\"https:\/\/www.lequipe.fr\/Football\/Actualites\/Mercato-brest-utilise-son-joker-pour-s-attacher-les-services-de-giovani-versini-en-provenance-de-pau\/1715578\" target=\"_blank\" rel=\"nofollow noopener\">Giovani Versini est arriv\u00e9 comme joker<\/a> de Pau, ce mercredi soir, pour pallier la perte de Romain Del Castillo (Osasuna, 1 M\u20ac).<\/p>\n<p>Le Havre<\/p>\n<p class=\"Paragraph__content\" data-v-fefe221a=\"\">Au Havre, le changement de cycle se mat\u00e9rialise par une grosse refonte de l&rsquo;effectif, avec des d\u00e9parts (Boufal, Diaw, Doucour\u00e9, Kechta, Lloris, Nego, Sangant\u00e9, Soumar\u00e9, Tour\u00e9) et plusieurs recrues, parmi lesquelles des paris comme Josh Maja (West Bromwich, libre), des pr\u00eats comme Ahmed Touba (Panathina\u00efkos), Elias Jelert (Galatasaray) ou Sota Nakamura (Hiroshima) et des retours, tels Timoth\u00e9e Pemb\u00e9l\u00e9 (Sunderland), Amir Richardson (Fiorentina) et Junior Mwanga (Strasbourg), tous d\u00e9j\u00e0 pass\u00e9s au HAC.<\/p>\n<p>Lens<\/p>\n<p class=\"Paragraph__content\" data-v-fefe221a=\"\">Plusieurs cadres (Sarr, Thomasson, Sangar\u00e9, Sa\u00efd) ont quitt\u00e9 Lens et, s&rsquo;il a fallu \u00e9toffer l&rsquo;effectif en vue de la Ligue des champions, le onze type n&rsquo;a pas \u00e9norm\u00e9ment chang\u00e9. Le double pivot a tout de m\u00eame \u00e9t\u00e9 remodel\u00e9, avec les paris Micha\u00ebl Cuisance (Hertha Berlin, 3,5 M\u20ac) et Yacine Titraoui (Charleroi, 8 M\u20ac), alors que Franjo Ivanovic est arriv\u00e9 de Benfica en pr\u00eat payant (2,5 M\u20ac) et que le d\u00e9fenseur international <a href=\"https:\/\/www.lequipe.fr\/Football\/Actualites\/Le-pret-sans-option-d-achat-de-jean-clair-todibo-a-lens-officialise\/1715270\" target=\"_blank\" rel=\"nofollow noopener\">Jean-Clair Todibo (West Ham, pr\u00eat)<\/a> ressemble \u00e0 une bonne pioche.<\/p>\n<p>Lille<\/p>\n<p class=\"Paragraph__content\" data-v-fefe221a=\"\">Au LOSC, les ventes tr\u00e8s lucratives d&rsquo;Ayyoub Bouaddi (Manchester City, 100 M\u20ac) et Matias Fernandez-Pardo (Newcastle, 65 M\u20ac) ont permis de remodeler le secteur offensif o\u00f9, si seul \u00d6nal Basar (NEC Nim\u00e8gue, 12 M\u20ac) figure dans notre \u00e9quipe type, Ayase Ueda (Feyenoord, 15 M\u20ac) aura beaucoup de temps de jeu. \u00c0 suivre aussi, les incorporations du milieu danois Maurits Kjaergaard (Salzbourg, 8 M\u20ac) et du gardien paraguayen Orlando Gill (San Lorenzo, 3,6 M\u20ac).<\/p>\n<p>Lorient<\/p>\n<p class=\"Paragraph__content\" data-v-fefe221a=\"\">Fort de sa belle saison pass\u00e9e, Lorient a perdu deux cadres, Laurent Abergel (Nice, libre) et Pablo Pagis (Paris FC, 15 M\u20ac). Dembo Sylla est revenu de son pr\u00eat au Red Star, alors que Rdjan Kuzmic (Viborg, 3 M\u20ac) est arriv\u00e9 sur le flanc droit en fin de mercato. Gabin Bernardeau (Nice, 1 M\u20ac) et Isak Jensen (Alkmaar, pr\u00eat) se disputeront une place en soutien du buteur Ibrahima Bald\u00e9 (Rodez, pr\u00eat avec option d&rsquo;achat).<\/p>\n<p>OL<\/p>\n<p class=\"Paragraph__content\" data-v-fefe221a=\"\">\u00c0 Lyon, Lo\u00efs Openda est arriv\u00e9 de la Juventus en pr\u00eat, alors que Keito Nakamura a sign\u00e9 ce mercredi comme joker, en provenance de Reims (1 M\u20ac + 19 de bonus) pour <a href=\"https:\/\/www.lequipe.fr\/Football\/Article\/Mercato-la-folle-soiree-de-l-ailier-de-l-ol-malick-fofana-finalement-transfere-a-sunderland-plutot-qu-a-crystal-palace\/1715357\" target=\"_blank\" rel=\"nofollow noopener\">remplacer Malick Fofana (Sunderland, 30 M\u20ac)<\/a>. Au milieu, Mads Bistrup (Salzbourg, 10,5 M\u20ac) aura une carte \u00e0 jouer, tout comme Felix Bacher (Estoril, 4,3 M\u20ac) et Zachary Athekame (pr\u00eat\u00e9 par l&rsquo;AC Milan), notamment pour remplacer Ainsley Maitland-Niles (Everton, 3,5 M\u20ac)<\/p>\n<p>Le Mans<\/p>\n<p class=\"Paragraph__content\" data-v-fefe221a=\"\">Promu surprise en Ligue 1, Le Mans a logiquement acquis des renforts d&rsquo;exp\u00e9rience, \u00e0 la fois en d\u00e9fense avec Djibril Sidib\u00e9 (Toulouse, libre) et en attaque avec Louis Mafouta (Guingamp) et Habib Diallo (Metz, 0,5 M\u20ac). Yasser Larouci (Troyes, libre) et Bilal Brahimi (Santos, libre) ressemblent \u00e0 de beaux paris, comme Raul Torrente (Dinamo Zagreb, pr\u00eat avec option d&rsquo;achat), dans un effectif qui n&rsquo;a pas connu de d\u00e9part majeur.<\/p>\n<p>OM<\/p>\n<p class=\"Paragraph__content\" data-v-fefe221a=\"\">Cas unique en Ligue 1, <a href=\"https:\/\/www.lequipe.fr\/Football\/Actualites\/Mercato-marseille-seule-equipe-du-big-5-sans-la-moindre-recrue-avec-bilbao\/1709492\" target=\"_blank\" rel=\"nofollow noopener\">Marseille n&rsquo;a pas recrut\u00e9<\/a>, min\u00e9 par des finances en berne. Parmi les titulaires de l&rsquo;an pass\u00e9, Geronimo Rulli (Manchester City, 2 M\u20ac), Leonardo Balerdi (AS Rome, pr\u00eat avec option d&rsquo;achat), Facundo Medina (Bayer Leverkusen 23 M\u20ac) et Mason Greenwood (Fenerbah\u00e7e, 39 M\u20ac) sont partis. \u00c0 noter que des joueurs de retour de pr\u00eat, comme Amine Harit ou Angel Gomes, figurent dans ce onze type.<\/p>\n<p>Monaco<\/p>\n<p class=\"Paragraph__content\" data-v-fefe221a=\"\">\u00c0 Monaco, Flavio Nazinho (Cercle Bruges, 5 M\u20ac) a remplac\u00e9 Caio Henrique (Ajax, 10,5 M\u20ac) sur le c\u00f4t\u00e9 gauche de la d\u00e9fense, alors que Sadibou San\u00e9 (Metz, 7 M\u20ac) a fait de m\u00eame pour Thilo Kehrer (pr\u00eat\u00e9 \u00e0 l&rsquo;Ajax). Maghnes Akliouche (PSG, 50 M\u20ac) n&rsquo;a pas \u00e9t\u00e9 remplac\u00e9, alors qu&rsquo;en attaque, nous avons fait le choix d&rsquo;incorporer Matthis Abline, arriv\u00e9 de Nantes contre 25 M\u20ac plut\u00f4t que Folarin Balogun, <a href=\"https:\/\/www.lequipe.fr\/Football\/Actualites\/-la-premiere-fois-que-je-vis-une-derniere-journee-pareille-la-version-de-thiago-scuro-sur-les-transferts-avortes-en-derniere-minute-de-folarin-balogun-et-de-lamine-camara\/1715489\" target=\"_blank\" rel=\"nofollow noopener\">dont le d\u00e9part n&rsquo;est pas \u00e0 exclure<\/a> dans les prochaines heures.<\/p>\n<p>Nice<\/p>\n<p class=\"Paragraph__content\" data-v-fefe221a=\"\">Nice a fait revenir Elye Wahi (Francfort, pr\u00eat avec option d&rsquo;achat) et mis\u00e9 sur Gauthier Hein (Metz, 1,7 M\u20ac) apr\u00e8s le d\u00e9part de Mohamed-Ali Cho (Hull City, 15 M\u20ac). Niels Nkounkou (Francfort, pr\u00eat) remplace Melvin Bard (Leeds), alors que le v\u00e9t\u00e9ran Axel Witsel (G\u00e9rone, 37 ans, libre) a palli\u00e9 la grave blessure de Laurent Abergel, arriv\u00e9 libre de Lorient. Le tout jeune d\u00e9fenseur Xavier Mandza (17 ans) semble, lui, mur pour prendre la suite de Dante.<\/p>\n<p>Paris FC<\/p>\n<p class=\"Paragraph__content\" data-v-fefe221a=\"\">Deux recrues offensives majeures, Pablo Pagis (Lorient, 15 M\u20ac) et Lassine Sinayoko (Auxerre, 7,5 M\u20ac), sont venues renforcer le PFC pour sa deuxi\u00e8me saison en Ligue 1. Pour le reste, l&rsquo;\u00e9quipe de Liam Rosenior n&rsquo;a pas boug\u00e9, puisque les autres renforts (Koleosho, Coppola) \u00e9taient d\u00e9j\u00e0 l\u00e0 l&rsquo;an pass\u00e9 et ont vu leur option d&rsquo;achat lev\u00e9e, alors que les d\u00e9parts, essentiellement des joueurs d\u00e9j\u00e0 pr\u00e9sents en Ligue 2, n&rsquo;ont pas de grande influence sur l&rsquo;\u00e9quipe type.<\/p>\n<p>PSG<\/p>\n<p class=\"Paragraph__content\" data-v-fefe221a=\"\">Le PSG pr\u00e9sente la m\u00eame \u00e9quipe type que l&rsquo;an dernier&#8230; car les renforts, comme Ferran Torres (Barcelone, 45 M\u20ac), Maghnes Akliouche (Monaco, 50 M\u20ac), Mika Godts (Ajax, 45 M\u20ac) et Lucas Digne (Aston Villa, 7 M\u20ac), renforcent surtout <a href=\"https:\/\/www.lequipe.fr\/Football\/Article\/Plus-de-polyvalence-mais-moins-de-variete-le-psg-nouvelle-version-est-il-plus-fort-que-celui-de-la-saison-derniere\/1715320\" target=\"_blank\" rel=\"nofollow noopener\">la profondeur d&rsquo;effectif<\/a>, amoindrie apr\u00e8s le d\u00e9part de Bradley Barcola (Liverpool, 125 M\u20ac). Si tant est qu&rsquo;il y ait vraiment une \u00e9quipe type, Luis Enrique \u00e9tant tr\u00e8s adepte des rotations en Ligue 1&#8230;<\/p>\n<p>Rennes<\/p>\n<p class=\"Paragraph__content\" data-v-fefe221a=\"\">Rennes a mis\u00e9 sur le Toulousain Charlie Cresswell (pr\u00eat payant avec option d&rsquo;achat) pour pallier la perte de J\u00e9r\u00e9my Jacquet, parti d\u00e9finitivement \u00e0 Liverpool. Eliezer Mayenda (Sunderland, 22 M\u20ac) a garni le couloir droit, alors qu&rsquo;Adrien Thomasson s&rsquo;est engag\u00e9 libre en provenance de Lens, dans une \u00e9quipe type relativement stable par rapport \u00e0 l&rsquo;an pass\u00e9.<\/p>\n<p>Strasbourg<\/p>\n<p class=\"Paragraph__content\" data-v-fefe221a=\"\"><a href=\"https:\/\/www.lequipe.fr\/Football\/Actualites\/Une-refonte-totale-strasbourg-a-enregistre-17-recrues-pendant-ce-mercato-estival\/1715334\" target=\"_blank\" rel=\"nofollow noopener\">Beaucoup de nouveaux venus \u00e0 Strasbourg<\/a>, o\u00f9 seuls Isma\u00ebl Doukour\u00e9, Samir El-Mourabet, Martial Godo et Gessime Yassine \u00e9taient d\u00e9j\u00e0 dans l&rsquo;\u00e9quipe de la saison derni\u00e8re. Pour le reste, Strasbourg a \u00e9videmment accueilli des joueurs issus de Chelsea, la maison m\u00e8re (Antwi, Essugo), mais aussi des paris comme Oso (S\u00e9ville), Giovanni Reyna (M\u00f6nchengladbach) ou Jacobo Ortega (Real Madrid), pr\u00e9f\u00e9r\u00e9 dans cette \u00e9quipe \u00e0 Joaquin Panichelli, dont la date du retour de blessure n&rsquo;est pas fix\u00e9e.<\/p>\n<p>Toulouse<\/p>\n<p class=\"Paragraph__content\" data-v-fefe221a=\"\">Le T\u00e9f\u00e9c\u00e9 a chang\u00e9 la moiti\u00e9 de son \u00e9quipe type et prospect\u00e9 \u00e0 l&rsquo;\u00e9tranger, avec une nouvelle paire de lat\u00e9raux form\u00e9e par Christ Tap\u00e9 (Horsens, 2,5 M\u20ac) et Niko Sigur (Hajduk Split, 4 M\u20ac), pour palier, notamment, le d\u00e9part de Dayann Methalie (Sunderland, 28 M\u20ac). Devant, le d\u00e9part d&rsquo;Emersonn (Ipswich Town, 28 M\u20ac \u00e9galement) a conduit \u00e0 l&rsquo;arriv\u00e9e de Casper Tengstedt (Feyenoord, 4 M\u20ac), alors que Sion Oppong (Brommapojkarna, 4 M\u20ac) et Thomas J\u00f6rgensen (Viborg, 7,5 M\u20ac) sont aussi dans cette \u00e9quipe type, au contraire de Yann Gboho, <a href=\"https:\/\/www.lequipe.fr\/Football\/Actualites\/Toulouse-avec-ses-huit-recrues\/1715506\" target=\"_blank\" rel=\"nofollow noopener\">pas convoqu\u00e9 pour d\u00e9fier Lens<\/a> ce jeudi et en partance.<\/p>\n<p>Troyes<\/p>\n<p class=\"Paragraph__content\" data-v-fefe221a=\"\">Pour exister en Ligue 1, le promu troyen a flair\u00e9 quelques bonnes affaires comme Hugo Picard (Columbus Crew, pr\u00eat avec option d&rsquo;achat) ou Iron Gomis (Zira FK, libre), et profit\u00e9 de ses liens avec le City Football Group pour enr\u00f4ler J\u00e9r\u00e9my Le Douaron (Palerme, pr\u00eat) ou le gardien Patrick Beach (Melbourne City, 1,7 M\u20ac). Des renforts indispensables, alors que des cadres de la mont\u00e9e comme Tawfik Bentayeb (Rabat, retour de pr\u00eat), Mathys Detourbet (Manchester City, 25 M\u20ac) ou encore Martin Adeline (Hambourg, 4 M\u20ac) sont partis.<\/p>\n","protected":false},"excerpt":{"rendered":"Apr\u00e8s deux mois et demi de n\u00e9gociations, le mercato s&rsquo;est termin\u00e9 ce mardi soir en France. Quelques march\u00e9s&hellip;\n","protected":false},"author":2,"featured_media":1164674,"comment_status":"","ping_status":"","sticky":false,"template":"","format":"standard","meta":{"footnotes":"","_share_on_mastodon":"0"},"categories":[2],"tags":[11,113753,1438,120059,4245,3450,86798,63,1011,27,5162,120057,2191,4253,120055,66,1307,1781,2428,95701,884,120060,3127,12,2401,120056,445,92,119690,1833,584,105443,640,2312,93192,1964,120058],"class_list":["post-1164673","post","type-post","status-publish","format-standard","has-post-thumbnail","category-actualites","tag-actualites","tag-aller-3e-journe","tag-angers","tag-angers-rennes","tag-auxerre","tag-brest","tag-breves-et-depeches","tag-football","tag-fr","tag-france","tag-le-havre","tag-le-havre-brest","tag-le-mans","tag-lens","tag-lens-lorient","tag-ligue-1","tag-lille","tag-lorient","tag-lyon","tag-lyon-auxerre","tag-marseille","tag-marseille-paris-fc","tag-monaco","tag-news","tag-nice","tag-nice-le-mans","tag-paris-fc","tag-paris-sg","tag-paris-sg-monaco","tag-redaction","tag-rennes","tag-saison-2026-2027","tag-strasbourg","tag-toulouse","tag-toulouse-lille","tag-troyes","tag-troyes-strasbourg"],"share_on_mastodon":{"url":"https:\/\/pubeurope.com\/@fr\/117206247481658252","error":""},"_links":{"self":[{"href":"https:\/\/www.europesays.com\/fr\/wp-json\/wp\/v2\/posts\/1164673","targetHints":{"allow":["GET"]}}],"collection":[{"href":"https:\/\/www.europesays.com\/fr\/wp-json\/wp\/v2\/posts"}],"about":[{"href":"https:\/\/www.europesays.com\/fr\/wp-json\/wp\/v2\/types\/post"}],"author":[{"embeddable":true,"href":"https:\/\/www.europesays.com\/fr\/wp-json\/wp\/v2\/users\/2"}],"replies":[{"embeddable":true,"href":"https:\/\/www.europesays.com\/fr\/wp-json\/wp\/v2\/comments?post=1164673"}],"version-history":[{"count":0,"href":"https:\/\/www.europesays.com\/fr\/wp-json\/wp\/v2\/posts\/1164673\/revisions"}],"wp:featuredmedia":[{"embeddable":true,"href":"https:\/\/www.europesays.com\/fr\/wp-json\/wp\/v2\/media\/1164674"}],"wp:attachment":[{"href":"https:\/\/www.europesays.com\/fr\/wp-json\/wp\/v2\/media?parent=1164673"}],"wp:term":[{"taxonomy":"category","embeddable":true,"href":"https:\/\/www.europesays.com\/fr\/wp-json\/wp\/v2\/categories?post=1164673"},{"taxonomy":"post_tag","embeddable":true,"href":"https:\/\/www.europesays.com\/fr\/wp-json\/wp\/v2\/tags?post=1164673"}],"curies":[{"name":"wp","href":"https:\/\/api.w.org\/{rel}","templated":true}]}}