{"id":116469,"date":"2025-05-21T09:06:09","date_gmt":"2025-05-21T09:06:09","guid":{"rendered":"https:\/\/www.europesays.com\/fr\/116469\/"},"modified":"2025-05-21T09:06:09","modified_gmt":"2025-05-21T09:06:09","slug":"michel-cymes-depose-deux-plaintes-pour-injures-et-diffamation-contre-cyril-hanouna","status":"publish","type":"post","link":"https:\/\/www.europesays.com\/fr\/116469\/","title":{"rendered":"Michel Cymes d\u00e9pose deux plaintes pour \u00abinjures et diffamation\u00bb contre Cyril Hanouna"},"content":{"rendered":"<p>Comme il l\u2019avait annonc\u00e9 en f\u00e9vrier dernier, le m\u00e9decin a d\u00e9cid\u00e9 de donner une tournure judiciaire \u00e0 son conflit avec le futur animateur de W9. Explications.<\/p>\n<p class=\"fig-paragraph\">Depuis pr\u00e8s de dix ans, <strong>Michel Cymes<\/strong> et <strong>Cyril Hanouna<\/strong> ne s\u2019entendent plus. Lass\u00e9 d\u2019\u00eatre critiqu\u00e9 \u00e0 maintes reprises dans \u00ab Touche pas \u00e0 mon poste!\u00a0\u00bb sur C8, notamment de la voix de Gilles Verdez, le m\u00e9decin aujourd\u2019hui \u00e2g\u00e9 de 67 ans a d\u00e9cid\u00e9 de porter plainte pour d\u00e9noncer les insultes dont il est la cible. \u00ab J\u2019estime qu\u2019on est dans un \u00c9tat de droit et que les insultes sont interdites, encore plus quand elles sont en public comme \u00e7a. Et donc, je fais ce que d\u2019autres n\u2019ont pas fait avant moi, je porte plainte\u00a0\u00bb,\u00a0<a href=\"http:\/\/tvmag.lefigaro.fr\/programme-tv\/actu-tele\/mon-amie-karine-le-marchand-ne-lui-pardonnera-jamais-ce-qu-il-a-fait-michel-cymes-accable-cyril-hanouna-20250306\" target=\"_blank\" data-fig-type=\"Article\" rel=\"noopener\" data-gtm-custom-categorie=\"navigation\" data-gtm-custom-action=\"crossclick\" data-gtm-custom-label=\"Contextuel\" data-gtm-event=\"customEventSPE\" data-fig-domain=\"TVMAG\">avait d\u00e9clar\u00e9 l\u2019ancien animateur de France 5 \u00e0 Puremedias<\/a>.<\/p>\n<p class=\"fig-paragraph\">Selon nos confr\u00e8res du Parisien \/ Aujourd\u2019hui en France, deux plaintes ont \u00e9t\u00e9 d\u00e9pos\u00e9es le 16 mai \u00e0 Paris par Michel Cymes. La premi\u00e8re pour \u00ab injures\u00a0\u00bb prof\u00e9r\u00e9es lors de l\u2019\u00e9mission\u00a0<a href=\"http:\/\/tvmag.lefigaro.fr\/programme-tv\/people\/je-suis-parti-du-studio-pourquoi-cyril-hanouna-a-t-il-subitement-quitte-on-marche-sur-la-tete-sur-europe-1-20240918\" target=\"_blank\" data-fig-type=\"Article\" rel=\"noopener\" data-gtm-custom-categorie=\"navigation\" data-gtm-custom-action=\"crossclick\" data-gtm-custom-label=\"Contextuel\" data-gtm-event=\"customEventSPE\" data-fig-domain=\"TVMAG\">\u00ab On marche sur la t\u00eate\u00a0\u00bb<\/a>\u00a0diffus\u00e9e le 17 f\u00e9vrier sur Europe 1 o\u00f9 Cyril Hanouna avait d\u00e9clar\u00e9\u00a0: \u00ab Michel Cymes, ce n\u2019est pas le mec qui avait dit que le Covid \u00e9tait une grippette\u00a0? Je ne sais m\u00eame pas ce qu\u2019il fait comme m\u00e9tier. Il s\u2019est improvis\u00e9 animateur, il s\u2019est improvis\u00e9 m\u00e9decin. C\u2019est un v\u00e9ritable abruti par contre, \u00e7a, il ne s\u2019est pas improvis\u00e9\u00a0\u00bb.<\/p>\n<p class=\"fig-body-link\">\n            \u00c0 lire aussi<br \/>\n        <a class=\"fig-body-link__link\" href=\"http:\/\/tvmag.lefigaro.fr\/programme-tv\/actu-tele\/michel-cymes-vs-cyril-hanouna-chronologie-de-pres-de-dix-ans-de-conflit-20250306\" target=\"_blank\" data-fig-type=\"Article\" rel=\"noopener\" data-gtm-custom-categorie=\"navigation\" data-gtm-custom-action=\"crossclick\" data-gtm-custom-label=\"Contextuel\" data-gtm-event=\"customEventSPE\" data-fig-domain=\"TVMAG\">Michel Cymes vs. Cyril Hanouna\u00a0: chronologie de pr\u00e8s de dix ans de conflit<br \/>\n    <\/a>\n<\/p>\n<p class=\"fig-paragraph\">La deuxi\u00e8me plainte est constitu\u00e9e pour \u00ab injures et diffamation\u00a0\u00bb contre Cyril Hanouna et\u00a0<a href=\"https:\/\/tvmag.lefigaro.fr\/programme-tv\/affaire-jean-michel-maire-le-chroniqueur-reagit-apres-la-plainte-de-soraya-riffy_79db86be-33e3-11e8-a55a-f4fe4e0c3bb9\" target=\"_blank\" data-fig-type=\"Article\" rel=\"noopener\" data-gtm-custom-categorie=\"navigation\" data-gtm-custom-action=\"crossclick\" data-gtm-custom-label=\"Contextuel\" data-gtm-event=\"customEventSPE\" data-fig-domain=\"TVMAG\">Jean-Michel Maire<\/a>\u00a0durant les num\u00e9ros de \u00ab Touche pas \u00e0 mon poste!\u00a0\u00bb des 17 et 18 f\u00e9vrier sur C8. \u00ab Ce n\u2019est pas non plus la chips la plus croustillante du paquet. (&#8230;) Il est con comme une pendule, ce n\u2019est pas Big Ben\u00a0\u00bb, avait d\u00e9clar\u00e9 l\u2019animateur tandis que son chroniqueur avait assur\u00e9 que Michel Cymes n\u2019\u00e9tait plus m\u00e9decin par obligation. Une \u00ab fausse information\u00a0\u00bb selon l\u2019int\u00e9ress\u00e9.<\/p>\n<p class=\"fig-paragraph\">L\u2019avocate de\u00a0<a href=\"https:\/\/tvmag.lefigaro.fr\/programme-tv\/actu-tele\/mon-amie-karine-le-marchand-ne-lui-pardonnera-jamais-ce-qu-il-a-fait-michel-cymes-accable-cyril-hanouna-20250306?tblci=GiDGCpADP60zMCA5FKyc6RC8hUD9SLup3WJLaF8drJ34ayDwzEYondK95f_PuoQ9\" target=\"_blank\" data-fig-type=\"Article\" rel=\"noopener\" data-gtm-custom-categorie=\"navigation\" data-gtm-custom-action=\"crossclick\" data-gtm-custom-label=\"Contextuel\" data-gtm-event=\"customEventSPE\" data-fig-domain=\"TVMAG\">Michel Cymes<\/a>, Me Florence Watrin, a d\u00e9clar\u00e9 \u00e0 nos confr\u00e8res que ce dernier \u00e9tait l\u2019objet \u00ab d\u2019une attention toute particuli\u00e8re\u00a0\u00bb de la part de Cyril Hanouna depuis des ann\u00e9es.<\/p>\n<p>\u00a0\u00bb<br \/>\n        data-script=\u00a0\u00bbhttps:\/\/static.lefigaro.fr\/widget-video\/short-ttl\/video\/index.js\u00a0\u00bb<br \/>\n    &gt;<\/p>\n","protected":false},"excerpt":{"rendered":"Comme il l\u2019avait annonc\u00e9 en f\u00e9vrier dernier, le m\u00e9decin a d\u00e9cid\u00e9 de donner une tournure judiciaire \u00e0 son&hellip;\n","protected":false},"author":2,"featured_media":116470,"comment_status":"","ping_status":"","sticky":false,"template":"","format":"standard","meta":{"footnotes":""},"categories":[1356],"tags":[976,1000,1083,58,59,1011,27,1714,1718,11712,1713,973,1717,1715,1716,252,1364],"class_list":{"0":"post-116469","1":"post","2":"type-post","3":"status-publish","4":"format-standard","5":"has-post-thumbnail","7":"category-television","8":"tag-actu-people","9":"tag-celebrites","10":"tag-cyril-hanouna","11":"tag-divertissement","12":"tag-entertainment","13":"tag-fr","14":"tag-france","15":"tag-info-people","16":"tag-infos-people-du-jour","17":"tag-michel-cymes","18":"tag-news-people","19":"tag-people","20":"tag-photo-people","21":"tag-potins-de-stars","22":"tag-potins-people","23":"tag-television","24":"tag-tv"},"share_on_mastodon":{"url":"https:\/\/pubeurope.com\/@fr\/114545032098199274","error":""},"_links":{"self":[{"href":"https:\/\/www.europesays.com\/fr\/wp-json\/wp\/v2\/posts\/116469","targetHints":{"allow":["GET"]}}],"collection":[{"href":"https:\/\/www.europesays.com\/fr\/wp-json\/wp\/v2\/posts"}],"about":[{"href":"https:\/\/www.europesays.com\/fr\/wp-json\/wp\/v2\/types\/post"}],"author":[{"embeddable":true,"href":"https:\/\/www.europesays.com\/fr\/wp-json\/wp\/v2\/users\/2"}],"replies":[{"embeddable":true,"href":"https:\/\/www.europesays.com\/fr\/wp-json\/wp\/v2\/comments?post=116469"}],"version-history":[{"count":0,"href":"https:\/\/www.europesays.com\/fr\/wp-json\/wp\/v2\/posts\/116469\/revisions"}],"wp:featuredmedia":[{"embeddable":true,"href":"https:\/\/www.europesays.com\/fr\/wp-json\/wp\/v2\/media\/116470"}],"wp:attachment":[{"href":"https:\/\/www.europesays.com\/fr\/wp-json\/wp\/v2\/media?parent=116469"}],"wp:term":[{"taxonomy":"category","embeddable":true,"href":"https:\/\/www.europesays.com\/fr\/wp-json\/wp\/v2\/categories?post=116469"},{"taxonomy":"post_tag","embeddable":true,"href":"https:\/\/www.europesays.com\/fr\/wp-json\/wp\/v2\/tags?post=116469"}],"curies":[{"name":"wp","href":"https:\/\/api.w.org\/{rel}","templated":true}]}}