{"id":1164699,"date":"2026-09-03T09:08:21","date_gmt":"2026-09-03T09:08:21","guid":{"rendered":"https:\/\/www.europesays.com\/fr\/1164699\/"},"modified":"2026-09-03T09:08:21","modified_gmt":"2026-09-03T09:08:21","slug":"un-artiste-de-renom-en-region-parisienne-il-decouvre-une-peinture-de-1926-figurant-sa","status":"publish","type":"post","link":"https:\/\/www.europesays.com\/fr\/1164699\/","title":{"rendered":"\u00ab\u00a0Un artiste de renom\u00a0\u00bb\u00a0: en r\u00e9gion parisienne, il d\u00e9couvre une peinture de 1926 figurant sa"},"content":{"rendered":"<p>Pierrick Noury, originaire de La Guerche-de-Bretagne, a d\u00e9couvert r\u00e9cemment, en r\u00e9gion parisienne, une huile sur panneau, datant d\u2019il y a un si\u00e8cle et repr\u00e9sentant la rue du Cheval-Blanc de La Guerche-de-Bretagne, pr\u00e8s de Vitr\u00e9 (Ille-et-Vilaine).<\/p>\n<p>Int\u00e9r\u00eat patrimonial<\/p>\n<p>D\u00e9couverte qu\u2019il souhaite la porter \u00e0 la connaissance des Guerchais. En effet, cette toile, datant de 1926, est int\u00e9ressante d\u2019un point de vue patrimonial car on y voit les maisons \u00e0 porches mais aussi, en fond, une partie des halles h\u00e9rit\u00e9es du Moyen \u00c2ge et <a href=\"https:\/\/vitre.maville.com\/actu\/actudet_-a-la-guerche-de-bretagne-la-salorge-et-sa-place-sont-un-concentre-d-histoire-_7-5880400_actu.Htm\" target=\"_blank\" rel=\"nofollow noopener\">qui \u00e9taient attenantes au b\u00e2timent la Salorge<\/a>.<\/p>\n<p><strong>\u00ab\u00a0Cette \u0153uvre a \u00e9t\u00e9 peinte par un artiste de renom, Pierre Pelhate n\u00e9 \u00e0 Ess\u00e9 en 1876 et d\u00e9c\u00e9d\u00e9 \u00e0 Janz\u00e9 en 1973. Le Mus\u00e9e des Beaux-Arts de Rennes poss\u00e8de d\u2019ailleurs un grand nombre d\u2019\u0153uvres graphiques,\u00a0\u00bb<\/strong> raconte Pierrick Noury. Au travers de cette d\u00e9couverte, le Guerchais souhaite mettre en lumi\u00e8re cet artiste parfois oubli\u00e9 et connu principalement pour ses travaux d\u2019illustrations\u00a0(magazine \u00ab\u00a0les Belles Histoires\u00a0\u00bb et \u00ab\u00a0J\u2019aime lire\u00a0\u00bb), ses gravures mais aussi pour ses peintures \u00e0 l\u2019huile dont sa plus c\u00e9l\u00e8bre, le toile \u00ab\u00a0La ramasseuse de pommes de terre\u00a0\u00bb.<\/p>\n<p>Cette huile sur panneau, d\u00e9couverte en r\u00e9gion parisienne, fait d\u00e9sormais partie de la collection de Pierrick Noury r\u00e9sidant d\u00e9sormais dans les C\u00f4tes-d\u2019Armor,<\/p>\n<p>\u00a0<\/p>\n","protected":false},"excerpt":{"rendered":"Pierrick Noury, originaire de La Guerche-de-Bretagne, a d\u00e9couvert r\u00e9cemment, en r\u00e9gion parisienne, une huile sur panneau, datant d\u2019il&hellip;\n","protected":false},"author":2,"featured_media":1164700,"comment_status":"","ping_status":"","sticky":false,"template":"","format":"standard","meta":{"footnotes":"","_share_on_mastodon":"0"},"categories":[2821],"tags":[120061,1111,11,2593,829,7052,4105,1777,674,16367,1011,27,848,12,58983,1585,16,584,75071,25,3728],"class_list":["post-1164699","post","type-post","status-publish","format-standard","has-post-thumbnail","category-rennes","tag-120061","tag-actu","tag-actualites","tag-artiste","tag-bretagne","tag-commune","tag-decouvre","tag-eu","tag-europe","tag-figurant","tag-fr","tag-france","tag-ille-et-vilaine","tag-news","tag-parisienne","tag-peinture","tag-region","tag-rennes","tag-renom","tag-republique-francaise","tag-saint-malo"],"share_on_mastodon":{"url":"","error":""},"_links":{"self":[{"href":"https:\/\/www.europesays.com\/fr\/wp-json\/wp\/v2\/posts\/1164699","targetHints":{"allow":["GET"]}}],"collection":[{"href":"https:\/\/www.europesays.com\/fr\/wp-json\/wp\/v2\/posts"}],"about":[{"href":"https:\/\/www.europesays.com\/fr\/wp-json\/wp\/v2\/types\/post"}],"author":[{"embeddable":true,"href":"https:\/\/www.europesays.com\/fr\/wp-json\/wp\/v2\/users\/2"}],"replies":[{"embeddable":true,"href":"https:\/\/www.europesays.com\/fr\/wp-json\/wp\/v2\/comments?post=1164699"}],"version-history":[{"count":0,"href":"https:\/\/www.europesays.com\/fr\/wp-json\/wp\/v2\/posts\/1164699\/revisions"}],"wp:featuredmedia":[{"embeddable":true,"href":"https:\/\/www.europesays.com\/fr\/wp-json\/wp\/v2\/media\/1164700"}],"wp:attachment":[{"href":"https:\/\/www.europesays.com\/fr\/wp-json\/wp\/v2\/media?parent=1164699"}],"wp:term":[{"taxonomy":"category","embeddable":true,"href":"https:\/\/www.europesays.com\/fr\/wp-json\/wp\/v2\/categories?post=1164699"},{"taxonomy":"post_tag","embeddable":true,"href":"https:\/\/www.europesays.com\/fr\/wp-json\/wp\/v2\/tags?post=1164699"}],"curies":[{"name":"wp","href":"https:\/\/api.w.org\/{rel}","templated":true}]}}