{"id":1164709,"date":"2026-09-03T09:13:15","date_gmt":"2026-09-03T09:13:15","guid":{"rendered":"https:\/\/www.europesays.com\/fr\/1164709\/"},"modified":"2026-09-03T09:13:15","modified_gmt":"2026-09-03T09:13:15","slug":"attentat-du-14-juillet-2016-le-maillot-hommage-de-logc-nice","status":"publish","type":"post","link":"https:\/\/www.europesays.com\/fr\/1164709\/","title":{"rendered":"Attentat du 14 juillet 2016 : le maillot hommage de l\u2019OGC Nice"},"content":{"rendered":"<p><strong>Dix ans apr\u00e8s l\u2019attentat du 14 juillet 2016, l\u2019OGC Nice et Kappa d\u00e9voilent un troisi\u00e8me maillot enti\u00e8rement d\u00e9di\u00e9 \u00e0 la m\u00e9moire des 86 victimes.<\/strong><\/p>\n<p>Un maillot pour ne jamais oublier. Dix ans apr\u00e8s l\u2019attentat du 14 juillet 2016, l\u2019<strong>OGC Nice<\/strong> et <strong>Kappa<\/strong> d\u00e9voilent un troisi\u00e8me maillot 2026-2027 enti\u00e8rement d\u00e9di\u00e9 \u00e0 la m\u00e9moire des 86 victimes. Une tenue sp\u00e9ciale qui sera port\u00e9e pour la premi\u00e8re fois le 5 septembre, \u00e0 l\u2019Allianz Riviera, face au <strong>Mans<\/strong>.<\/p>\n<p>Le Gym a choisi un maillot enti\u00e8rement dor\u00e9, une couleur faisant r\u00e9f\u00e9rence \u00e0 la lumi\u00e8re qui accompagne depuis dix ans les diff\u00e9rents hommages. Sur la face avant apparaissent 86 \u00e9toiles, une pour chaque victime. Leur disposition dessine la courbe de la Baie des Anges. La date \u00ab\u00a014 juillet 2016\u00a0\u00bb est \u00e9galement inscrite dans le dos, sous le col.<\/p>\n<blockquote class=\"instagram-media\" style=\"background: #FFF; border: 0; border-radius: 3px; box-shadow: 0 0 1px 0 rgba(0,0,0,0.5),0 1px 10px 0 rgba(0,0,0,0.15); margin: 1px; max-width: 540px; min-width: 326px; padding: 0; width: calc(100% - 2px);\" data-instgrm-captioned=\"\" data-instgrm-permalink=\"https:\/\/www.instagram.com\/p\/Dcx_eBIEV2T\/?utm_source=ig_embed&amp;utm_campaign=loading\" data-instgrm-version=\"14\">\n<\/blockquote>\n<p>Rencontre plac\u00e9e sous le signe du recueillement<\/p>\n<p>Ce troisi\u00e8me maillot pousse plus loin un hommage d\u00e9j\u00e0 pr\u00e9sent sur les tenues domicile et ext\u00e9rieure, o\u00f9 figure le \u00ab\u00a0\u00bb\u0153ur des victimes\u00a0\u00bb, compos\u00e9 des noms des 86 personnes disparues.<\/p>\n<p>La rencontre face au Mans sera elle aussi plac\u00e9e sous le signe du recueillement, avec une c\u00e9r\u00e9monie organis\u00e9e avant le coup d\u2019envoi. \u00c0 l\u2019issue du match, les maillots port\u00e9s par les joueurs seront vendus aux ench\u00e8res, avec les fonds revers\u00e9s aux associations de victimes.<\/p>\n<p><strong>A lire aussi<\/strong> : <a href=\"https:\/\/www.sportbuzzbusiness.fr\/inde-bresil-espagne-la-ligue-1-accelere-son-developpement-a-linternational.html\" target=\"_blank\" rel=\"noopener nofollow\">Inde, Br\u00e9sil, Espagne\u2026 La Ligue 1 acc\u00e9l\u00e8re son d\u00e9veloppement \u00e0 l\u2019international<\/a><\/p>\n<p>\t\t\t<script async src=\"\/\/www.instagram.com\/embed.js\"><\/script><\/p>\n","protected":false},"excerpt":{"rendered":"Dix ans apr\u00e8s l\u2019attentat du 14 juillet 2016, l\u2019OGC Nice et Kappa d\u00e9voilent un troisi\u00e8me maillot enti\u00e8rement d\u00e9di\u00e9&hellip;\n","protected":false},"author":2,"featured_media":1164710,"comment_status":"","ping_status":"","sticky":false,"template":"","format":"standard","meta":{"footnotes":"","_share_on_mastodon":"0"},"categories":[2819],"tags":[1111,11,5529,1777,674,1011,27,47010,2191,12,2401,2268,882,25],"class_list":["post-1164709","post","type-post","status-publish","format-standard","has-post-thumbnail","category-nice","tag-actu","tag-actualites","tag-allianz-riviera","tag-eu","tag-europe","tag-fr","tag-france","tag-kappa","tag-le-mans","tag-news","tag-nice","tag-ogc-nice","tag-provence-alpes-cote-dazur","tag-republique-francaise"],"share_on_mastodon":{"url":"","error":""},"_links":{"self":[{"href":"https:\/\/www.europesays.com\/fr\/wp-json\/wp\/v2\/posts\/1164709","targetHints":{"allow":["GET"]}}],"collection":[{"href":"https:\/\/www.europesays.com\/fr\/wp-json\/wp\/v2\/posts"}],"about":[{"href":"https:\/\/www.europesays.com\/fr\/wp-json\/wp\/v2\/types\/post"}],"author":[{"embeddable":true,"href":"https:\/\/www.europesays.com\/fr\/wp-json\/wp\/v2\/users\/2"}],"replies":[{"embeddable":true,"href":"https:\/\/www.europesays.com\/fr\/wp-json\/wp\/v2\/comments?post=1164709"}],"version-history":[{"count":0,"href":"https:\/\/www.europesays.com\/fr\/wp-json\/wp\/v2\/posts\/1164709\/revisions"}],"wp:featuredmedia":[{"embeddable":true,"href":"https:\/\/www.europesays.com\/fr\/wp-json\/wp\/v2\/media\/1164710"}],"wp:attachment":[{"href":"https:\/\/www.europesays.com\/fr\/wp-json\/wp\/v2\/media?parent=1164709"}],"wp:term":[{"taxonomy":"category","embeddable":true,"href":"https:\/\/www.europesays.com\/fr\/wp-json\/wp\/v2\/categories?post=1164709"},{"taxonomy":"post_tag","embeddable":true,"href":"https:\/\/www.europesays.com\/fr\/wp-json\/wp\/v2\/tags?post=1164709"}],"curies":[{"name":"wp","href":"https:\/\/api.w.org\/{rel}","templated":true}]}}