{"id":116473,"date":"2025-05-21T09:08:12","date_gmt":"2025-05-21T09:08:12","guid":{"rendered":"https:\/\/www.europesays.com\/fr\/116473\/"},"modified":"2025-05-21T09:08:12","modified_gmt":"2025-05-21T09:08:12","slug":"premiers-pas-et-premiers-spoilers-pour-le-film-marvel","status":"publish","type":"post","link":"https:\/\/www.europesays.com\/fr\/116473\/","title":{"rendered":"premiers pas&#8230; et premiers spoilers pour le film Marvel"},"content":{"rendered":"<p>Avengers\u00a0: Infinity War, Shrek ou encore le retour de Superman dans Justice League, on ne compte plus le nombre de fois o\u00f9 les g\u00e9ants de l\u2019industrie du jouet ont crach\u00e9 le morceau trop t\u00f4t. Une figurine de Thor avec une hache pour remplacer son marteau bris\u00e9, la princesse Fiona en ogresse chez Burger King ou encore le v\u00e9ritable nom du personnage camp\u00e9 par Jude Law dans Captain Marvel, les produits d\u00e9riv\u00e9s sont souvent une mine d\u2019informations pour les spectateurs les plus impatients.<\/p>\n<p><a href=\"https:\/\/www.journaldugeek.com\/dossier\/les-quatre-fantastiques-personnage-mysterieux-galactus-ce-quil-faut-comprendre-du-teaser\/\" target=\"_blank\" rel=\"noopener\">Les Quatre Fantastiques<\/a>, attendu de pied ferme par les adorateurs du Marvel Cinematic Universe, n\u2019y \u00e9chappe pas. L\u2019annonce de la sortie prochaine des produits <strong>Funko Pop<\/strong> apporte la confirmation de la pr\u00e9sence d\u2019un personnage que les images promotionnelles n\u2019avaient pas tout \u00e0 fait \u00e9voqu\u00e9. Si les lecteurs de comics connaissaient d\u00e9j\u00e0 les d\u00e9tails de ce volet de l\u2019intrigue, l\u2019entreprise sp\u00e9cialis\u00e9e dans la vente de figurine aux grands yeux et aux t\u00eates disproportionn\u00e9es<strong> en a peut-\u00eatre trop dit.<\/strong><\/p>\n<p><img loading=\"lazy\" decoding=\"async\" class=\"aligncenter size-full wp-image-50545991\" src=\"https:\/\/www.europesays.com\/fr\/wp-content\/uploads\/2025\/05\/bandeau-spoilers-jdg-def.jpg\" alt=\"Bandeau Spoilers Jdg Def\" width=\"1500\" height=\"300\"  \/><\/p>\n<p>Pour accompagner la sortie du film de Matt Shakman, Marvel s\u2019associe de nouveau \u00e0 <a href=\"https:\/\/www.journaldugeek.com\/2025\/04\/04\/vos-figurines-funko-pop-peuvent-valoir-des-milliers-deuros\/\" target=\"_blank\" rel=\"noopener\">Funko<\/a> et commercialisera des <strong>figurines \u00e0 l\u2019effigie de Reed Richards, Johnny Storm et Ben Grimm.<\/strong> Rien de bien \u00e9tonnant jusqu\u2019ici, les trois personnages sont au coeur de ce reboot. C\u2019est la bo\u00eete consacr\u00e9e <strong>\u00e0 Susan Storm<\/strong> qui pose probl\u00e8me. La femme invisible appara\u00eet en effet aux c\u00f4t\u00e9s <strong>d\u2019un enfant<\/strong>, baptis\u00e9 <strong>Franklin.<\/strong> Les lecteurs de comics le savent, il s\u2019agit du premier b\u00e9b\u00e9 du couple Storm-Richards. Dans la bande-annonce, on apprenait simplement que <strong>l\u2019h\u00e9ro\u00efne \u00e9tait enceinte de son premier enfant.<\/strong><\/p>\n<p> Qui est Franklin Richards? <\/p>\n<p>Dans les comics, Franklin Richards appara\u00eet <strong>pour la premi\u00e8re fois en 1968<\/strong> dans Fantastic Four Annual #6. Il est pr\u00e9sent\u00e9 comme <strong>un b\u00e9b\u00e9 tout \u00e0 fait normal<\/strong> mais d\u00e9veloppera peu \u00e0 peu des pouvoirs. Il peut manipuler la r\u00e9alit\u00e9, se t\u00e9l\u00e9porter et projeter de l\u2019\u00e9nergie. Au fil de ses aventures sur papier glac\u00e9, il croisera la route de quelques personnages embl\u00e9matiques de l\u2019\u00e9curie,<strong> \u00e0 commencer par Mephisto. <\/strong>Les liens entre les deux personnages sont t\u00e9nus, Kevin Feige pr\u00e9pare-t-il enfin l\u2019arriv\u00e9e de l\u2019entit\u00e9 d\u00e9moniaque que les spectateurs de WandaVision imaginaient \u00e0 l\u2019origine des probl\u00e8mes de la Sorci\u00e8re Rouge sur Disney+\u00a0?<\/p>\n<p> <img loading=\"lazy\" decoding=\"async\" class=\"size-full wp-image-50548947\" src=\"https:\/\/www.europesays.com\/fr\/wp-content\/uploads\/2025\/05\/sue-storm-funko-pop.jpg\" alt=\"Sue Storm Funko Pop\" width=\"1500\" height=\"1000\"  \/>\u00a9 Funko <\/p>\n<p>R\u00e9ponse prochainement, avec la sortie des <strong>Quatre Fantastiques\u00a0: Premiers Pas.<\/strong> Le film est attendu dans les salles obscures le <strong>23 juillet prochain.<\/strong> Il ne devrait pas s\u2019agir pour la narration d\u2019\u00e9voquer Mephisto, le film a d\u00e9j\u00e0 beaucoup \u00e0 faire. Il doit immortaliser la surfeuse d\u2019argent alors qu\u2019elle pr\u00e9vient l\u2019\u00e9quipe de Reed Richards de l\u2019arriv\u00e9e imminente de Galactus. Dans le m\u00eame temps, le film devra poser les bases d\u2019Avengers\u00a0: Doomsday. Il le fera sans doute<strong> au moyen d\u2019une sc\u00e8ne post-cr\u00e9dits<\/strong>, donnera aux spectateurs un premier aper\u00e7u de <a href=\"https:\/\/www.journaldugeek.com\/2024\/07\/28\/robert-downey-jr-est-de-retour-chez-marvel\/\" target=\"_blank\" rel=\"noopener\"><strong>Robert Downey Jr dans la peau de Fatalis.\u00a0<\/strong><\/a><\/p>\n<blockquote>\n<p class=\"text-base text-neutral-700 dark:text-neutral-300\">\ud83d\udfe3 Pour ne manquer aucune news sur le Journal du Geek, abonnez-vous sur <a href=\"https:\/\/news.google.com\/publications\/CAAqBwgKMNr_hAswwYyCAw?hl=fr&amp;gl=FR&amp;ceid=FR%3Afr\" target=\"_blank\" rel=\"noopener\">Google Actualit\u00e9s<\/a> et sur <a href=\"https:\/\/whatsapp.com\/channel\/0029VaClM5y4tRry12tb7D2h\" target=\"_blank\" rel=\"noopener\">notre WhatsApp<\/a>. Et si vous nous adorez, on a <a href=\"https:\/\/www.journaldugeek.com\/newsletter\/\" target=\"_blank\" rel=\"noopener\">une newsletter tous les matins<\/a>.<\/p>\n<\/blockquote>\n","protected":false},"excerpt":{"rendered":"Avengers\u00a0: Infinity War, Shrek ou encore le retour de Superman dans Justice League, on ne compte plus le&hellip;\n","protected":false},"author":2,"featured_media":116474,"comment_status":"","ping_status":"","sticky":false,"template":"","format":"standard","meta":{"footnotes":""},"categories":[1354],"tags":[58,59,1346,1011,27,23675,19170,2135,1360],"class_list":{"0":"post-116473","1":"post","2":"type-post","3":"status-publish","4":"format-standard","5":"has-post-thumbnail","7":"category-films","8":"tag-divertissement","9":"tag-entertainment","10":"tag-films","11":"tag-fr","12":"tag-france","13":"tag-funko","14":"tag-les-quatre-fantastiques","15":"tag-marvel","16":"tag-movies"},"share_on_mastodon":{"url":"https:\/\/pubeurope.com\/@fr\/114545040209799435","error":""},"_links":{"self":[{"href":"https:\/\/www.europesays.com\/fr\/wp-json\/wp\/v2\/posts\/116473","targetHints":{"allow":["GET"]}}],"collection":[{"href":"https:\/\/www.europesays.com\/fr\/wp-json\/wp\/v2\/posts"}],"about":[{"href":"https:\/\/www.europesays.com\/fr\/wp-json\/wp\/v2\/types\/post"}],"author":[{"embeddable":true,"href":"https:\/\/www.europesays.com\/fr\/wp-json\/wp\/v2\/users\/2"}],"replies":[{"embeddable":true,"href":"https:\/\/www.europesays.com\/fr\/wp-json\/wp\/v2\/comments?post=116473"}],"version-history":[{"count":0,"href":"https:\/\/www.europesays.com\/fr\/wp-json\/wp\/v2\/posts\/116473\/revisions"}],"wp:featuredmedia":[{"embeddable":true,"href":"https:\/\/www.europesays.com\/fr\/wp-json\/wp\/v2\/media\/116474"}],"wp:attachment":[{"href":"https:\/\/www.europesays.com\/fr\/wp-json\/wp\/v2\/media?parent=116473"}],"wp:term":[{"taxonomy":"category","embeddable":true,"href":"https:\/\/www.europesays.com\/fr\/wp-json\/wp\/v2\/categories?post=116473"},{"taxonomy":"post_tag","embeddable":true,"href":"https:\/\/www.europesays.com\/fr\/wp-json\/wp\/v2\/tags?post=116473"}],"curies":[{"name":"wp","href":"https:\/\/api.w.org\/{rel}","templated":true}]}}