{"id":1164733,"date":"2026-09-03T09:30:16","date_gmt":"2026-09-03T09:30:16","guid":{"rendered":"https:\/\/www.europesays.com\/fr\/1164733\/"},"modified":"2026-09-03T09:30:16","modified_gmt":"2026-09-03T09:30:16","slug":"fnac-darty-retenu-par-la-region-ile-de-france-pour-assurer-la-maintenance-et-la-reparation-des-pc-fournis-aux-lycees","status":"publish","type":"post","link":"https:\/\/www.europesays.com\/fr\/1164733\/","title":{"rendered":"Fnac Darty retenu par la R\u00e9gion \u00cele-de-France pour assurer la maintenance et la r\u00e9paration des PC fournis aux lyc\u00e9es"},"content":{"rendered":"<p>Le groupe Fnac Darty est retenu par la R\u00e9gion \u00cele-de-France pour assurer la maintenance et de la r\u00e9paration des 170.000 ordinateurs mis \u00e0 disposition des lyc\u00e9en\u00b7ne\u00b7s et enseignant\u00b7e\u00b7s de la r\u00e9gion. C\u2019est le constructeur Asus qui a \u00e9t\u00e9 retenu pour la fourniture des nouveaux \u00e9quipements de la rentr\u00e9e 2026-2027.\u00a0<\/p>\n<p>Il sera possible de d\u00e9poser son \u00e9quipement en panne et de le r\u00e9cup\u00e9rer dans un des 24 magasins Fnac d\u2019\u00cele-de-France, tandis que les r\u00e9parations seront r\u00e9alis\u00e9es dans un atelier sp\u00e9cialis\u00e9 du Groupe situ\u00e9 \u00e0 Noisy-le-Grand (93). Cet atelier mobilise pr\u00e8s de 90 expert\u00b7e\u00b7s pour effectuer 65.000 r\u00e9parations par an environ.<\/p>\n<p>Un communiqu\u00e9 pr\u00e9cise que ce dispositif concerne le plus important parc informatique \u00e9ducatif d\u2019Europe : \u00ab\u00a0Avec plus de 535.000 lyc\u00e9ens scolaris\u00e9s dans pr\u00e8s de 470 lyc\u00e9es publics, l\u2019\u00cele-de-France distribue chaque ann\u00e9e environ 170.000 ordinateurs aux \u00e9l\u00e8ves de seconde et aux enseignants. Depuis 2019, pr\u00e8s d\u2019un million d\u2019\u00e9quipements num\u00e9riques ont ainsi \u00e9t\u00e9 d\u00e9ploy\u00e9s sur le territoire r\u00e9gional\u00a0\u00bb. \u00a0<\/p>\n<p>La newsletter quotidienneL&rsquo;actu du channel chaque matin<\/p>\n<p class=\"nl-sub\">L&rsquo;essentiel de la distribution IT &amp; t\u00e9l\u00e9coms, chaque matin vers 7h dans votre bo\u00eete mail.<\/p>\n<p>\t\tRecevoir la newsletter<\/p>\n<p>?<\/p>\n<p class=\"cmo-suggestion-title\">Faute de frappe\u00a0?<\/p>\n<p class=\"cmo-suggestion-text\">Vouliez-vous dire \u00a0?<\/p>\n<p>\u2713<\/p>\n<p class=\"cmo-success-title\">Merci\u00a0!<\/p>\n<p class=\"cmo-success-line1\">V\u00e9rifiez votre bo\u00eete mail.<\/p>\n<p class=\"cmo-success-line2\">Un clic sur le lien de confirmation et c&rsquo;est valid\u00e9.<\/p>\n<p>\u2713<\/p>\n<p class=\"cmo-success-title\">Bonjour \u00e0 vous\u00a0!<\/p>\n<p class=\"cmo-success-line1\">Vous \u00eates d\u00e9j\u00e0 abonn\u00e9 \u00e0 ChannelNews actus.<\/p>\n<p class=\"cmo-success-line2\">Rendez-vous matin \u00e0 7h pour la prochaine \u00e9dition.<\/p>\n<p>L\u2019objectif est de garantir une remise en service des \u00e9quipements sous dix jours maximums apr\u00e8s validation du dossier.\u00a0<\/p>\n<p>Fnac Darty revendiquait r\u00e9cemment \u00eatre le premier r\u00e9parateur de France, avec 2,6 millions de produits r\u00e9par\u00e9s en 2025.<\/p>\n","protected":false},"excerpt":{"rendered":"Le groupe Fnac Darty est retenu par la R\u00e9gion \u00cele-de-France pour assurer la maintenance et de la r\u00e9paration&hellip;\n","protected":false},"author":2,"featured_media":1164734,"comment_status":"","ping_status":"","sticky":false,"template":"","format":"standard","meta":{"footnotes":"","_share_on_mastodon":"0"},"categories":[1592],"tags":[1111,11,1777,674,1011,27,662,120069,12,626,25],"class_list":["post-1164733","post","type-post","status-publish","format-standard","has-post-thumbnail","category-ile-de-france","tag-actu","tag-actualites","tag-eu","tag-europe","tag-fr","tag-france","tag-ile-de-france","tag-maintenance-hardware","tag-news","tag-paris","tag-republique-francaise"],"share_on_mastodon":{"url":"https:\/\/pubeurope.com\/@fr\/117206412726174327","error":""},"_links":{"self":[{"href":"https:\/\/www.europesays.com\/fr\/wp-json\/wp\/v2\/posts\/1164733","targetHints":{"allow":["GET"]}}],"collection":[{"href":"https:\/\/www.europesays.com\/fr\/wp-json\/wp\/v2\/posts"}],"about":[{"href":"https:\/\/www.europesays.com\/fr\/wp-json\/wp\/v2\/types\/post"}],"author":[{"embeddable":true,"href":"https:\/\/www.europesays.com\/fr\/wp-json\/wp\/v2\/users\/2"}],"replies":[{"embeddable":true,"href":"https:\/\/www.europesays.com\/fr\/wp-json\/wp\/v2\/comments?post=1164733"}],"version-history":[{"count":0,"href":"https:\/\/www.europesays.com\/fr\/wp-json\/wp\/v2\/posts\/1164733\/revisions"}],"wp:featuredmedia":[{"embeddable":true,"href":"https:\/\/www.europesays.com\/fr\/wp-json\/wp\/v2\/media\/1164734"}],"wp:attachment":[{"href":"https:\/\/www.europesays.com\/fr\/wp-json\/wp\/v2\/media?parent=1164733"}],"wp:term":[{"taxonomy":"category","embeddable":true,"href":"https:\/\/www.europesays.com\/fr\/wp-json\/wp\/v2\/categories?post=1164733"},{"taxonomy":"post_tag","embeddable":true,"href":"https:\/\/www.europesays.com\/fr\/wp-json\/wp\/v2\/tags?post=1164733"}],"curies":[{"name":"wp","href":"https:\/\/api.w.org\/{rel}","templated":true}]}}