{"id":1164735,"date":"2026-09-03T09:31:15","date_gmt":"2026-09-03T09:31:15","guid":{"rendered":"https:\/\/www.europesays.com\/fr\/1164735\/"},"modified":"2026-09-03T09:31:15","modified_gmt":"2026-09-03T09:31:15","slug":"il-frappe-sa-compagne-sur-le-point-daccoucher-a-caen-si-je-voulais-je-pourrais-te-tuer","status":"publish","type":"post","link":"https:\/\/www.europesays.com\/fr\/1164735\/","title":{"rendered":"Il frappe sa compagne sur le point d\u2019accoucher \u00e0 Caen : \u00ab Si je voulais, je pourrais te tuer \u00bb"},"content":{"rendered":"<p>                    Par<br \/>\n        <strong><br \/>\n            <a href=\"https:\/\/actu.fr\/auteur\/journaliste-liberte\" title=\"Consulter tous les articles de R\u00e9daction Caen\" rel=\"nofollow noopener\" target=\"_blank\">R\u00e9daction Caen<\/a><br \/>\n                    <\/strong><\/p>\n<p>        Publi\u00e9 le<\/p>\n<p>            3 sept. 2026 \u00e0 6h58        <\/p>\n<p>Mardi 1er\u00a0septembre 2026, Samy* (42\u00a0ans) a \u00e9t\u00e9 jug\u00e9 devant le <a href=\"https:\/\/actu.fr\/tag\/tribunal-de-caen\" rel=\"nofollow noopener\" target=\"_blank\">tribunal correctionnel<\/a> de <b>Caen (Calvados)<\/b> pour <b>violence conjugale<\/b> aggrav\u00e9e par deux circonstances, la vuln\u00e9rabilit\u00e9 de la victime et l\u2019alcoolisation du mis en cause. Les faits reproch\u00e9s se sont d\u00e9roul\u00e9s le jeudi 12\u00a0mars 2026 \u00e0 Caen. La victime \u00e9tait <b>\u00e0 quelques jours d\u2019accoucher<\/b>.<\/p>\n<p>Il l\u2019aurait repouss\u00e9e car elle le mena\u00e7ait avec un couteau<\/p>\n<p class=\" wall-content\">Lorsque la police arrive dans un immeuble \u00e0 Caen, elle trouve <b>un individu fort alcoolis\u00e9<\/b> dans le hall. L\u2019homme pr\u00e9tend s\u2019\u00eatre disput\u00e9 avec sa compagne qui l\u2019aurait <b>menac\u00e9 avec un couteau<\/b>. Alors, il se serait d\u00e9fendu en la <b>frappant au visage<\/b>, raconte-t-il aux policiers. \u00ab\u2009Une gifle ou un coup de poing\u2009\u00bb, il ne sait plus.<\/p>\n<p class=\" wall-content\">En d\u00e9pit du nombre d\u2019h\u00e9matomes et d\u2019ecchymoses que <b>la jeune femme enceinte<\/b> porte un peu partout sur le corps, Samy n\u2019en d\u00e9mord pas\u2009: il lui aurait juste mis une claque pour la repousser, \u00e0 cause du couteau qu\u2019elle tenait, elle serait alors tomb\u00e9e sur le lit. Il explique que, pr\u00e8s du lit, \u00ab\u2009il y a un meuble, une poussette\u2009\u00bb, qu\u2019elle aurait \u00ab\u2009pu s\u2019y cogner\u2009\u00bb\u2026<\/p>\n<p class=\" wall-content\">Cependant, lors de sa d\u00e9position, Nadia*, qui est \u00e0 quelques jours de son accouchement, affirme <b>n\u2019avoir jamais brandi de couteau<\/b>, et parle de coups et de menace. \u00ab\u2009Si je voulais, je pourrais te tuer\u2009\u00bb, lui aurait-il dit.<\/p>\n<p class=\" wall-content\">\u00c0 la barre, le pr\u00e9venu maintient sa version des faits. Certes, il \u00e9tait alcoolis\u00e9, mais il l\u2019a juste repouss\u00e9e car elle le mena\u00e7ait, assure-t-il de nouveau.<\/p>\n<p>Une petite fille est n\u00e9e<\/p>\n<p class=\" wall-content\">La justice conna\u00eet Samy puisqu\u2019il accuse <b>11 mentions dans son casier judiciaire<\/b>, notamment pour violence avec arme et extorsion par violence. \u00c0 part \u00e7a, des d\u00e9lits routiers et des peines relatives \u00e0 l\u2019usage de stup\u00e9fiants.<\/p>\n<p class=\" wall-content\">Comme il a \u00e9t\u00e9 plac\u00e9 sous contr\u00f4le judiciaire avec interdiction de contact, le couple ne s\u2019est pas revu depuis les faits. <b>Nadia a accouch\u00e9 d\u2019une petite fille<\/b>.<\/p>\n<blockquote class=\"ac-article-quote wall-content\">\n<p>Elle s\u2019est constitu\u00e9e partie civile pour conna\u00eetre le positionnement de Samy. En fonction de quoi, elle lui permettra ou non d\u2019avoir un r\u00f4le de p\u00e8re dans l\u2019\u00e9ducation de leur fille.<\/p>\n<p>L\u2019avocate de la victime, \u00e0 l\u2019audience<\/p><\/blockquote>\n<p>Sursis probatoire et retrait de l\u2019autorit\u00e9 parentale<\/p>\n<p class=\" wall-content\">Le pr\u00e9venu a \u00e9cop\u00e9 de <b>10\u00a0mois de prison avec sursis<\/b> et d\u2019un sursis probatoire de 24\u00a0mois. Il a interdiction, non pas de contact en fonction de l\u2019enfant commun, mais de se pr\u00e9senter au domicile de la victime, afin, comme l\u2019a sugg\u00e9r\u00e9 le procureur, qu\u2019elle puisse \u00ab\u2009\u00eatre tranquille chez elle\u2009\u00bb. Le tribunal prononce par ailleurs le <b>retrait de l\u2019exercice de l\u2019autorit\u00e9 parentale<\/b>.<\/p>\n<p class=\" wall-content\">*Pr\u00e9noms d\u2019emprunt.<\/p>\n<p class=\" wall-content\">Personnalisez votre actualit\u00e9 en ajoutant vos villes et m\u00e9dias en favori avec <a href=\"https:\/\/moncompte.actu.fr\" title=\"D\u00e9couvez Mon Actu\" rel=\"nofollow noopener\" data-trk=\"{&quot;cta&quot;:{&quot;action&quot;:&quot;https:\\\/\\\/moncompte.actu.fr&quot;,&quot;category&quot;:&quot;mon compte&quot;,&quot;from&quot;:&quot;article footer&quot;,&quot;name&quot;:&quot;Mon actu&quot;,&quot;type&quot;:&quot;cta&quot;}}\" target=\"_blank\">Mon Actu<\/a>.<\/p>\n","protected":false},"excerpt":{"rendered":"Par R\u00e9daction Caen Publi\u00e9 le 3 sept. 2026 \u00e0 6h58 Mardi 1er\u00a0septembre 2026, Samy* (42\u00a0ans) a \u00e9t\u00e9 jug\u00e9&hellip;\n","protected":false},"author":2,"featured_media":1164736,"comment_status":"","ping_status":"","sticky":false,"template":"","format":"standard","meta":{"footnotes":"","_share_on_mastodon":"0"},"categories":[1888],"tags":[1111,1928,11,1927,1777,674,118,1011,27,303,12,1926,626,1925,25,19500,798],"class_list":["post-1164735","post","type-post","status-publish","format-standard","has-post-thumbnail","category-paris","tag-actu","tag-actu-paris","tag-actualites","tag-actualites-paris","tag-eu","tag-europe","tag-faits-divers","tag-fr","tag-france","tag-justice","tag-news","tag-news-paris","tag-paris","tag-paris-news","tag-republique-francaise","tag-tribunal-de-caen","tag-violences-conjugales"],"share_on_mastodon":{"url":"https:\/\/pubeurope.com\/@fr\/117206416408735885","error":""},"_links":{"self":[{"href":"https:\/\/www.europesays.com\/fr\/wp-json\/wp\/v2\/posts\/1164735","targetHints":{"allow":["GET"]}}],"collection":[{"href":"https:\/\/www.europesays.com\/fr\/wp-json\/wp\/v2\/posts"}],"about":[{"href":"https:\/\/www.europesays.com\/fr\/wp-json\/wp\/v2\/types\/post"}],"author":[{"embeddable":true,"href":"https:\/\/www.europesays.com\/fr\/wp-json\/wp\/v2\/users\/2"}],"replies":[{"embeddable":true,"href":"https:\/\/www.europesays.com\/fr\/wp-json\/wp\/v2\/comments?post=1164735"}],"version-history":[{"count":0,"href":"https:\/\/www.europesays.com\/fr\/wp-json\/wp\/v2\/posts\/1164735\/revisions"}],"wp:featuredmedia":[{"embeddable":true,"href":"https:\/\/www.europesays.com\/fr\/wp-json\/wp\/v2\/media\/1164736"}],"wp:attachment":[{"href":"https:\/\/www.europesays.com\/fr\/wp-json\/wp\/v2\/media?parent=1164735"}],"wp:term":[{"taxonomy":"category","embeddable":true,"href":"https:\/\/www.europesays.com\/fr\/wp-json\/wp\/v2\/categories?post=1164735"},{"taxonomy":"post_tag","embeddable":true,"href":"https:\/\/www.europesays.com\/fr\/wp-json\/wp\/v2\/tags?post=1164735"}],"curies":[{"name":"wp","href":"https:\/\/api.w.org\/{rel}","templated":true}]}}