{"id":116475,"date":"2025-05-21T09:09:10","date_gmt":"2025-05-21T09:09:10","guid":{"rendered":"https:\/\/www.europesays.com\/fr\/116475\/"},"modified":"2025-05-21T09:09:10","modified_gmt":"2025-05-21T09:09:10","slug":"pourquoi-vacciner-contre-le-zona-chez-le-sujet-age","status":"publish","type":"post","link":"https:\/\/www.europesays.com\/fr\/116475\/","title":{"rendered":"Pourquoi vacciner contre le zona chez le sujet \u00e2g\u00e9 ?"},"content":{"rendered":"<p>Les douleurs postzost\u00e9riennes sont la principale complication du zona. La vaccination permet de pr\u00e9venir ces manifestations parfois tr\u00e8s invalidantes.<\/p>\n<p>Le zona r\u00e9sulte de la r\u00e9activation du virus varicelle-zona, acquis durant l\u2019enfance et rest\u00e9 latent dans les ganglions nerveux. Cette r\u00e9activation est favoris\u00e9e par l\u2019affaiblissement ou le vieillissement du syst\u00e8me immunitaire, ce qui explique l\u2019\u00e2ge m\u00e9dian de survenue de 65\u2004ans. Avec les ann\u00e9es, l\u2019incidence et la gravit\u00e9 du zona, ainsi que les douleurs postzost\u00e9riennes, augmentent nettement. Ces douleurs, de nature neuropathique, persistent au-del\u00e0 de trois mois, sont r\u00e9sistantes aux antalgiques usuels et souvent responsables d\u2019une alt\u00e9ration durable de la qualit\u00e9 de vie, voire d\u2019une perte d\u2019autonomie. Leur traitement (antid\u00e9presseurs, agoniste des canaux calciques, lidoca\u00efne topique et parfois\u00a0opiac\u00e9s) expose \u00e0 de nombreux effets ind\u00e9sirables.<\/p>\n<p>Le vaccin <a href=\"https:\/\/www.lemoniteurdespharmacies.fr\/therapeutique\/medicaments\/fiches-medicaments\/shingrix\" rel=\"nofollow noopener\" target=\"_blank\">Shingrix<\/a>, rembours\u00e9 depuis d\u00e9cembre\u00a02024, offre une protection de 79,3\u00a0% contre le zona et les douleurs postzost\u00e9riennes, alors\u00a0qu\u2019avec\u00a0l\u2019ancien vaccin <a href=\"https:\/\/www.lemoniteurdespharmacies.fr\/nouvelles-missions\/vaccination\/zostavax-et-enerzair-breezhaler-avec-capteur-arret-de-commercialisation\" rel=\"nofollow noopener\" target=\"_blank\">Zostavax<\/a> elle \u00e9tait de 46\u00a0%. <a href=\"https:\/\/www.lemoniteurdespharmacies.fr\/nouvelles-missions\/vaccination\/zona-la-has-recommande-lutilisation-du-vaccin-shingrix-pour-toutes-les-populations-ciblees\" rel=\"nofollow noopener\" target=\"_blank\">Recommand\u00e9 \u00e0 partir de 65\u2004ans<\/a>, que les\u00a0personnes aient d\u00e9j\u00e0 pr\u00e9sent\u00e9\u00a0un \u00e9pisode de zona ou non, le vaccin est administr\u00e9 en deux doses espac\u00e9es de deux mois. Malgr\u00e9 son efficacit\u00e9, la couverture vaccinale reste tr\u00e8s faible en France (1,3\u00a0%), d\u2019o\u00f9 l\u2019importance de renforcer l\u2019information sur cette\u00a0mesure pr\u00e9ventive pour pr\u00e9server l\u2019autonomie et la qualit\u00e9 de vie des personnes \u00e2g\u00e9es.<\/p>\n<p>Sources\u00a0: Haute Autorit\u00e9 de sant\u00e9\u00a0; VacciNews\u00a0; Vaccination-info-service.fr.<\/p>\n","protected":false},"excerpt":{"rendered":"Les douleurs postzost\u00e9riennes sont la principale complication du zona. La vaccination permet de pr\u00e9venir ces manifestations parfois tr\u00e8s&hellip;\n","protected":false},"author":2,"featured_media":116476,"comment_status":"","ping_status":"","sticky":false,"template":"","format":"standard","meta":{"footnotes":""},"categories":[10],"tags":[536,1011,27,72,71,4008,17581],"class_list":{"0":"post-116475","1":"post","2":"type-post","3":"status-publish","4":"format-standard","5":"has-post-thumbnail","7":"category-sante","8":"tag-communication","9":"tag-fr","10":"tag-france","11":"tag-health","12":"tag-sante","13":"tag-vaccins","14":"tag-zona"},"share_on_mastodon":{"url":"https:\/\/pubeurope.com\/@fr\/114545043943694508","error":""},"_links":{"self":[{"href":"https:\/\/www.europesays.com\/fr\/wp-json\/wp\/v2\/posts\/116475","targetHints":{"allow":["GET"]}}],"collection":[{"href":"https:\/\/www.europesays.com\/fr\/wp-json\/wp\/v2\/posts"}],"about":[{"href":"https:\/\/www.europesays.com\/fr\/wp-json\/wp\/v2\/types\/post"}],"author":[{"embeddable":true,"href":"https:\/\/www.europesays.com\/fr\/wp-json\/wp\/v2\/users\/2"}],"replies":[{"embeddable":true,"href":"https:\/\/www.europesays.com\/fr\/wp-json\/wp\/v2\/comments?post=116475"}],"version-history":[{"count":0,"href":"https:\/\/www.europesays.com\/fr\/wp-json\/wp\/v2\/posts\/116475\/revisions"}],"wp:featuredmedia":[{"embeddable":true,"href":"https:\/\/www.europesays.com\/fr\/wp-json\/wp\/v2\/media\/116476"}],"wp:attachment":[{"href":"https:\/\/www.europesays.com\/fr\/wp-json\/wp\/v2\/media?parent=116475"}],"wp:term":[{"taxonomy":"category","embeddable":true,"href":"https:\/\/www.europesays.com\/fr\/wp-json\/wp\/v2\/categories?post=116475"},{"taxonomy":"post_tag","embeddable":true,"href":"https:\/\/www.europesays.com\/fr\/wp-json\/wp\/v2\/tags?post=116475"}],"curies":[{"name":"wp","href":"https:\/\/api.w.org\/{rel}","templated":true}]}}