{"id":1164761,"date":"2026-09-03T09:45:19","date_gmt":"2026-09-03T09:45:19","guid":{"rendered":"https:\/\/www.europesays.com\/fr\/1164761\/"},"modified":"2026-09-03T09:45:19","modified_gmt":"2026-09-03T09:45:19","slug":"la-france-autorise-les-essais-sur-route-de-la-conduite-autonome-supervisee-de-tesla","status":"publish","type":"post","link":"https:\/\/www.europesays.com\/fr\/1164761\/","title":{"rendered":"La France autorise les essais sur route de la conduite autonome supervis\u00e9e de Tesla"},"content":{"rendered":"<p class=\"app_entry_lead\">\n                                                                                <a title=\"\u00a9 123RF\" href=\"https:\/\/www.europesays.com\/fr\/wp-content\/uploads\/2026\/09\/39543303.jpg\" class=\"fancy\"><\/p>\n<p>                            <img decoding=\"async\" src=\"https:\/\/www.europesays.com\/fr\/wp-content\/uploads\/2026\/09\/39543303.jpg\" alt=\"La France autorise les essais sur route de la conduite autonome supervis\u00e9e de Tesla\" width=\"1500\" height=\"1001\" fetchpriority=\"high\"\/><\/p>\n<p>                    <\/a><br \/>\n                                        Apr\u00e8s avoir jug\u00e9 le syst\u00e8me pas assez s\u00fbr, la France lance des essais sur route du dispositif Full Self-Driving supervis\u00e9 de Tesla.<\/p>\n<p>            Je m&rsquo;abonne aux Infos \u00e0 ne pas rater<\/p>\n<p>Six semaines apr\u00e8s avoir jug\u00e9 le syst\u00e8me pas assez s\u00fbr, la France s&rsquo;appr\u00eate \u00e0 franchir une nouvelle \u00e9tape dans le d\u00e9veloppement du FSD (Full Self-Driving) de Tesla, avec le lancement prochain d&rsquo;essais sur route de deux v\u00e9hicules \u00e9quip\u00e9s du dispositif.<\/p>\n<p>Le ministre des Transports, Philippe Tabarot, est l\u2019acteur politique principal de cette d\u00e9cision. Il s\u2019est entretenu ce mercredi soir avec le PDG de Tesla, Elon Musk, autour du dispositif de conduite autonome Full Self-Driving (soit \u00ab\u00a0Conduite enti\u00e8rement automatique\u00a0\u00bb en fran\u00e7ais) du constructeur am\u00e9ricain. \u00ab\u00a0Echange constructif ce soir avec @elonmusk autour du dispositif Full Self-Driving (FSD) de Tesla\u00a0\u00bb, a \u00e9crit sur X le ministre, pr\u00e9cisant que les autorit\u00e9s fran\u00e7aises travaillent \u00ab\u00a0depuis plusieurs mois\u00a0\u00bb avec le constructeur am\u00e9ricain sur les adaptations techniques n\u00e9cessaires \u00e0 son homologation. Cette homologation doit \u00eatre d\u00e9cid\u00e9e \u00ab\u00a0au niveau europ\u00e9en dans les prochaines semaines\u00a0\u00bb. \u00ab\u00a0Nous entrons d\u00e9sormais dans une nouvelle \u00e9tape\u00a0: celle des essais sur route\u00a0\u00bb, a pr\u00e9cis\u00e9 le ministre.<\/p>\n<p>Un changement de cap rapide<\/p>\n<p>Six semaines auparavant, le ministre des Transports affirmait que la France ne comptait pas autoriser \u00e0 ce stade le syst\u00e8me de conduite enti\u00e8rement automatique et supervis\u00e9e de Tesla, en \u00e9voquant des inqui\u00e9tudes sur son niveau de s\u00e9curit\u00e9. \u00ab\u00a0En France, on consid\u00e8re que ce syst\u00e8me apporte un certain nombre de progr\u00e8s technologiques mais que les contreparties en termes de s\u00e9curit\u00e9 ne sont pas encore suffisantes pour une autorisation en l&rsquo;\u00e9tat\u00a0\u00bb, avait-il d\u00e9clar\u00e9 dans une vid\u00e9o post\u00e9e sur la plateforme gouvernementale Agora.<\/p>\n<p>Baptis\u00e9 FSD Supervis\u00e9 \u2013 pour Full Self-Driving (Supervised) \u2013, ce syst\u00e8me exige pour l\u2019instant une surveillance active de la part du conducteur et ne rend pas le v\u00e9hicule autonome, explique la marque d\u2019Elon Musk sur son site. Cette technologie utilise une intelligence artificielle entra\u00een\u00e9e par les plus de six millions de v\u00e9hicules Tesla en circulation. Gr\u00e2ce \u00e0 des cam\u00e9ras ext\u00e9rieures sans angle mort, le FSD peut g\u00e9rer la conduite en ville ou sur autoroute, effectuer des cr\u00e9neaux, voire sortir d\u2019une place de parking pendant que le conducteur surveille depuis l\u2019ext\u00e9rieur du v\u00e9hicule.<\/p>\n<p>Le FSD \u00e9quipe d\u00e9j\u00e0 des millions de v\u00e9hicules aux Etats-Unis, au Canada, au Mexique, en Australie ou en Cor\u00e9e du Sud. Il a \u00e9t\u00e9 autoris\u00e9 mi-avril \u00e0 titre provisoire par les Pays-Bas, une premi\u00e8re en Europe. \u00ab\u00a0Les Pays-Bas ont d\u00e9cid\u00e9 de d\u00e9roger au cadre r\u00e9glementaire international et europ\u00e9en\u00a0\u00bb, qui pr\u00e9voit que le conducteur doit surveiller et rester ma\u00eetre du v\u00e9hicule en permanence. \u00ab\u00a0En g\u00e9n\u00e9ral, au moins une main doit rester sur le volant\u00a0\u00bb, pr\u00e9cisait courant juillet le ministre.<\/p>\n<p>Quatre autres pays de l\u2019Union europ\u00e9enne ont depuis suivi l\u2019exemple n\u00e9erlandais\u00a0: l\u2019Estonie, la Belgique, la Lituanie et le Danemark. Sur la d\u00e9clinaison fran\u00e7aise de son site internet, Tesla pr\u00e9cise que la disponibilit\u00e9 de cette fonctionnalit\u00e9 est \u00ab\u00a0en attente d\u2019approbation r\u00e9glementaire\u00a0\u00bb. Mais il souligne que l\u2019option est d\u00e9j\u00e0 accessible dans \u00ab\u00a0douze pays et ce n\u2019est pas fini\u00a0\u00bb.<\/p>\n<p>Les essais sur route des deux v\u00e9hicules Tesla \u00e9quip\u00e9s du FSD devraient permettre d\u2019\u00e9valuer concr\u00e8tement le dispositif sur le territoire national, en attendant une \u00e9ventuelle homologation europ\u00e9enne dans les prochaines semaines.<\/p>\n","protected":false},"excerpt":{"rendered":"Apr\u00e8s avoir jug\u00e9 le syst\u00e8me pas assez s\u00fbr, la France lance des essais sur route du dispositif Full&hellip;\n","protected":false},"author":2,"featured_media":1164762,"comment_status":"","ping_status":"","sticky":false,"template":"","format":"standard","meta":{"footnotes":"","_share_on_mastodon":"0"},"categories":[4],"tags":[11,35,120078,51761,51763,1011,27,12,51767,25],"class_list":["post-1164761","post","type-post","status-publish","format-standard","has-post-thumbnail","category-france","tag-actualites","tag-business","tag-cms-journaldunet-1554317","tag-controller-content","tag-format-papier","tag-fr","tag-france","tag-news","tag-parallaxeinfeed","tag-republique-francaise"],"share_on_mastodon":{"url":"https:\/\/pubeurope.com\/@fr\/117206472956088545","error":""},"_links":{"self":[{"href":"https:\/\/www.europesays.com\/fr\/wp-json\/wp\/v2\/posts\/1164761","targetHints":{"allow":["GET"]}}],"collection":[{"href":"https:\/\/www.europesays.com\/fr\/wp-json\/wp\/v2\/posts"}],"about":[{"href":"https:\/\/www.europesays.com\/fr\/wp-json\/wp\/v2\/types\/post"}],"author":[{"embeddable":true,"href":"https:\/\/www.europesays.com\/fr\/wp-json\/wp\/v2\/users\/2"}],"replies":[{"embeddable":true,"href":"https:\/\/www.europesays.com\/fr\/wp-json\/wp\/v2\/comments?post=1164761"}],"version-history":[{"count":0,"href":"https:\/\/www.europesays.com\/fr\/wp-json\/wp\/v2\/posts\/1164761\/revisions"}],"wp:featuredmedia":[{"embeddable":true,"href":"https:\/\/www.europesays.com\/fr\/wp-json\/wp\/v2\/media\/1164762"}],"wp:attachment":[{"href":"https:\/\/www.europesays.com\/fr\/wp-json\/wp\/v2\/media?parent=1164761"}],"wp:term":[{"taxonomy":"category","embeddable":true,"href":"https:\/\/www.europesays.com\/fr\/wp-json\/wp\/v2\/categories?post=1164761"},{"taxonomy":"post_tag","embeddable":true,"href":"https:\/\/www.europesays.com\/fr\/wp-json\/wp\/v2\/tags?post=1164761"}],"curies":[{"name":"wp","href":"https:\/\/api.w.org\/{rel}","templated":true}]}}